{"id":2717,"date":"2014-08-04T02:57:52","date_gmt":"2014-08-04T02:57:52","guid":{"rendered":"http:\/\/colegiomariareina.cl\/2013\/?p=2717"},"modified":"2014-08-04T02:57:52","modified_gmt":"2014-08-04T02:57:52","slug":"mision-de-vacaciones-de-invierno-del-12-al-16-de-agosto","status":"publish","type":"post","link":"https:\/\/colegiomariareina.cl\/2025\/mision-de-vacaciones-de-invierno-del-12-al-16-de-agosto\/","title":{"rendered":"MISI\u00d3N DE VACACIONES DE INVIERNO: Del 12 al 16 de Agosto .-"},"content":{"rendered":"<p>&nbsp;<\/p>\n<p>&nbsp;<\/p>\n<p style=\"text-align: justify;\">\u00a0\u00a0\u00a0\u00a0 Un grupo de J\u00f3venes de 1\u00b0 a 4\u00b0 medio\u00a0 junto a los profesores y hermanas\u00a0 respondieron a la invitaci\u00f3n del Se\u00f1or a ir al encuentro de los m\u00e1s necesitados y se embarcaron rumbo al norte, al interior de Ovalle. All\u00ed visitaron las\u00a0 casas y celebraron en algunos pueblos la fiesta de la Virgen del Carmen. Todos llegaron muy contentos y con ganas de seguir participando.<b> <\/b><\/p>\n<p>\u00a0<a href=\"http:\/\/colegiomariareina.cl\/2013\/wp-content\/uploads\/2014\/08\/fotos-misi\u00f3n-2.jpg\"><img loading=\"lazy\" decoding=\"async\" class=\"alignleft size-thumbnail wp-image-2715\" alt=\"fotos misi\u00f3n 2\" src=\"http:\/\/colegiomariareina.cl\/2013\/wp-content\/uploads\/2014\/08\/fotos-misi\u00f3n-2-100x100.jpg\" width=\"100\" height=\"100\" \/><\/a> <a href=\"http:\/\/colegiomariareina.cl\/2013\/wp-content\/uploads\/2014\/08\/fotos-misi\u00f3n-3.jpg\"><img loading=\"lazy\" decoding=\"async\" class=\"alignleft size-thumbnail wp-image-2716\" alt=\"fotos misi\u00f3n 3\" src=\"http:\/\/colegiomariareina.cl\/2013\/wp-content\/uploads\/2014\/08\/fotos-misi\u00f3n-3-100x100.jpg\" width=\"100\" height=\"100\" \/><\/a> <a href=\"http:\/\/colegiomariareina.cl\/2013\/wp-content\/uploads\/2014\/08\/fotos-misi\u00f3n-1.jpg\"><img loading=\"lazy\" decoding=\"async\" class=\"alignleft size-thumbnail wp-image-2714\" alt=\"fotos misi\u00f3n 1\" src=\"http:\/\/colegiomariareina.cl\/2013\/wp-content\/uploads\/2014\/08\/fotos-misi\u00f3n-1-100x100.jpg\" width=\"100\" height=\"100\" \/><\/a><\/p>\n","protected":false},"excerpt":{"rendered":"<p>&nbsp; &nbsp; \u00a0\u00a0\u00a0\u00a0 Un grupo de J\u00f3venes de 1\u00b0 a 4\u00b0 medio\u00a0 junto a los profesores y hermanas\u00a0 respondieron a la invitaci\u00f3n del Se\u00f1or a ir al encuentro de los m\u00e1s necesitados y se embarcaron rumbo al norte, al interior de Ovalle. All\u00ed visitaron las\u00a0 casas y celebraron en algunos pueblos la fiesta de la [&hellip;]<\/p>\n","protected":false},"author":1,"featured_media":2714,"comment_status":"open","ping_status":"open","sticky":false,"template":"","format":"standard","meta":{"_et_pb_use_builder":"","_et_pb_old_content":"","_et_gb_content_width":"","footnotes":""},"categories":[3],"tags":[],"class_list":["post-2717","post","type-post","status-publish","format-standard","has-post-thumbnail","hentry","category-noticias"],"_links":{"self":[{"href":"https:\/\/colegiomariareina.cl\/2025\/wp-json\/wp\/v2\/posts\/2717","targetHints":{"allow":["GET"]}}],"collection":[{"href":"https:\/\/colegiomariareina.cl\/2025\/wp-json\/wp\/v2\/posts"}],"about":[{"href":"https:\/\/colegiomariareina.cl\/2025\/wp-json\/wp\/v2\/types\/post"}],"author":[{"embeddable":true,"href":"https:\/\/colegiomariareina.cl\/2025\/wp-json\/wp\/v2\/users\/1"}],"replies":[{"embeddable":true,"href":"https:\/\/colegiomariareina.cl\/2025\/wp-json\/wp\/v2\/comments?post=2717"}],"version-history":[{"count":0,"href":"https:\/\/colegiomariareina.cl\/2025\/wp-json\/wp\/v2\/posts\/2717\/revisions"}],"wp:featuredmedia":[{"embeddable":true,"href":"https:\/\/colegiomariareina.cl\/2025\/wp-json\/wp\/v2\/media\/2714"}],"wp:attachment":[{"href":"https:\/\/colegiomariareina.cl\/2025\/wp-json\/wp\/v2\/media?parent=2717"}],"wp:term":[{"taxonomy":"category","embeddable":true,"href":"https:\/\/colegiomariareina.cl\/2025\/wp-json\/wp\/v2\/categories?post=2717"},{"taxonomy":"post_tag","embeddable":true,"href":"https:\/\/colegiomariareina.cl\/2025\/wp-json\/wp\/v2\/tags?post=2717"}],"curies":[{"name":"wp","href":"https:\/\/api.w.org\/{rel}","templated":true}]}}