{"id":2725,"date":"2014-08-18T18:26:41","date_gmt":"2014-08-18T18:26:41","guid":{"rendered":"http:\/\/colegiomariareina.cl\/2013\/?p=2725"},"modified":"2014-08-18T18:26:41","modified_gmt":"2014-08-18T18:26:41","slug":"eucaristia-cumpleanos-del-colegio-23-de-agosto","status":"publish","type":"post","link":"https:\/\/colegiomariareina.cl\/2025\/eucaristia-cumpleanos-del-colegio-23-de-agosto\/","title":{"rendered":"EUCARIST\u00cdA &#8211; Cumplea\u00f1os del Colegio: 23 de Agosto .-"},"content":{"rendered":"<p style=\"text-align: center;\">El Colegio Mar\u00eda Reina Inmaculada,celebra su aniversario junto a la Comunidad Educativa,familia y ex alumnos , con una Eucarist\u00eda el S\u00e1bado 23 de Agosto a las 17:00 horas,que ser\u00e1 presidida por Monse\u00f1or Guillermo Vera Soto ,ex alumno de nuestro Colegio.<\/p>\n<p style=\"text-align: center;\">A trav\u00e9s de la liturg\u00eda,daremos gracias a Dios por la presencia del Car\u00edsma Josefino Trinitario en la Educaci\u00f3n de los ni\u00f1os y j\u00f3venes\u00a0de la Isla de Maipo.<\/p>\n<p style=\"text-align: center;\">Esperamos contar con vuestra valiosa presencia junto a toda la familia Josefina Trinitaria.<\/p>\n","protected":false},"excerpt":{"rendered":"<p>El Colegio Mar\u00eda Reina Inmaculada,celebra su aniversario junto a la Comunidad Educativa,familia y ex alumnos , con una Eucarist\u00eda el S\u00e1bado 23 de Agosto a las 17:00 horas,que ser\u00e1 presidida por Monse\u00f1or Guillermo Vera Soto ,ex alumno de nuestro Colegio. A trav\u00e9s de la liturg\u00eda,daremos gracias a Dios por la presencia del Car\u00edsma Josefino Trinitario [&hellip;]<\/p>\n","protected":false},"author":1,"featured_media":2735,"comment_status":"open","ping_status":"open","sticky":false,"template":"","format":"standard","meta":{"_et_pb_use_builder":"","_et_pb_old_content":"","_et_gb_content_width":"","footnotes":""},"categories":[3],"tags":[],"class_list":["post-2725","post","type-post","status-publish","format-standard","has-post-thumbnail","hentry","category-noticias"],"_links":{"self":[{"href":"https:\/\/colegiomariareina.cl\/2025\/wp-json\/wp\/v2\/posts\/2725","targetHints":{"allow":["GET"]}}],"collection":[{"href":"https:\/\/colegiomariareina.cl\/2025\/wp-json\/wp\/v2\/posts"}],"about":[{"href":"https:\/\/colegiomariareina.cl\/2025\/wp-json\/wp\/v2\/types\/post"}],"author":[{"embeddable":true,"href":"https:\/\/colegiomariareina.cl\/2025\/wp-json\/wp\/v2\/users\/1"}],"replies":[{"embeddable":true,"href":"https:\/\/colegiomariareina.cl\/2025\/wp-json\/wp\/v2\/comments?post=2725"}],"version-history":[{"count":0,"href":"https:\/\/colegiomariareina.cl\/2025\/wp-json\/wp\/v2\/posts\/2725\/revisions"}],"wp:featuredmedia":[{"embeddable":true,"href":"https:\/\/colegiomariareina.cl\/2025\/wp-json\/wp\/v2\/media\/2735"}],"wp:attachment":[{"href":"https:\/\/colegiomariareina.cl\/2025\/wp-json\/wp\/v2\/media?parent=2725"}],"wp:term":[{"taxonomy":"category","embeddable":true,"href":"https:\/\/colegiomariareina.cl\/2025\/wp-json\/wp\/v2\/categories?post=2725"},{"taxonomy":"post_tag","embeddable":true,"href":"https:\/\/colegiomariareina.cl\/2025\/wp-json\/wp\/v2\/tags?post=2725"}],"curies":[{"name":"wp","href":"https:\/\/api.w.org\/{rel}","templated":true}]}}