{"id":2750,"date":"2014-08-22T14:20:37","date_gmt":"2014-08-22T14:20:37","guid":{"rendered":"http:\/\/colegiomariareina.cl\/2013\/?p=2750"},"modified":"2014-08-22T14:20:37","modified_gmt":"2014-08-22T14:20:37","slug":"celebracion-de-los-50-anos-con-la-comunidad-escolar-27-de-agosto","status":"publish","type":"post","link":"https:\/\/colegiomariareina.cl\/2025\/celebracion-de-los-50-anos-con-la-comunidad-escolar-27-de-agosto\/","title":{"rendered":"CELEBRACI\u00d3N DE LOS 50 A\u00d1OS CON LA COMUNIDAD ESCOLAR: 27 de Agosto.-"},"content":{"rendered":"<p style=\"text-align: justify;\">\u00a0\u00a0\u00a0\u00a0 Con Motivo de la fiesta de Mar\u00eda Reina, nombre que lleva el Colegio se celebr\u00f3 la Eucarist\u00eda el pasado Mi\u00e9rcoles 20 de Agosto ,donde toda la comunidad escolar celebr\u00f3 los 50 a\u00f1os del Colegio.<\/p>\n<p><a href=\"http:\/\/colegiomariareina.cl\/2013\/wp-content\/uploads\/2014\/08\/la-foto7.jpg\"><img loading=\"lazy\" decoding=\"async\" class=\"alignleft size-thumbnail wp-image-2755\" alt=\"la foto7\" src=\"http:\/\/colegiomariareina.cl\/2013\/wp-content\/uploads\/2014\/08\/la-foto7-100x100.jpg\" width=\"100\" height=\"100\" \/><\/a> <a href=\"http:\/\/colegiomariareina.cl\/2013\/wp-content\/uploads\/2014\/08\/la-foto3.jpg\"><img loading=\"lazy\" decoding=\"async\" class=\"alignleft size-thumbnail wp-image-2754\" alt=\"la foto3\" src=\"http:\/\/colegiomariareina.cl\/2013\/wp-content\/uploads\/2014\/08\/la-foto3-100x100.jpg\" width=\"100\" height=\"100\" \/><\/a> <a href=\"http:\/\/colegiomariareina.cl\/2013\/wp-content\/uploads\/2014\/08\/la-foto1.jpg\"><img loading=\"lazy\" decoding=\"async\" class=\"alignleft size-thumbnail wp-image-2753\" alt=\"la foto1\" src=\"http:\/\/colegiomariareina.cl\/2013\/wp-content\/uploads\/2014\/08\/la-foto1-100x100.jpg\" width=\"100\" height=\"100\" \/><\/a><\/p>\n","protected":false},"excerpt":{"rendered":"<p>\u00a0\u00a0\u00a0\u00a0 Con Motivo de la fiesta de Mar\u00eda Reina, nombre que lleva el Colegio se celebr\u00f3 la Eucarist\u00eda el pasado Mi\u00e9rcoles 20 de Agosto ,donde toda la comunidad escolar celebr\u00f3 los 50 a\u00f1os del Colegio.<\/p>\n","protected":false},"author":1,"featured_media":2753,"comment_status":"open","ping_status":"open","sticky":false,"template":"","format":"standard","meta":{"_et_pb_use_builder":"","_et_pb_old_content":"","_et_gb_content_width":"","footnotes":""},"categories":[3],"tags":[],"class_list":["post-2750","post","type-post","status-publish","format-standard","has-post-thumbnail","hentry","category-noticias"],"_links":{"self":[{"href":"https:\/\/colegiomariareina.cl\/2025\/wp-json\/wp\/v2\/posts\/2750","targetHints":{"allow":["GET"]}}],"collection":[{"href":"https:\/\/colegiomariareina.cl\/2025\/wp-json\/wp\/v2\/posts"}],"about":[{"href":"https:\/\/colegiomariareina.cl\/2025\/wp-json\/wp\/v2\/types\/post"}],"author":[{"embeddable":true,"href":"https:\/\/colegiomariareina.cl\/2025\/wp-json\/wp\/v2\/users\/1"}],"replies":[{"embeddable":true,"href":"https:\/\/colegiomariareina.cl\/2025\/wp-json\/wp\/v2\/comments?post=2750"}],"version-history":[{"count":0,"href":"https:\/\/colegiomariareina.cl\/2025\/wp-json\/wp\/v2\/posts\/2750\/revisions"}],"wp:featuredmedia":[{"embeddable":true,"href":"https:\/\/colegiomariareina.cl\/2025\/wp-json\/wp\/v2\/media\/2753"}],"wp:attachment":[{"href":"https:\/\/colegiomariareina.cl\/2025\/wp-json\/wp\/v2\/media?parent=2750"}],"wp:term":[{"taxonomy":"category","embeddable":true,"href":"https:\/\/colegiomariareina.cl\/2025\/wp-json\/wp\/v2\/categories?post=2750"},{"taxonomy":"post_tag","embeddable":true,"href":"https:\/\/colegiomariareina.cl\/2025\/wp-json\/wp\/v2\/tags?post=2750"}],"curies":[{"name":"wp","href":"https:\/\/api.w.org\/{rel}","templated":true}]}}