{"id":2817,"date":"2014-08-27T18:30:54","date_gmt":"2014-08-27T18:30:54","guid":{"rendered":"http:\/\/colegiomariareina.cl\/2013\/?p=2817"},"modified":"2014-08-27T18:30:54","modified_gmt":"2014-08-27T18:30:54","slug":"celebracion-eucaristica-en-la-parroquia-22-de-agosto","status":"publish","type":"post","link":"https:\/\/colegiomariareina.cl\/2025\/celebracion-eucaristica-en-la-parroquia-22-de-agosto\/","title":{"rendered":"CELEBRACI\u00d3N EUCAR\u00cdSTICA EN LA PARROQUIA: 22 de Agosto.-"},"content":{"rendered":"<p style=\"text-align: justify;\">\u00a0\u00a0\u00a0\u00a0\u00a0\u00a0\u00a0\u00a0\u00a0<\/p>\n<p style=\"text-align: justify;\">\u00a0\u00a0\u00a0\u00a0\u00a0\u00a0 El d\u00eda viernes 22 de Agosto en el marco de la festividad de la fiesta de la Merced, es el d\u00eda de Mar\u00eda Reina , correspondiendo animar la Eucarist\u00eda al Colegio. Esta Eucarist\u00eda fue presidida por el Sacerdote Gabriel, ex alumno de nuestro \u00a0colegio, quien comparti\u00f3 su experiencia de vida y agradeci\u00f3\u00a0 todo lo recibido en sus a\u00f1os escolares haciendo un reconocimiento a todo el trabajo que se realiza en el colegio.\u00a0\u00a0Agradecemos a todos los que participaron y de manera especial al coro padre Eladio formado por alumnas\/os de b\u00e1sica y Media.<\/p>\n<p style=\"text-align: justify;\"><a href=\"http:\/\/colegiomariareina.cl\/2013\/wp-content\/uploads\/2014\/08\/DSC04554.jpg\"><img loading=\"lazy\" decoding=\"async\" class=\"alignleft size-thumbnail wp-image-2827\" alt=\"DSC04554\" src=\"http:\/\/colegiomariareina.cl\/2013\/wp-content\/uploads\/2014\/08\/DSC04554-100x100.jpg\" width=\"100\" height=\"100\" \/><\/a> <a href=\"http:\/\/colegiomariareina.cl\/2013\/wp-content\/uploads\/2014\/08\/DSC04551.jpg\"><img loading=\"lazy\" decoding=\"async\" class=\"alignleft size-thumbnail wp-image-2826\" alt=\"DSC04551\" src=\"http:\/\/colegiomariareina.cl\/2013\/wp-content\/uploads\/2014\/08\/DSC04551-100x100.jpg\" width=\"100\" height=\"100\" \/><\/a> <a href=\"http:\/\/colegiomariareina.cl\/2013\/wp-content\/uploads\/2014\/08\/DSC04540.jpg\"><img loading=\"lazy\" decoding=\"async\" class=\"alignleft size-thumbnail wp-image-2825\" alt=\"DSC04540\" src=\"http:\/\/colegiomariareina.cl\/2013\/wp-content\/uploads\/2014\/08\/DSC04540-100x100.jpg\" width=\"100\" height=\"100\" \/><\/a> <a href=\"http:\/\/colegiomariareina.cl\/2013\/wp-content\/uploads\/2014\/08\/DSC04539.jpg\"><img loading=\"lazy\" decoding=\"async\" class=\"alignleft size-thumbnail wp-image-2824\" alt=\"DSC04539\" src=\"http:\/\/colegiomariareina.cl\/2013\/wp-content\/uploads\/2014\/08\/DSC04539-100x100.jpg\" width=\"100\" height=\"100\" \/><\/a> <a href=\"http:\/\/colegiomariareina.cl\/2013\/wp-content\/uploads\/2014\/08\/DSC04529.jpg\"><img loading=\"lazy\" decoding=\"async\" class=\"alignleft size-thumbnail wp-image-2823\" alt=\"DSC04529\" src=\"http:\/\/colegiomariareina.cl\/2013\/wp-content\/uploads\/2014\/08\/DSC04529-100x100.jpg\" width=\"100\" height=\"100\" \/><\/a> <a href=\"http:\/\/colegiomariareina.cl\/2013\/wp-content\/uploads\/2014\/08\/DSC04528.jpg\"><img loading=\"lazy\" decoding=\"async\" class=\"alignleft size-thumbnail wp-image-2822\" alt=\"DSC04528\" src=\"http:\/\/colegiomariareina.cl\/2013\/wp-content\/uploads\/2014\/08\/DSC04528-100x100.jpg\" width=\"100\" height=\"100\" \/><\/a> <a href=\"http:\/\/colegiomariareina.cl\/2013\/wp-content\/uploads\/2014\/08\/DSC04526.jpg\"><img loading=\"lazy\" decoding=\"async\" class=\"alignleft size-thumbnail wp-image-2821\" alt=\"DSC04526\" src=\"http:\/\/colegiomariareina.cl\/2013\/wp-content\/uploads\/2014\/08\/DSC04526-100x100.jpg\" width=\"100\" height=\"100\" \/><\/a> <a href=\"http:\/\/colegiomariareina.cl\/2013\/wp-content\/uploads\/2014\/08\/DSC04522.jpg\"><img loading=\"lazy\" decoding=\"async\" class=\"alignleft size-thumbnail wp-image-2820\" alt=\"DSC04522\" src=\"http:\/\/colegiomariareina.cl\/2013\/wp-content\/uploads\/2014\/08\/DSC04522-100x100.jpg\" width=\"100\" height=\"100\" \/><\/a> <a href=\"http:\/\/colegiomariareina.cl\/2013\/wp-content\/uploads\/2014\/08\/DSC04521.jpg\"><img loading=\"lazy\" decoding=\"async\" class=\"alignleft size-thumbnail wp-image-2819\" alt=\"DSC04521\" src=\"http:\/\/colegiomariareina.cl\/2013\/wp-content\/uploads\/2014\/08\/DSC04521-100x100.jpg\" width=\"100\" height=\"100\" \/><\/a> <a href=\"http:\/\/colegiomariareina.cl\/2013\/wp-content\/uploads\/2014\/08\/DSC04519.jpg\"><img loading=\"lazy\" decoding=\"async\" class=\"alignleft size-thumbnail wp-image-2818\" alt=\"DSC04519\" src=\"http:\/\/colegiomariareina.cl\/2013\/wp-content\/uploads\/2014\/08\/DSC04519-100x100.jpg\" width=\"100\" height=\"100\" \/><\/a><\/p>\n<p style=\"text-align: justify;\">\u00a0<\/p>\n","protected":false},"excerpt":{"rendered":"<p>\u00a0\u00a0\u00a0\u00a0\u00a0\u00a0\u00a0\u00a0\u00a0 \u00a0\u00a0\u00a0\u00a0\u00a0\u00a0 El d\u00eda viernes 22 de Agosto en el marco de la festividad de la fiesta de la Merced, es el d\u00eda de Mar\u00eda Reina , correspondiendo animar la Eucarist\u00eda al Colegio. Esta Eucarist\u00eda fue presidida por el Sacerdote Gabriel, ex alumno de nuestro \u00a0colegio, quien comparti\u00f3 su experiencia de vida y agradeci\u00f3\u00a0 todo [&hellip;]<\/p>\n","protected":false},"author":1,"featured_media":2820,"comment_status":"open","ping_status":"open","sticky":false,"template":"","format":"standard","meta":{"_et_pb_use_builder":"","_et_pb_old_content":"","_et_gb_content_width":"","footnotes":""},"categories":[3],"tags":[],"class_list":["post-2817","post","type-post","status-publish","format-standard","has-post-thumbnail","hentry","category-noticias"],"_links":{"self":[{"href":"https:\/\/colegiomariareina.cl\/2025\/wp-json\/wp\/v2\/posts\/2817","targetHints":{"allow":["GET"]}}],"collection":[{"href":"https:\/\/colegiomariareina.cl\/2025\/wp-json\/wp\/v2\/posts"}],"about":[{"href":"https:\/\/colegiomariareina.cl\/2025\/wp-json\/wp\/v2\/types\/post"}],"author":[{"embeddable":true,"href":"https:\/\/colegiomariareina.cl\/2025\/wp-json\/wp\/v2\/users\/1"}],"replies":[{"embeddable":true,"href":"https:\/\/colegiomariareina.cl\/2025\/wp-json\/wp\/v2\/comments?post=2817"}],"version-history":[{"count":0,"href":"https:\/\/colegiomariareina.cl\/2025\/wp-json\/wp\/v2\/posts\/2817\/revisions"}],"wp:featuredmedia":[{"embeddable":true,"href":"https:\/\/colegiomariareina.cl\/2025\/wp-json\/wp\/v2\/media\/2820"}],"wp:attachment":[{"href":"https:\/\/colegiomariareina.cl\/2025\/wp-json\/wp\/v2\/media?parent=2817"}],"wp:term":[{"taxonomy":"category","embeddable":true,"href":"https:\/\/colegiomariareina.cl\/2025\/wp-json\/wp\/v2\/categories?post=2817"},{"taxonomy":"post_tag","embeddable":true,"href":"https:\/\/colegiomariareina.cl\/2025\/wp-json\/wp\/v2\/tags?post=2817"}],"curies":[{"name":"wp","href":"https:\/\/api.w.org\/{rel}","templated":true}]}}