{"id":2833,"date":"2014-08-27T20:28:35","date_gmt":"2014-08-27T20:28:35","guid":{"rendered":"http:\/\/colegiomariareina.cl\/2013\/?p=2833"},"modified":"2014-08-27T20:28:35","modified_gmt":"2014-08-27T20:28:35","slug":"2-encuentro-de-ex-alumnos-30-de-agosto","status":"publish","type":"post","link":"https:\/\/colegiomariareina.cl\/2025\/2-encuentro-de-ex-alumnos-30-de-agosto\/","title":{"rendered":"2\u00b0 ENCUENTRO DE EX ALUMNOS: 30 de Agosto.-"},"content":{"rendered":"<p style=\"text-align: center;\">En esta oportunidad estar\u00e1n invitadas las<br \/>\npromociones desde el a\u00f1o 1984 hasta el a\u00f1o 2003.<\/p>\n<p style=\"text-align: center;\">\u00a0<\/p>\n","protected":false},"excerpt":{"rendered":"<p>En esta oportunidad estar\u00e1n invitadas las promociones desde el a\u00f1o 1984 hasta el a\u00f1o 2003. \u00a0<\/p>\n","protected":false},"author":1,"featured_media":2834,"comment_status":"open","ping_status":"open","sticky":false,"template":"","format":"standard","meta":{"_et_pb_use_builder":"","_et_pb_old_content":"","_et_gb_content_width":"","footnotes":""},"categories":[3],"tags":[],"class_list":["post-2833","post","type-post","status-publish","format-standard","has-post-thumbnail","hentry","category-noticias"],"_links":{"self":[{"href":"https:\/\/colegiomariareina.cl\/2025\/wp-json\/wp\/v2\/posts\/2833","targetHints":{"allow":["GET"]}}],"collection":[{"href":"https:\/\/colegiomariareina.cl\/2025\/wp-json\/wp\/v2\/posts"}],"about":[{"href":"https:\/\/colegiomariareina.cl\/2025\/wp-json\/wp\/v2\/types\/post"}],"author":[{"embeddable":true,"href":"https:\/\/colegiomariareina.cl\/2025\/wp-json\/wp\/v2\/users\/1"}],"replies":[{"embeddable":true,"href":"https:\/\/colegiomariareina.cl\/2025\/wp-json\/wp\/v2\/comments?post=2833"}],"version-history":[{"count":0,"href":"https:\/\/colegiomariareina.cl\/2025\/wp-json\/wp\/v2\/posts\/2833\/revisions"}],"wp:featuredmedia":[{"embeddable":true,"href":"https:\/\/colegiomariareina.cl\/2025\/wp-json\/wp\/v2\/media\/2834"}],"wp:attachment":[{"href":"https:\/\/colegiomariareina.cl\/2025\/wp-json\/wp\/v2\/media?parent=2833"}],"wp:term":[{"taxonomy":"category","embeddable":true,"href":"https:\/\/colegiomariareina.cl\/2025\/wp-json\/wp\/v2\/categories?post=2833"},{"taxonomy":"post_tag","embeddable":true,"href":"https:\/\/colegiomariareina.cl\/2025\/wp-json\/wp\/v2\/tags?post=2833"}],"curies":[{"name":"wp","href":"https:\/\/api.w.org\/{rel}","templated":true}]}}