{"id":2867,"date":"2014-08-27T18:39:34","date_gmt":"2014-08-27T18:39:34","guid":{"rendered":"http:\/\/colegiomariareina.cl\/2013\/?p=2867"},"modified":"2014-08-27T18:39:34","modified_gmt":"2014-08-27T18:39:34","slug":"celebracion-oficial-de-los-50-anos-23-de-agosto","status":"publish","type":"post","link":"https:\/\/colegiomariareina.cl\/2025\/celebracion-oficial-de-los-50-anos-23-de-agosto\/","title":{"rendered":"CELEBRACI\u00d3N OFICIAL DE LOS 50 A\u00d1OS: 23 de Agosto.-"},"content":{"rendered":"<p>\u00a0\u00a0\u00a0 Todo llega y pasa, esta celebraci\u00f3n ha sido tan esperada, as\u00ed se vivi\u00f3 el d\u00eda 23 de agosto que tuvimos de todo. Una celebraci\u00f3n Eucar\u00edstica para el recuerdo, muy preparada y participativa. Pudimos contar con la presencia de tres sacerdotes (dos ex alumnos) y dos di\u00e1conos. Presidi\u00f3 esta celebraci\u00f3n el obispo Guillermo Vera, quien ejerce su misi\u00f3n pastoral en Iquique, quer\u00eda estar presente en este d\u00eda porque tiene lindos recuerdos como ex alumno de las primeras generaciones.\u00a0\u00a0\u00a0<\/p>\n<p style=\"text-align: justify;\">\u00a0\u00a0\u00a0 Agradecemos a todas las personas que nos acompa\u00f1aron en este d\u00eda que a pesar de la lluvia, asistieron para dar gracias a Dios por estos 50 a\u00f1os. Son muchos los que guardan hermosos recuerdos del colegio, as\u00ed manifestaron, desde el coro que anim\u00f3, todos ex alumnos, autoridades que tambi\u00e9n pasaron por estas aulas.<\/p>\n<p style=\"text-align: justify;\">\u00a0\u00a0\u00a0 Al t\u00e9rmino de esta Eucarist\u00eda y desafiando a los temblores se realiz\u00f3 un acto donde el canto, el baile y las palabras de acci\u00f3n de gracias no pod\u00edan faltar. As\u00ed como el cumplea\u00f1os feliz en agradecimiento de todo el trabajo realizado en estos 50 a\u00f1os y para terminar esta ceremonia se invit\u00f3 a todos los asistentes a compartir la torta del cumplea\u00f1os del Mar\u00eda Reina Inmaculada.<\/p>\n<p>\u00a0<a href=\"http:\/\/colegiomariareina.cl\/2013\/wp-content\/uploads\/2014\/08\/IMG_0709.jpg\"><img loading=\"lazy\" decoding=\"async\" class=\"alignleft size-thumbnail wp-image-2882\" alt=\"IMG_0709\" src=\"http:\/\/colegiomariareina.cl\/2013\/wp-content\/uploads\/2014\/08\/IMG_0709-100x100.jpg\" width=\"100\" height=\"100\" \/><\/a> <a href=\"http:\/\/colegiomariareina.cl\/2013\/wp-content\/uploads\/2014\/08\/IMG_0695.jpg\"><img loading=\"lazy\" decoding=\"async\" class=\"alignleft size-thumbnail wp-image-2881\" alt=\"IMG_0695\" src=\"http:\/\/colegiomariareina.cl\/2013\/wp-content\/uploads\/2014\/08\/IMG_0695-100x100.jpg\" width=\"100\" height=\"100\" \/><\/a> <a href=\"http:\/\/colegiomariareina.cl\/2013\/wp-content\/uploads\/2014\/08\/IMG_0693.jpg\"><img loading=\"lazy\" decoding=\"async\" class=\"alignleft size-thumbnail wp-image-2880\" alt=\"IMG_0693\" src=\"http:\/\/colegiomariareina.cl\/2013\/wp-content\/uploads\/2014\/08\/IMG_0693-100x100.jpg\" width=\"100\" height=\"100\" \/><\/a> <a href=\"http:\/\/colegiomariareina.cl\/2013\/wp-content\/uploads\/2014\/08\/IMG_0687.jpg\"><img loading=\"lazy\" decoding=\"async\" class=\"alignleft size-thumbnail wp-image-2879\" alt=\"IMG_0687\" src=\"http:\/\/colegiomariareina.cl\/2013\/wp-content\/uploads\/2014\/08\/IMG_0687-100x100.jpg\" width=\"100\" height=\"100\" \/><\/a> <a href=\"http:\/\/colegiomariareina.cl\/2013\/wp-content\/uploads\/2014\/08\/IMG_0662.jpg\"><img loading=\"lazy\" decoding=\"async\" class=\"alignleft size-thumbnail wp-image-2878\" alt=\"IMG_0662\" src=\"http:\/\/colegiomariareina.cl\/2013\/wp-content\/uploads\/2014\/08\/IMG_0662-100x100.jpg\" width=\"100\" height=\"100\" \/><\/a> <a href=\"http:\/\/colegiomariareina.cl\/2013\/wp-content\/uploads\/2014\/08\/DSC04688.jpg\"><img loading=\"lazy\" decoding=\"async\" class=\"alignleft size-thumbnail wp-image-2877\" alt=\"DSC04688\" src=\"http:\/\/colegiomariareina.cl\/2013\/wp-content\/uploads\/2014\/08\/DSC04688-100x100.jpg\" width=\"100\" height=\"100\" \/><\/a> <a href=\"http:\/\/colegiomariareina.cl\/2013\/wp-content\/uploads\/2014\/08\/DSC04685.jpg\"><img loading=\"lazy\" decoding=\"async\" class=\"alignleft size-thumbnail wp-image-2876\" alt=\"DSC04685\" src=\"http:\/\/colegiomariareina.cl\/2013\/wp-content\/uploads\/2014\/08\/DSC04685-100x100.jpg\" width=\"100\" height=\"100\" \/><\/a> <a href=\"http:\/\/colegiomariareina.cl\/2013\/wp-content\/uploads\/2014\/08\/DSC04681.jpg\"><img loading=\"lazy\" decoding=\"async\" class=\"alignleft size-thumbnail wp-image-2875\" alt=\"DSC04681\" src=\"http:\/\/colegiomariareina.cl\/2013\/wp-content\/uploads\/2014\/08\/DSC04681-100x100.jpg\" width=\"100\" height=\"100\" \/><\/a> <a href=\"http:\/\/colegiomariareina.cl\/2013\/wp-content\/uploads\/2014\/08\/DSC04677.jpg\"><img loading=\"lazy\" decoding=\"async\" class=\"alignleft size-thumbnail wp-image-2874\" alt=\"DSC04677\" src=\"http:\/\/colegiomariareina.cl\/2013\/wp-content\/uploads\/2014\/08\/DSC04677-100x100.jpg\" width=\"100\" height=\"100\" \/><\/a> <a href=\"http:\/\/colegiomariareina.cl\/2013\/wp-content\/uploads\/2014\/08\/DSC04673.jpg\"><img loading=\"lazy\" decoding=\"async\" class=\"alignleft size-thumbnail wp-image-2873\" alt=\"DSC04673\" src=\"http:\/\/colegiomariareina.cl\/2013\/wp-content\/uploads\/2014\/08\/DSC04673-100x100.jpg\" width=\"100\" height=\"100\" \/><\/a> <a href=\"http:\/\/colegiomariareina.cl\/2013\/wp-content\/uploads\/2014\/08\/DSC04670.jpg\"><img loading=\"lazy\" decoding=\"async\" class=\"alignleft size-thumbnail wp-image-2872\" alt=\"DSC04670\" src=\"http:\/\/colegiomariareina.cl\/2013\/wp-content\/uploads\/2014\/08\/DSC04670-100x100.jpg\" width=\"100\" height=\"100\" \/><\/a> <a href=\"http:\/\/colegiomariareina.cl\/2013\/wp-content\/uploads\/2014\/08\/DSC04665.jpg\"><img loading=\"lazy\" decoding=\"async\" class=\"alignleft size-thumbnail wp-image-2871\" alt=\"DSC04665\" src=\"http:\/\/colegiomariareina.cl\/2013\/wp-content\/uploads\/2014\/08\/DSC04665-100x100.jpg\" width=\"100\" height=\"100\" \/><\/a> <a href=\"http:\/\/colegiomariareina.cl\/2013\/wp-content\/uploads\/2014\/08\/DSC04663.jpg\"><img loading=\"lazy\" decoding=\"async\" class=\"alignleft size-thumbnail wp-image-2870\" alt=\"DSC04663\" src=\"http:\/\/colegiomariareina.cl\/2013\/wp-content\/uploads\/2014\/08\/DSC04663-100x100.jpg\" width=\"100\" height=\"100\" \/><\/a> <a href=\"http:\/\/colegiomariareina.cl\/2013\/wp-content\/uploads\/2014\/08\/DSC04658.jpg\"><img loading=\"lazy\" decoding=\"async\" class=\"alignleft size-thumbnail wp-image-2869\" alt=\"DSC04658\" src=\"http:\/\/colegiomariareina.cl\/2013\/wp-content\/uploads\/2014\/08\/DSC04658-100x100.jpg\" width=\"100\" height=\"100\" \/><\/a> <a href=\"http:\/\/colegiomariareina.cl\/2013\/wp-content\/uploads\/2014\/08\/DSC04642.jpg\"><img loading=\"lazy\" decoding=\"async\" class=\"alignleft size-thumbnail wp-image-2868\" alt=\"DSC04642\" src=\"http:\/\/colegiomariareina.cl\/2013\/wp-content\/uploads\/2014\/08\/DSC04642-100x100.jpg\" width=\"100\" height=\"100\" \/><\/a> <a href=\"http:\/\/colegiomariareina.cl\/2013\/wp-content\/uploads\/2014\/08\/DSC04640.jpg\"><img loading=\"lazy\" decoding=\"async\" class=\"alignleft size-thumbnail wp-image-2866\" alt=\"DSC04640\" src=\"http:\/\/colegiomariareina.cl\/2013\/wp-content\/uploads\/2014\/08\/DSC04640-100x100.jpg\" width=\"100\" height=\"100\" \/><\/a> <a href=\"http:\/\/colegiomariareina.cl\/2013\/wp-content\/uploads\/2014\/08\/DSC04637.jpg\"><img loading=\"lazy\" decoding=\"async\" class=\"alignleft size-thumbnail wp-image-2865\" alt=\"DSC04637\" src=\"http:\/\/colegiomariareina.cl\/2013\/wp-content\/uploads\/2014\/08\/DSC04637-100x100.jpg\" width=\"100\" height=\"100\" \/><\/a> <a href=\"http:\/\/colegiomariareina.cl\/2013\/wp-content\/uploads\/2014\/08\/DSC04633.jpg\"><img loading=\"lazy\" decoding=\"async\" class=\"alignleft size-thumbnail wp-image-2864\" alt=\"DSC04633\" src=\"http:\/\/colegiomariareina.cl\/2013\/wp-content\/uploads\/2014\/08\/DSC04633-100x100.jpg\" width=\"100\" height=\"100\" \/><\/a> <a href=\"http:\/\/colegiomariareina.cl\/2013\/wp-content\/uploads\/2014\/08\/DSC04611.jpg\"><img loading=\"lazy\" decoding=\"async\" class=\"alignleft size-thumbnail wp-image-2863\" alt=\"DSC04611\" src=\"http:\/\/colegiomariareina.cl\/2013\/wp-content\/uploads\/2014\/08\/DSC04611-100x100.jpg\" width=\"100\" height=\"100\" \/><\/a> <a href=\"http:\/\/colegiomariareina.cl\/2013\/wp-content\/uploads\/2014\/08\/DSC04610.jpg\"><img loading=\"lazy\" decoding=\"async\" class=\"alignleft size-thumbnail wp-image-2862\" alt=\"DSC04610\" src=\"http:\/\/colegiomariareina.cl\/2013\/wp-content\/uploads\/2014\/08\/DSC04610-100x100.jpg\" width=\"100\" height=\"100\" \/><\/a> <a href=\"http:\/\/colegiomariareina.cl\/2013\/wp-content\/uploads\/2014\/08\/DSC04606.jpg\"><img loading=\"lazy\" decoding=\"async\" class=\"alignleft size-thumbnail wp-image-2861\" alt=\"DSC04606\" src=\"http:\/\/colegiomariareina.cl\/2013\/wp-content\/uploads\/2014\/08\/DSC04606-100x100.jpg\" width=\"100\" height=\"100\" \/><\/a> <a href=\"http:\/\/colegiomariareina.cl\/2013\/wp-content\/uploads\/2014\/08\/DSC04603.jpg\"><img loading=\"lazy\" decoding=\"async\" class=\"alignleft size-thumbnail wp-image-2860\" alt=\"DSC04603\" src=\"http:\/\/colegiomariareina.cl\/2013\/wp-content\/uploads\/2014\/08\/DSC04603-100x100.jpg\" width=\"100\" height=\"100\" \/><\/a> <a href=\"http:\/\/colegiomariareina.cl\/2013\/wp-content\/uploads\/2014\/08\/DSC04601.jpg\"><img loading=\"lazy\" decoding=\"async\" class=\"alignleft size-thumbnail wp-image-2859\" alt=\"DSC04601\" src=\"http:\/\/colegiomariareina.cl\/2013\/wp-content\/uploads\/2014\/08\/DSC04601-100x100.jpg\" width=\"100\" height=\"100\" \/><\/a> <a href=\"http:\/\/colegiomariareina.cl\/2013\/wp-content\/uploads\/2014\/08\/DSC04599.jpg\"><img loading=\"lazy\" decoding=\"async\" class=\"alignleft size-thumbnail wp-image-2858\" alt=\"DSC04599\" src=\"http:\/\/colegiomariareina.cl\/2013\/wp-content\/uploads\/2014\/08\/DSC04599-100x100.jpg\" width=\"100\" height=\"100\" \/><\/a> <a href=\"http:\/\/colegiomariareina.cl\/2013\/wp-content\/uploads\/2014\/08\/DSC04597.jpg\"><img loading=\"lazy\" decoding=\"async\" class=\"alignleft size-thumbnail wp-image-2857\" alt=\"DSC04597\" src=\"http:\/\/colegiomariareina.cl\/2013\/wp-content\/uploads\/2014\/08\/DSC04597-100x100.jpg\" width=\"100\" height=\"100\" \/><\/a> <a href=\"http:\/\/colegiomariareina.cl\/2013\/wp-content\/uploads\/2014\/08\/DSC04596.jpg\"><img loading=\"lazy\" decoding=\"async\" class=\"alignleft size-thumbnail wp-image-2856\" alt=\"DSC04596\" src=\"http:\/\/colegiomariareina.cl\/2013\/wp-content\/uploads\/2014\/08\/DSC04596-100x100.jpg\" width=\"100\" height=\"100\" \/><\/a> <a href=\"http:\/\/colegiomariareina.cl\/2013\/wp-content\/uploads\/2014\/08\/DSC04593.jpg\"><img loading=\"lazy\" decoding=\"async\" class=\"alignleft size-thumbnail wp-image-2855\" alt=\"DSC04593\" src=\"http:\/\/colegiomariareina.cl\/2013\/wp-content\/uploads\/2014\/08\/DSC04593-100x100.jpg\" width=\"100\" height=\"100\" \/><\/a> <a href=\"http:\/\/colegiomariareina.cl\/2013\/wp-content\/uploads\/2014\/08\/DSC04591.jpg\"><img loading=\"lazy\" decoding=\"async\" class=\"alignleft size-thumbnail wp-image-2854\" alt=\"DSC04591\" src=\"http:\/\/colegiomariareina.cl\/2013\/wp-content\/uploads\/2014\/08\/DSC04591-100x100.jpg\" width=\"100\" height=\"100\" \/><\/a> <a href=\"http:\/\/colegiomariareina.cl\/2013\/wp-content\/uploads\/2014\/08\/DSC04590.jpg\"><img loading=\"lazy\" decoding=\"async\" class=\"alignleft size-thumbnail wp-image-2853\" alt=\"DSC04590\" src=\"http:\/\/colegiomariareina.cl\/2013\/wp-content\/uploads\/2014\/08\/DSC04590-100x100.jpg\" width=\"100\" height=\"100\" \/><\/a> <a href=\"http:\/\/colegiomariareina.cl\/2013\/wp-content\/uploads\/2014\/08\/DSC04589.jpg\"><img loading=\"lazy\" decoding=\"async\" class=\"alignleft size-thumbnail wp-image-2852\" alt=\"DSC04589\" src=\"http:\/\/colegiomariareina.cl\/2013\/wp-content\/uploads\/2014\/08\/DSC04589-100x100.jpg\" width=\"100\" height=\"100\" \/><\/a> <a href=\"http:\/\/colegiomariareina.cl\/2013\/wp-content\/uploads\/2014\/08\/DSC04588.jpg\"><img loading=\"lazy\" decoding=\"async\" class=\"alignleft size-thumbnail wp-image-2851\" alt=\"DSC04588\" src=\"http:\/\/colegiomariareina.cl\/2013\/wp-content\/uploads\/2014\/08\/DSC04588-100x100.jpg\" width=\"100\" height=\"100\" \/><\/a> <a href=\"http:\/\/colegiomariareina.cl\/2013\/wp-content\/uploads\/2014\/08\/DSC04575.jpg\"><img loading=\"lazy\" decoding=\"async\" class=\"alignleft size-thumbnail wp-image-2850\" alt=\"DSC04575\" src=\"http:\/\/colegiomariareina.cl\/2013\/wp-content\/uploads\/2014\/08\/DSC04575-100x100.jpg\" width=\"100\" height=\"100\" \/><\/a><\/p>\n","protected":false},"excerpt":{"rendered":"<p>\u00a0\u00a0\u00a0 Todo llega y pasa, esta celebraci\u00f3n ha sido tan esperada, as\u00ed se vivi\u00f3 el d\u00eda 23 de agosto que tuvimos de todo. Una celebraci\u00f3n Eucar\u00edstica para el recuerdo, muy preparada y participativa. Pudimos contar con la presencia de tres sacerdotes (dos ex alumnos) y dos di\u00e1conos. Presidi\u00f3 esta celebraci\u00f3n el obispo Guillermo Vera, quien [&hellip;]<\/p>\n","protected":false},"author":1,"featured_media":2865,"comment_status":"open","ping_status":"open","sticky":false,"template":"","format":"standard","meta":{"_et_pb_use_builder":"","_et_pb_old_content":"","_et_gb_content_width":"","footnotes":""},"categories":[3],"tags":[],"class_list":["post-2867","post","type-post","status-publish","format-standard","has-post-thumbnail","hentry","category-noticias"],"_links":{"self":[{"href":"https:\/\/colegiomariareina.cl\/2025\/wp-json\/wp\/v2\/posts\/2867","targetHints":{"allow":["GET"]}}],"collection":[{"href":"https:\/\/colegiomariareina.cl\/2025\/wp-json\/wp\/v2\/posts"}],"about":[{"href":"https:\/\/colegiomariareina.cl\/2025\/wp-json\/wp\/v2\/types\/post"}],"author":[{"embeddable":true,"href":"https:\/\/colegiomariareina.cl\/2025\/wp-json\/wp\/v2\/users\/1"}],"replies":[{"embeddable":true,"href":"https:\/\/colegiomariareina.cl\/2025\/wp-json\/wp\/v2\/comments?post=2867"}],"version-history":[{"count":0,"href":"https:\/\/colegiomariareina.cl\/2025\/wp-json\/wp\/v2\/posts\/2867\/revisions"}],"wp:featuredmedia":[{"embeddable":true,"href":"https:\/\/colegiomariareina.cl\/2025\/wp-json\/wp\/v2\/media\/2865"}],"wp:attachment":[{"href":"https:\/\/colegiomariareina.cl\/2025\/wp-json\/wp\/v2\/media?parent=2867"}],"wp:term":[{"taxonomy":"category","embeddable":true,"href":"https:\/\/colegiomariareina.cl\/2025\/wp-json\/wp\/v2\/categories?post=2867"},{"taxonomy":"post_tag","embeddable":true,"href":"https:\/\/colegiomariareina.cl\/2025\/wp-json\/wp\/v2\/tags?post=2867"}],"curies":[{"name":"wp","href":"https:\/\/api.w.org\/{rel}","templated":true}]}}