{"id":2989,"date":"2014-09-06T13:51:54","date_gmt":"2014-09-06T13:51:54","guid":{"rendered":"http:\/\/colegiomariareina.cl\/2013\/?p=2989"},"modified":"2014-09-06T13:51:54","modified_gmt":"2014-09-06T13:51:54","slug":"caminata-juvenil-de-la-cruz-2014-agosto-30","status":"publish","type":"post","link":"https:\/\/colegiomariareina.cl\/2025\/caminata-juvenil-de-la-cruz-2014-agosto-30\/","title":{"rendered":"CAMINATA JUVENIL DE LA CRUZ 2014: 30 de Agosto.-"},"content":{"rendered":"<p style=\"text-align: justify;\">\u00a0\u00a0\u00a0 Dentro del marco de la celebraci\u00f3n de la fiesta de la Virgen de La Merced, el d\u00eda S\u00e1bado 30 de Agosto se realiz\u00f3 la caminata de la juventud , tradicional ya en estas fiestas\u00a0 de la Isla de Maipo, donde nuestro colegio se destac\u00f3 con la presencia activa de muchos de nuestros j\u00f3venes alumnos de S\u00e9ptimo a cuarto medio. A ellos les toc\u00f3 animar\u00a0 la 1\u00b0 estaci\u00f3n, adornando el escenario y motivando a caminar en honor de la Virgen de la Merced.<\/p>\n<p style=\"text-align: justify;\">\u00a0\u00a0\u00a0 Cabe destacar que la asistencia de nuestros alumnos fue de car\u00e1cter voluntario lo que le da m\u00e1s valor a esa acci\u00f3n junto tambi\u00e9n a sus profesores tutores que acompa\u00f1aron este caminar de oraci\u00f3n y canto.<\/p>\n<p style=\"text-align: justify;\">\u00a0\u00a0\u00a0 La caminata parte desde la cruz que se encuentra en el sector del fundo Miraflores hasta nuestro Santuario donde ah\u00ed se celebra la eucarist\u00eda de las 20:00 horas<\/p>\n<p style=\"text-align: justify;\">\u00a0\u00a0 La Eucarist\u00eda fue celebrada por el sacerdote Andr\u00e9s Moro, \u00a0Vicario de la pastoral universitaria de Santiago.<\/p>\n<p style=\"text-align: justify;\">Desde ya felicitamos a todos nuestros j\u00f3venes !!!<\/p>\n<p style=\"text-align: justify;\"><a href=\"http:\/\/colegiomariareina.cl\/2013\/wp-content\/uploads\/2014\/09\/DSC04827.jpg\"><img loading=\"lazy\" decoding=\"async\" class=\"alignleft size-thumbnail wp-image-2988\" alt=\"DSC04827\" src=\"http:\/\/colegiomariareina.cl\/2013\/wp-content\/uploads\/2014\/09\/DSC04827-100x100.jpg\" width=\"100\" height=\"100\" \/><\/a> <a href=\"http:\/\/colegiomariareina.cl\/2013\/wp-content\/uploads\/2014\/09\/DSC04825.jpg\"><img loading=\"lazy\" decoding=\"async\" class=\"alignleft size-thumbnail wp-image-2987\" alt=\"DSC04825\" src=\"http:\/\/colegiomariareina.cl\/2013\/wp-content\/uploads\/2014\/09\/DSC04825-100x100.jpg\" width=\"100\" height=\"100\" \/><\/a> <a href=\"http:\/\/colegiomariareina.cl\/2013\/wp-content\/uploads\/2014\/09\/DSC04821.jpg\"><img loading=\"lazy\" decoding=\"async\" class=\"alignleft size-thumbnail wp-image-2986\" alt=\"DSC04821\" src=\"http:\/\/colegiomariareina.cl\/2013\/wp-content\/uploads\/2014\/09\/DSC04821-100x100.jpg\" width=\"100\" height=\"100\" \/><\/a> <a href=\"http:\/\/colegiomariareina.cl\/2013\/wp-content\/uploads\/2014\/09\/DSC04819.jpg\"><img loading=\"lazy\" decoding=\"async\" class=\"alignleft size-thumbnail wp-image-2985\" alt=\"DSC04819\" src=\"http:\/\/colegiomariareina.cl\/2013\/wp-content\/uploads\/2014\/09\/DSC04819-100x100.jpg\" width=\"100\" height=\"100\" \/><\/a> <a href=\"http:\/\/colegiomariareina.cl\/2013\/wp-content\/uploads\/2014\/09\/DSC04816.jpg\"><img loading=\"lazy\" decoding=\"async\" class=\"alignleft size-thumbnail wp-image-2984\" alt=\"DSC04816\" src=\"http:\/\/colegiomariareina.cl\/2013\/wp-content\/uploads\/2014\/09\/DSC04816-100x100.jpg\" width=\"100\" height=\"100\" \/><\/a> <a href=\"http:\/\/colegiomariareina.cl\/2013\/wp-content\/uploads\/2014\/09\/DSC04813.jpg\"><img loading=\"lazy\" decoding=\"async\" class=\"alignleft size-thumbnail wp-image-2983\" alt=\"DSC04813\" src=\"http:\/\/colegiomariareina.cl\/2013\/wp-content\/uploads\/2014\/09\/DSC04813-100x100.jpg\" width=\"100\" height=\"100\" \/><\/a> <a href=\"http:\/\/colegiomariareina.cl\/2013\/wp-content\/uploads\/2014\/09\/DSC04808.jpg\"><img loading=\"lazy\" decoding=\"async\" class=\"alignleft size-thumbnail wp-image-2982\" alt=\"DSC04808\" src=\"http:\/\/colegiomariareina.cl\/2013\/wp-content\/uploads\/2014\/09\/DSC04808-100x100.jpg\" width=\"100\" height=\"100\" \/><\/a> <a href=\"http:\/\/colegiomariareina.cl\/2013\/wp-content\/uploads\/2014\/09\/DSC04805.jpg\"><img loading=\"lazy\" decoding=\"async\" class=\"alignleft size-thumbnail wp-image-2981\" alt=\"DSC04805\" src=\"http:\/\/colegiomariareina.cl\/2013\/wp-content\/uploads\/2014\/09\/DSC04805-100x100.jpg\" width=\"100\" height=\"100\" \/><\/a> <a href=\"http:\/\/colegiomariareina.cl\/2013\/wp-content\/uploads\/2014\/09\/DSC04803.jpg\"><img loading=\"lazy\" decoding=\"async\" class=\"alignleft size-thumbnail wp-image-2980\" alt=\"DSC04803\" src=\"http:\/\/colegiomariareina.cl\/2013\/wp-content\/uploads\/2014\/09\/DSC04803-100x100.jpg\" width=\"100\" height=\"100\" \/><\/a> <a href=\"http:\/\/colegiomariareina.cl\/2013\/wp-content\/uploads\/2014\/09\/DSC04802.jpg\"><img loading=\"lazy\" decoding=\"async\" class=\"alignleft size-thumbnail wp-image-2979\" alt=\"DSC04802\" src=\"http:\/\/colegiomariareina.cl\/2013\/wp-content\/uploads\/2014\/09\/DSC04802-100x100.jpg\" width=\"100\" height=\"100\" \/><\/a> <a href=\"http:\/\/colegiomariareina.cl\/2013\/wp-content\/uploads\/2014\/09\/DSC04797.jpg\"><img loading=\"lazy\" decoding=\"async\" class=\"alignleft size-thumbnail wp-image-2978\" alt=\"DSC04797\" src=\"http:\/\/colegiomariareina.cl\/2013\/wp-content\/uploads\/2014\/09\/DSC04797-100x100.jpg\" width=\"100\" height=\"100\" \/><\/a> <a href=\"http:\/\/colegiomariareina.cl\/2013\/wp-content\/uploads\/2014\/09\/DSC04796.jpg\"><img loading=\"lazy\" decoding=\"async\" class=\"alignleft size-thumbnail wp-image-2977\" alt=\"DSC04796\" src=\"http:\/\/colegiomariareina.cl\/2013\/wp-content\/uploads\/2014\/09\/DSC04796-100x100.jpg\" width=\"100\" height=\"100\" \/><\/a> <a href=\"http:\/\/colegiomariareina.cl\/2013\/wp-content\/uploads\/2014\/09\/DSC04795.jpg\"><img loading=\"lazy\" decoding=\"async\" class=\"alignleft size-thumbnail wp-image-2976\" alt=\"DSC04795\" src=\"http:\/\/colegiomariareina.cl\/2013\/wp-content\/uploads\/2014\/09\/DSC04795-100x100.jpg\" width=\"100\" height=\"100\" \/><\/a><\/p>\n","protected":false},"excerpt":{"rendered":"<p>\u00a0\u00a0\u00a0 Dentro del marco de la celebraci\u00f3n de la fiesta de la Virgen de La Merced, el d\u00eda S\u00e1bado 30 de Agosto se realiz\u00f3 la caminata de la juventud , tradicional ya en estas fiestas\u00a0 de la Isla de Maipo, donde nuestro colegio se destac\u00f3 con la presencia activa de muchos de nuestros j\u00f3venes alumnos [&hellip;]<\/p>\n","protected":false},"author":1,"featured_media":2982,"comment_status":"open","ping_status":"open","sticky":false,"template":"","format":"standard","meta":{"_et_pb_use_builder":"","_et_pb_old_content":"","_et_gb_content_width":"","footnotes":""},"categories":[3],"tags":[],"class_list":["post-2989","post","type-post","status-publish","format-standard","has-post-thumbnail","hentry","category-noticias"],"_links":{"self":[{"href":"https:\/\/colegiomariareina.cl\/2025\/wp-json\/wp\/v2\/posts\/2989","targetHints":{"allow":["GET"]}}],"collection":[{"href":"https:\/\/colegiomariareina.cl\/2025\/wp-json\/wp\/v2\/posts"}],"about":[{"href":"https:\/\/colegiomariareina.cl\/2025\/wp-json\/wp\/v2\/types\/post"}],"author":[{"embeddable":true,"href":"https:\/\/colegiomariareina.cl\/2025\/wp-json\/wp\/v2\/users\/1"}],"replies":[{"embeddable":true,"href":"https:\/\/colegiomariareina.cl\/2025\/wp-json\/wp\/v2\/comments?post=2989"}],"version-history":[{"count":0,"href":"https:\/\/colegiomariareina.cl\/2025\/wp-json\/wp\/v2\/posts\/2989\/revisions"}],"wp:featuredmedia":[{"embeddable":true,"href":"https:\/\/colegiomariareina.cl\/2025\/wp-json\/wp\/v2\/media\/2982"}],"wp:attachment":[{"href":"https:\/\/colegiomariareina.cl\/2025\/wp-json\/wp\/v2\/media?parent=2989"}],"wp:term":[{"taxonomy":"category","embeddable":true,"href":"https:\/\/colegiomariareina.cl\/2025\/wp-json\/wp\/v2\/categories?post=2989"},{"taxonomy":"post_tag","embeddable":true,"href":"https:\/\/colegiomariareina.cl\/2025\/wp-json\/wp\/v2\/tags?post=2989"}],"curies":[{"name":"wp","href":"https:\/\/api.w.org\/{rel}","templated":true}]}}