{"id":3046,"date":"2014-09-07T02:33:26","date_gmt":"2014-09-07T02:33:26","guid":{"rendered":"http:\/\/colegiomariareina.cl\/2013\/?p=3046"},"modified":"2014-09-07T02:33:26","modified_gmt":"2014-09-07T02:33:26","slug":"acto-civico-independencia-de-chile-1-de-septiembre","status":"publish","type":"post","link":"https:\/\/colegiomariareina.cl\/2025\/acto-civico-independencia-de-chile-1-de-septiembre\/","title":{"rendered":"ACTO C\u00cdVICO INDEPENDENCIA DE CHILE de 1\u00b0 MEDIO C: 1 de Septiembre.-"},"content":{"rendered":"<p>El pasado 1 de Septiembre se realiz\u00f3 el acto c\u00edvico recordando la efem\u00e9rides de la<br \/>\nIndependencia de Chile.<\/p>\n<p><a href=\"http:\/\/colegiomariareina.cl\/2013\/wp-content\/uploads\/2014\/09\/DSC04851.jpg\"><img loading=\"lazy\" decoding=\"async\" class=\"alignleft size-thumbnail wp-image-3045\" alt=\"DSC04851\" src=\"http:\/\/colegiomariareina.cl\/2013\/wp-content\/uploads\/2014\/09\/DSC04851-100x100.jpg\" width=\"100\" height=\"100\" \/><\/a> <a href=\"http:\/\/colegiomariareina.cl\/2013\/wp-content\/uploads\/2014\/09\/DSC04847.jpg\"><img loading=\"lazy\" decoding=\"async\" class=\"alignleft size-thumbnail wp-image-3044\" alt=\"DSC04847\" src=\"http:\/\/colegiomariareina.cl\/2013\/wp-content\/uploads\/2014\/09\/DSC04847-100x100.jpg\" width=\"100\" height=\"100\" \/><\/a> <a href=\"http:\/\/colegiomariareina.cl\/2013\/wp-content\/uploads\/2014\/09\/DSC04846.jpg\"><img loading=\"lazy\" decoding=\"async\" class=\"alignleft size-thumbnail wp-image-3043\" alt=\"DSC04846\" src=\"http:\/\/colegiomariareina.cl\/2013\/wp-content\/uploads\/2014\/09\/DSC04846-100x100.jpg\" width=\"100\" height=\"100\" \/><\/a> <a href=\"http:\/\/colegiomariareina.cl\/2013\/wp-content\/uploads\/2014\/09\/DSC04844.jpg\"><img loading=\"lazy\" decoding=\"async\" class=\"alignleft size-thumbnail wp-image-3042\" alt=\"DSC04844\" src=\"http:\/\/colegiomariareina.cl\/2013\/wp-content\/uploads\/2014\/09\/DSC04844-100x100.jpg\" width=\"100\" height=\"100\" \/><\/a> <a href=\"http:\/\/colegiomariareina.cl\/2013\/wp-content\/uploads\/2014\/09\/DSC04843.jpg\"><img loading=\"lazy\" decoding=\"async\" class=\"alignleft size-thumbnail wp-image-3041\" alt=\"DSC04843\" src=\"http:\/\/colegiomariareina.cl\/2013\/wp-content\/uploads\/2014\/09\/DSC04843-100x100.jpg\" width=\"100\" height=\"100\" \/><\/a> <a href=\"http:\/\/colegiomariareina.cl\/2013\/wp-content\/uploads\/2014\/09\/DSC04839.jpg\"><img loading=\"lazy\" decoding=\"async\" class=\"alignleft size-thumbnail wp-image-3040\" alt=\"DSC04839\" src=\"http:\/\/colegiomariareina.cl\/2013\/wp-content\/uploads\/2014\/09\/DSC04839-100x100.jpg\" width=\"100\" height=\"100\" \/><\/a> <a href=\"http:\/\/colegiomariareina.cl\/2013\/wp-content\/uploads\/2014\/09\/DSC04838.jpg\"><img loading=\"lazy\" decoding=\"async\" class=\"alignleft size-thumbnail wp-image-3039\" alt=\"DSC04838\" src=\"http:\/\/colegiomariareina.cl\/2013\/wp-content\/uploads\/2014\/09\/DSC04838-100x100.jpg\" width=\"100\" height=\"100\" \/><\/a> <a href=\"http:\/\/colegiomariareina.cl\/2013\/wp-content\/uploads\/2014\/09\/DSC04837.jpg\"><img loading=\"lazy\" decoding=\"async\" class=\"alignleft size-thumbnail wp-image-3038\" alt=\"DSC04837\" src=\"http:\/\/colegiomariareina.cl\/2013\/wp-content\/uploads\/2014\/09\/DSC04837-100x100.jpg\" width=\"100\" height=\"100\" \/><\/a> <a href=\"http:\/\/colegiomariareina.cl\/2013\/wp-content\/uploads\/2014\/09\/DSC04836.jpg\"><img loading=\"lazy\" decoding=\"async\" class=\"alignleft size-thumbnail wp-image-3037\" alt=\"DSC04836\" src=\"http:\/\/colegiomariareina.cl\/2013\/wp-content\/uploads\/2014\/09\/DSC04836-100x100.jpg\" width=\"100\" height=\"100\" \/><\/a> <a href=\"http:\/\/colegiomariareina.cl\/2013\/wp-content\/uploads\/2014\/09\/DSC04835.jpg\"><img loading=\"lazy\" decoding=\"async\" class=\"alignleft size-thumbnail wp-image-3036\" alt=\"DSC04835\" src=\"http:\/\/colegiomariareina.cl\/2013\/wp-content\/uploads\/2014\/09\/DSC04835-100x100.jpg\" width=\"100\" height=\"100\" \/><\/a> <a href=\"http:\/\/colegiomariareina.cl\/2013\/wp-content\/uploads\/2014\/09\/DSC04834.jpg\"><img loading=\"lazy\" decoding=\"async\" class=\"alignleft size-thumbnail wp-image-3035\" alt=\"DSC04834\" src=\"http:\/\/colegiomariareina.cl\/2013\/wp-content\/uploads\/2014\/09\/DSC04834-100x100.jpg\" width=\"100\" height=\"100\" \/><\/a> <a href=\"http:\/\/colegiomariareina.cl\/2013\/wp-content\/uploads\/2014\/09\/DSC04831.jpg\"><img loading=\"lazy\" decoding=\"async\" class=\"alignleft size-thumbnail wp-image-3034\" alt=\"DSC04831\" src=\"http:\/\/colegiomariareina.cl\/2013\/wp-content\/uploads\/2014\/09\/DSC04831-100x100.jpg\" width=\"100\" height=\"100\" \/><\/a><\/p>\n<p>&nbsp;<\/p>\n","protected":false},"excerpt":{"rendered":"<p>El pasado 1 de Septiembre se realiz\u00f3 el acto c\u00edvico recordando la efem\u00e9rides de la Independencia de Chile. &nbsp;<\/p>\n","protected":false},"author":1,"featured_media":3034,"comment_status":"open","ping_status":"open","sticky":false,"template":"","format":"standard","meta":{"_et_pb_use_builder":"","_et_pb_old_content":"","_et_gb_content_width":"","footnotes":""},"categories":[3],"tags":[],"class_list":["post-3046","post","type-post","status-publish","format-standard","has-post-thumbnail","hentry","category-noticias"],"_links":{"self":[{"href":"https:\/\/colegiomariareina.cl\/2025\/wp-json\/wp\/v2\/posts\/3046","targetHints":{"allow":["GET"]}}],"collection":[{"href":"https:\/\/colegiomariareina.cl\/2025\/wp-json\/wp\/v2\/posts"}],"about":[{"href":"https:\/\/colegiomariareina.cl\/2025\/wp-json\/wp\/v2\/types\/post"}],"author":[{"embeddable":true,"href":"https:\/\/colegiomariareina.cl\/2025\/wp-json\/wp\/v2\/users\/1"}],"replies":[{"embeddable":true,"href":"https:\/\/colegiomariareina.cl\/2025\/wp-json\/wp\/v2\/comments?post=3046"}],"version-history":[{"count":0,"href":"https:\/\/colegiomariareina.cl\/2025\/wp-json\/wp\/v2\/posts\/3046\/revisions"}],"wp:featuredmedia":[{"embeddable":true,"href":"https:\/\/colegiomariareina.cl\/2025\/wp-json\/wp\/v2\/media\/3034"}],"wp:attachment":[{"href":"https:\/\/colegiomariareina.cl\/2025\/wp-json\/wp\/v2\/media?parent=3046"}],"wp:term":[{"taxonomy":"category","embeddable":true,"href":"https:\/\/colegiomariareina.cl\/2025\/wp-json\/wp\/v2\/categories?post=3046"},{"taxonomy":"post_tag","embeddable":true,"href":"https:\/\/colegiomariareina.cl\/2025\/wp-json\/wp\/v2\/tags?post=3046"}],"curies":[{"name":"wp","href":"https:\/\/api.w.org\/{rel}","templated":true}]}}