{"id":3096,"date":"2014-09-07T04:36:18","date_gmt":"2014-09-07T04:36:18","guid":{"rendered":"http:\/\/colegiomariareina.cl\/2013\/?p=3096"},"modified":"2014-09-07T04:36:18","modified_gmt":"2014-09-07T04:36:18","slug":"aporte-de-la-comunidad-educativa-maria-reina-a-la-virgen-de-la-merced-5-de-septiembre","status":"publish","type":"post","link":"https:\/\/colegiomariareina.cl\/2025\/aporte-de-la-comunidad-educativa-maria-reina-a-la-virgen-de-la-merced-5-de-septiembre\/","title":{"rendered":"APORTE DE LA COMUNIDAD EDUCATIVA MAR\u00cdA REINA A LA VIRGEN DE LA MERCED: 5 de Septiembre.-"},"content":{"rendered":"<p style=\"text-align: center;\">\u00a0\u00a0\u00a0 Con motivo de la celebraci\u00f3n de los 50 a\u00f1os , el Colegio Mar\u00eda Reina Inmaculada obsequiar\u00e1 a la Virgen de la Merced ,adornando el anda que recorrer\u00e1 las calles Isle\u00f1as<br \/>\nel Domingo 28 de Septiembre.<\/p>\n<p style=\"text-align: center;\">El d\u00eda 5 de Septiembre los alumnos presentar\u00f3n sus alcanc\u00edas<br \/>\ncon el aporte de cada curso y los sobres de sus familias.<\/p>\n<p style=\"text-align: center;\">El aporte fue representado por todos los estamentos de la comunidad educativa y<br \/>\nex alumnos.<\/p>\n<p style=\"text-align: center;\">&#8220;Se reconoce a cada curso con un Diploma por el aporte&#8221;<\/p>\n<p style=\"text-align: center;\"><a href=\"http:\/\/colegiomariareina.cl\/2013\/wp-content\/uploads\/2014\/09\/DSC04913.jpg\"><img loading=\"lazy\" decoding=\"async\" class=\"alignleft size-thumbnail wp-image-3076\" alt=\"DSC04913\" src=\"http:\/\/colegiomariareina.cl\/2013\/wp-content\/uploads\/2014\/09\/DSC04913-100x100.jpg\" width=\"100\" height=\"100\" \/><\/a><a href=\"http:\/\/colegiomariareina.cl\/2013\/wp-content\/uploads\/2014\/09\/DSC04935.jpg\"><img loading=\"lazy\" decoding=\"async\" class=\"alignleft size-thumbnail wp-image-3095\" alt=\"DSC04935\" src=\"http:\/\/colegiomariareina.cl\/2013\/wp-content\/uploads\/2014\/09\/DSC04935-100x100.jpg\" width=\"100\" height=\"100\" \/><\/a> <a href=\"http:\/\/colegiomariareina.cl\/2013\/wp-content\/uploads\/2014\/09\/DSC04934.jpg\"><img loading=\"lazy\" decoding=\"async\" class=\"alignleft size-thumbnail wp-image-3094\" alt=\"DSC04934\" src=\"http:\/\/colegiomariareina.cl\/2013\/wp-content\/uploads\/2014\/09\/DSC04934-100x100.jpg\" width=\"100\" height=\"100\" \/><\/a> <a href=\"http:\/\/colegiomariareina.cl\/2013\/wp-content\/uploads\/2014\/09\/DSC04932.jpg\"><img loading=\"lazy\" decoding=\"async\" class=\"alignleft size-thumbnail wp-image-3093\" alt=\"DSC04932\" src=\"http:\/\/colegiomariareina.cl\/2013\/wp-content\/uploads\/2014\/09\/DSC04932-100x100.jpg\" width=\"100\" height=\"100\" \/><\/a> <a href=\"http:\/\/colegiomariareina.cl\/2013\/wp-content\/uploads\/2014\/09\/DSC04927.jpg\"><img loading=\"lazy\" decoding=\"async\" class=\"alignleft size-thumbnail wp-image-3088\" alt=\"DSC04927\" src=\"http:\/\/colegiomariareina.cl\/2013\/wp-content\/uploads\/2014\/09\/DSC04927-100x100.jpg\" width=\"100\" height=\"100\" \/><\/a> <a href=\"http:\/\/colegiomariareina.cl\/2013\/wp-content\/uploads\/2014\/09\/DSC04923.jpg\"><img loading=\"lazy\" decoding=\"async\" class=\"alignleft size-thumbnail wp-image-3084\" alt=\"DSC04923\" src=\"http:\/\/colegiomariareina.cl\/2013\/wp-content\/uploads\/2014\/09\/DSC04923-100x100.jpg\" width=\"100\" height=\"100\" \/><\/a> <a href=\"http:\/\/colegiomariareina.cl\/2013\/wp-content\/uploads\/2014\/09\/DSC04909.jpg\"><img loading=\"lazy\" decoding=\"async\" class=\"alignleft size-thumbnail wp-image-3072\" alt=\"DSC04909\" src=\"http:\/\/colegiomariareina.cl\/2013\/wp-content\/uploads\/2014\/09\/DSC04909-100x100.jpg\" width=\"100\" height=\"100\" \/><\/a> <a href=\"http:\/\/colegiomariareina.cl\/2013\/wp-content\/uploads\/2014\/09\/DSC04904.jpg\"><img loading=\"lazy\" decoding=\"async\" class=\"alignleft size-thumbnail wp-image-3069\" alt=\"DSC04904\" src=\"http:\/\/colegiomariareina.cl\/2013\/wp-content\/uploads\/2014\/09\/DSC04904-100x100.jpg\" width=\"100\" height=\"100\" \/><\/a> <a href=\"http:\/\/colegiomariareina.cl\/2013\/wp-content\/uploads\/2014\/09\/DSC04903.jpg\"><img loading=\"lazy\" decoding=\"async\" class=\"alignleft size-thumbnail wp-image-3068\" alt=\"DSC04903\" src=\"http:\/\/colegiomariareina.cl\/2013\/wp-content\/uploads\/2014\/09\/DSC04903-100x100.jpg\" width=\"100\" height=\"100\" \/><\/a> <a href=\"http:\/\/colegiomariareina.cl\/2013\/wp-content\/uploads\/2014\/09\/DSC04902.jpg\"><img loading=\"lazy\" decoding=\"async\" class=\"alignleft size-thumbnail wp-image-3067\" alt=\"DSC04902\" src=\"http:\/\/colegiomariareina.cl\/2013\/wp-content\/uploads\/2014\/09\/DSC04902-100x100.jpg\" width=\"100\" height=\"100\" \/><\/a> <a href=\"http:\/\/colegiomariareina.cl\/2013\/wp-content\/uploads\/2014\/09\/DSC04901.jpg\"><img loading=\"lazy\" decoding=\"async\" class=\"alignleft size-thumbnail wp-image-3066\" alt=\"DSC04901\" src=\"http:\/\/colegiomariareina.cl\/2013\/wp-content\/uploads\/2014\/09\/DSC04901-100x100.jpg\" width=\"100\" height=\"100\" \/><\/a> <a href=\"http:\/\/colegiomariareina.cl\/2013\/wp-content\/uploads\/2014\/09\/DSC04900.jpg\"><img loading=\"lazy\" decoding=\"async\" class=\"alignleft size-thumbnail wp-image-3065\" alt=\"DSC04900\" src=\"http:\/\/colegiomariareina.cl\/2013\/wp-content\/uploads\/2014\/09\/DSC04900-100x100.jpg\" width=\"100\" height=\"100\" \/><\/a> <a href=\"http:\/\/colegiomariareina.cl\/2013\/wp-content\/uploads\/2014\/09\/DSC04884.jpg\"><img loading=\"lazy\" decoding=\"async\" class=\"alignleft size-thumbnail wp-image-3059\" alt=\"DSC04884\" src=\"http:\/\/colegiomariareina.cl\/2013\/wp-content\/uploads\/2014\/09\/DSC04884-100x100.jpg\" width=\"100\" height=\"100\" \/><\/a> <a href=\"http:\/\/colegiomariareina.cl\/2013\/wp-content\/uploads\/2014\/09\/DSC04883.jpg\"><img loading=\"lazy\" decoding=\"async\" class=\"alignleft size-thumbnail wp-image-3058\" alt=\"DSC04883\" src=\"http:\/\/colegiomariareina.cl\/2013\/wp-content\/uploads\/2014\/09\/DSC04883-100x100.jpg\" width=\"100\" height=\"100\" \/><\/a> <a href=\"http:\/\/colegiomariareina.cl\/2013\/wp-content\/uploads\/2014\/09\/DSC04882.jpg\"><img loading=\"lazy\" decoding=\"async\" class=\"alignleft size-thumbnail wp-image-3057\" alt=\"DSC04882\" src=\"http:\/\/colegiomariareina.cl\/2013\/wp-content\/uploads\/2014\/09\/DSC04882-100x100.jpg\" width=\"100\" height=\"100\" \/><\/a> <a href=\"http:\/\/colegiomariareina.cl\/2013\/wp-content\/uploads\/2014\/09\/DSC04881.jpg\"><img loading=\"lazy\" decoding=\"async\" class=\"alignleft size-thumbnail wp-image-3056\" alt=\"DSC04881\" src=\"http:\/\/colegiomariareina.cl\/2013\/wp-content\/uploads\/2014\/09\/DSC04881-100x100.jpg\" width=\"100\" height=\"100\" \/><\/a> <a href=\"http:\/\/colegiomariareina.cl\/2013\/wp-content\/uploads\/2014\/09\/DSC04879.jpg\"><img loading=\"lazy\" decoding=\"async\" class=\"alignleft size-thumbnail wp-image-3054\" alt=\"DSC04879\" src=\"http:\/\/colegiomariareina.cl\/2013\/wp-content\/uploads\/2014\/09\/DSC04879-100x100.jpg\" width=\"100\" height=\"100\" \/><\/a><\/p>\n","protected":false},"excerpt":{"rendered":"<p>\u00a0\u00a0\u00a0 Con motivo de la celebraci\u00f3n de los 50 a\u00f1os , el Colegio Mar\u00eda Reina Inmaculada obsequiar\u00e1 a la Virgen de la Merced ,adornando el anda que recorrer\u00e1 las calles Isle\u00f1as el Domingo 28 de Septiembre. El d\u00eda 5 de Septiembre los alumnos presentar\u00f3n sus alcanc\u00edas con el aporte de cada curso y los sobres [&hellip;]<\/p>\n","protected":false},"author":1,"featured_media":3084,"comment_status":"open","ping_status":"open","sticky":false,"template":"","format":"standard","meta":{"_et_pb_use_builder":"","_et_pb_old_content":"","_et_gb_content_width":"","footnotes":""},"categories":[3],"tags":[],"class_list":["post-3096","post","type-post","status-publish","format-standard","has-post-thumbnail","hentry","category-noticias"],"_links":{"self":[{"href":"https:\/\/colegiomariareina.cl\/2025\/wp-json\/wp\/v2\/posts\/3096","targetHints":{"allow":["GET"]}}],"collection":[{"href":"https:\/\/colegiomariareina.cl\/2025\/wp-json\/wp\/v2\/posts"}],"about":[{"href":"https:\/\/colegiomariareina.cl\/2025\/wp-json\/wp\/v2\/types\/post"}],"author":[{"embeddable":true,"href":"https:\/\/colegiomariareina.cl\/2025\/wp-json\/wp\/v2\/users\/1"}],"replies":[{"embeddable":true,"href":"https:\/\/colegiomariareina.cl\/2025\/wp-json\/wp\/v2\/comments?post=3096"}],"version-history":[{"count":0,"href":"https:\/\/colegiomariareina.cl\/2025\/wp-json\/wp\/v2\/posts\/3096\/revisions"}],"wp:featuredmedia":[{"embeddable":true,"href":"https:\/\/colegiomariareina.cl\/2025\/wp-json\/wp\/v2\/media\/3084"}],"wp:attachment":[{"href":"https:\/\/colegiomariareina.cl\/2025\/wp-json\/wp\/v2\/media?parent=3096"}],"wp:term":[{"taxonomy":"category","embeddable":true,"href":"https:\/\/colegiomariareina.cl\/2025\/wp-json\/wp\/v2\/categories?post=3096"},{"taxonomy":"post_tag","embeddable":true,"href":"https:\/\/colegiomariareina.cl\/2025\/wp-json\/wp\/v2\/tags?post=3096"}],"curies":[{"name":"wp","href":"https:\/\/api.w.org\/{rel}","templated":true}]}}