{"id":3148,"date":"2014-09-28T02:57:28","date_gmt":"2014-09-28T02:57:28","guid":{"rendered":"http:\/\/colegiomariareina.cl\/2013\/?p=3148"},"modified":"2018-06-08T21:35:38","modified_gmt":"2018-06-08T21:35:38","slug":"desfile-14-de-septiembre","status":"publish","type":"post","link":"https:\/\/colegiomariareina.cl\/2025\/desfile-14-de-septiembre\/","title":{"rendered":"DESFILE: 14 de Septiembre.-"},"content":{"rendered":"<p style=\"text-align: justify;\"><b>\u00a0\u00a0\u00a0<\/b><\/p>\n<p style=\"text-align: justify;\">\u00a0\u00a0\u00a0\u00a0 El domingo 14 de Septiembre, una vez m\u00e1s\u00a0 haciendo presencia Josefina Trinitaria en el desfile. Como Colegio Cat\u00f3lico se hizo presente con los distintos grupos\u00a0 pastorales\u00a0 (Infancia misionera, Pastoral Juvenil y Pastoral de Pap\u00e1s) cada uno con su respectivo distintivo, adem\u00e1s del equipo directivo, los estudiantes de Prekinder a Cuarto Medio , centro de padres, profesores, asistentes de la educaci\u00f3n y administrativos.<\/p>\n<p style=\"text-align: justify;\">\u00a0\u00a0\u00a0\u00a0 De manera especial felicitamos a la banda de guerra, que este a\u00f1o se ha renovado casi por completo, por su debut\u00a0 de manera impecable, salvando la tradici\u00f3n de a\u00f1os, donde el Mar\u00eda Reina, como lo llama el pueblo siempre est\u00e1 a la altura de la ocasi\u00f3n.\u00a0<\/p>\n<p style=\"text-align: justify;\">\u00a0<a href=\"http:\/\/colegiomariareina.cl\/2013\/wp-content\/uploads\/2014\/09\/IMG_84031.jpg\"><img loading=\"lazy\" decoding=\"async\" class=\"alignleft size-thumbnail wp-image-3212\" alt=\"IMG_8403\" src=\"http:\/\/colegiomariareina.cl\/2013\/wp-content\/uploads\/2014\/09\/IMG_84031-100x100.jpg\" width=\"100\" height=\"100\" \/><\/a> <a href=\"http:\/\/colegiomariareina.cl\/2013\/wp-content\/uploads\/2014\/09\/IMG_84021.jpg\"><img loading=\"lazy\" decoding=\"async\" class=\"alignleft size-thumbnail wp-image-3211\" alt=\"IMG_8402\" src=\"http:\/\/colegiomariareina.cl\/2013\/wp-content\/uploads\/2014\/09\/IMG_84021-100x100.jpg\" width=\"100\" height=\"100\" \/><\/a> <a href=\"http:\/\/colegiomariareina.cl\/2013\/wp-content\/uploads\/2014\/09\/IMG_84011.jpg\"><img loading=\"lazy\" decoding=\"async\" class=\"alignleft size-thumbnail wp-image-3210\" alt=\"IMG_8401\" src=\"http:\/\/colegiomariareina.cl\/2013\/wp-content\/uploads\/2014\/09\/IMG_84011-100x100.jpg\" width=\"100\" height=\"100\" \/><\/a> <a href=\"http:\/\/colegiomariareina.cl\/2013\/wp-content\/uploads\/2014\/09\/IMG_83991.jpg\"><img loading=\"lazy\" decoding=\"async\" class=\"alignleft size-thumbnail wp-image-3209\" alt=\"IMG_8399\" src=\"http:\/\/colegiomariareina.cl\/2013\/wp-content\/uploads\/2014\/09\/IMG_83991-100x100.jpg\" width=\"100\" height=\"100\" \/><\/a> <a href=\"http:\/\/colegiomariareina.cl\/2013\/wp-content\/uploads\/2014\/09\/IMG_83981.jpg\"><img loading=\"lazy\" decoding=\"async\" class=\"alignleft size-thumbnail wp-image-3208\" alt=\"IMG_8398\" src=\"http:\/\/colegiomariareina.cl\/2013\/wp-content\/uploads\/2014\/09\/IMG_83981-100x100.jpg\" width=\"100\" height=\"100\" \/><\/a> <a href=\"http:\/\/colegiomariareina.cl\/2013\/wp-content\/uploads\/2014\/09\/IMG_83971.jpg\"><img loading=\"lazy\" decoding=\"async\" class=\"alignleft size-thumbnail wp-image-3206\" alt=\"IMG_8397\" src=\"http:\/\/colegiomariareina.cl\/2013\/wp-content\/uploads\/2014\/09\/IMG_83971-100x100.jpg\" width=\"100\" height=\"100\" \/><\/a> <a href=\"http:\/\/colegiomariareina.cl\/2013\/wp-content\/uploads\/2014\/09\/IMG_83961.jpg\"><img loading=\"lazy\" decoding=\"async\" class=\"alignleft size-thumbnail wp-image-3205\" alt=\"IMG_8396\" src=\"http:\/\/colegiomariareina.cl\/2013\/wp-content\/uploads\/2014\/09\/IMG_83961-100x100.jpg\" width=\"100\" height=\"100\" \/><\/a> <a href=\"http:\/\/colegiomariareina.cl\/2013\/wp-content\/uploads\/2014\/09\/IMG_83951.jpg\"><img loading=\"lazy\" decoding=\"async\" class=\"alignleft size-thumbnail wp-image-3204\" alt=\"IMG_8395\" src=\"http:\/\/colegiomariareina.cl\/2013\/wp-content\/uploads\/2014\/09\/IMG_83951-100x100.jpg\" width=\"100\" height=\"100\" \/><\/a> <a href=\"http:\/\/colegiomariareina.cl\/2013\/wp-content\/uploads\/2014\/09\/IMG_83931.jpg\"><img loading=\"lazy\" decoding=\"async\" class=\"alignleft size-thumbnail wp-image-3203\" alt=\"IMG_8393\" src=\"http:\/\/colegiomariareina.cl\/2013\/wp-content\/uploads\/2014\/09\/IMG_83931-100x100.jpg\" width=\"100\" height=\"100\" \/><\/a> <a href=\"http:\/\/colegiomariareina.cl\/2013\/wp-content\/uploads\/2014\/09\/IMG_83911.jpg\"><img loading=\"lazy\" decoding=\"async\" class=\"alignleft size-thumbnail wp-image-3201\" alt=\"IMG_8391\" src=\"http:\/\/colegiomariareina.cl\/2013\/wp-content\/uploads\/2014\/09\/IMG_83911-100x100.jpg\" width=\"100\" height=\"100\" \/><\/a> <a href=\"http:\/\/colegiomariareina.cl\/2013\/wp-content\/uploads\/2014\/09\/IMG_83572.jpg\"><img loading=\"lazy\" decoding=\"async\" class=\"alignleft size-thumbnail wp-image-3200\" alt=\"IMG_8357\" src=\"http:\/\/colegiomariareina.cl\/2013\/wp-content\/uploads\/2014\/09\/IMG_83572-100x100.jpg\" width=\"100\" height=\"100\" \/><\/a> <a href=\"http:\/\/colegiomariareina.cl\/2013\/wp-content\/uploads\/2014\/09\/IMG_83891.jpg\"><img loading=\"lazy\" decoding=\"async\" class=\"alignleft size-thumbnail wp-image-3199\" alt=\"IMG_8389\" src=\"http:\/\/colegiomariareina.cl\/2013\/wp-content\/uploads\/2014\/09\/IMG_83891-100x100.jpg\" width=\"100\" height=\"100\" \/><\/a> <a href=\"http:\/\/colegiomariareina.cl\/2013\/wp-content\/uploads\/2014\/09\/IMG_83881.jpg\"><img loading=\"lazy\" decoding=\"async\" class=\"alignleft size-thumbnail wp-image-3198\" alt=\"IMG_8388\" src=\"http:\/\/colegiomariareina.cl\/2013\/wp-content\/uploads\/2014\/09\/IMG_83881-100x100.jpg\" width=\"100\" height=\"100\" \/><\/a> <a href=\"http:\/\/colegiomariareina.cl\/2013\/wp-content\/uploads\/2014\/09\/IMG_83841.jpg\"><img loading=\"lazy\" decoding=\"async\" class=\"alignleft size-thumbnail wp-image-3197\" alt=\"IMG_8384\" src=\"http:\/\/colegiomariareina.cl\/2013\/wp-content\/uploads\/2014\/09\/IMG_83841-100x100.jpg\" width=\"100\" height=\"100\" \/><\/a> <a href=\"http:\/\/colegiomariareina.cl\/2013\/wp-content\/uploads\/2014\/09\/IMG_83831.jpg\"><img loading=\"lazy\" decoding=\"async\" class=\"alignleft size-thumbnail wp-image-3196\" alt=\"IMG_8383\" src=\"http:\/\/colegiomariareina.cl\/2013\/wp-content\/uploads\/2014\/09\/IMG_83831-100x100.jpg\" width=\"100\" height=\"100\" \/><\/a> <a href=\"http:\/\/colegiomariareina.cl\/2013\/wp-content\/uploads\/2014\/09\/IMG_83821.jpg\"><img loading=\"lazy\" decoding=\"async\" class=\"alignleft size-thumbnail wp-image-3195\" alt=\"IMG_8382\" src=\"http:\/\/colegiomariareina.cl\/2013\/wp-content\/uploads\/2014\/09\/IMG_83821-100x100.jpg\" width=\"100\" height=\"100\" \/><\/a> <a href=\"http:\/\/colegiomariareina.cl\/2013\/wp-content\/uploads\/2014\/09\/IMG_83811.jpg\"><img loading=\"lazy\" decoding=\"async\" class=\"alignleft size-thumbnail wp-image-3194\" alt=\"IMG_8381\" src=\"http:\/\/colegiomariareina.cl\/2013\/wp-content\/uploads\/2014\/09\/IMG_83811-100x100.jpg\" width=\"100\" height=\"100\" \/><\/a> <a href=\"http:\/\/colegiomariareina.cl\/2013\/wp-content\/uploads\/2014\/09\/IMG_83801.jpg\"><img loading=\"lazy\" decoding=\"async\" class=\"alignleft size-thumbnail wp-image-3193\" alt=\"IMG_8380\" src=\"http:\/\/colegiomariareina.cl\/2013\/wp-content\/uploads\/2014\/09\/IMG_83801-100x100.jpg\" width=\"100\" height=\"100\" \/><\/a> <a href=\"http:\/\/colegiomariareina.cl\/2013\/wp-content\/uploads\/2014\/09\/IMG_83791.jpg\"><img loading=\"lazy\" decoding=\"async\" class=\"alignleft size-thumbnail wp-image-3192\" alt=\"IMG_8379\" src=\"http:\/\/colegiomariareina.cl\/2013\/wp-content\/uploads\/2014\/09\/IMG_83791-100x100.jpg\" width=\"100\" height=\"100\" \/><\/a> <a href=\"http:\/\/colegiomariareina.cl\/2013\/wp-content\/uploads\/2014\/09\/IMG_83781.jpg\"><img loading=\"lazy\" decoding=\"async\" class=\"alignleft size-thumbnail wp-image-3191\" alt=\"IMG_8378\" src=\"http:\/\/colegiomariareina.cl\/2013\/wp-content\/uploads\/2014\/09\/IMG_83781-100x100.jpg\" width=\"100\" height=\"100\" \/><\/a> <a href=\"http:\/\/colegiomariareina.cl\/2013\/wp-content\/uploads\/2014\/09\/IMG_83771.jpg\"><img loading=\"lazy\" decoding=\"async\" class=\"alignleft size-thumbnail wp-image-3190\" alt=\"IMG_8377\" src=\"http:\/\/colegiomariareina.cl\/2013\/wp-content\/uploads\/2014\/09\/IMG_83771-100x100.jpg\" width=\"100\" height=\"100\" \/><\/a> <a href=\"http:\/\/colegiomariareina.cl\/2013\/wp-content\/uploads\/2014\/09\/IMG_83761.jpg\"><img loading=\"lazy\" decoding=\"async\" class=\"alignleft size-thumbnail wp-image-3189\" alt=\"IMG_8376\" src=\"http:\/\/colegiomariareina.cl\/2013\/wp-content\/uploads\/2014\/09\/IMG_83761-100x100.jpg\" width=\"100\" height=\"100\" \/><\/a> <a href=\"http:\/\/colegiomariareina.cl\/2013\/wp-content\/uploads\/2014\/09\/IMG_83751.jpg\"><img loading=\"lazy\" decoding=\"async\" class=\"alignleft size-thumbnail wp-image-3188\" alt=\"IMG_8375\" src=\"http:\/\/colegiomariareina.cl\/2013\/wp-content\/uploads\/2014\/09\/IMG_83751-100x100.jpg\" width=\"100\" height=\"100\" \/><\/a> <a href=\"http:\/\/colegiomariareina.cl\/2013\/wp-content\/uploads\/2014\/09\/IMG_83741.jpg\"><img loading=\"lazy\" decoding=\"async\" class=\"alignleft size-thumbnail wp-image-3187\" alt=\"IMG_8374\" src=\"http:\/\/colegiomariareina.cl\/2013\/wp-content\/uploads\/2014\/09\/IMG_83741-100x100.jpg\" width=\"100\" height=\"100\" \/><\/a> <a href=\"http:\/\/colegiomariareina.cl\/2013\/wp-content\/uploads\/2014\/09\/IMG_83731.jpg\"><img loading=\"lazy\" decoding=\"async\" class=\"alignleft size-thumbnail wp-image-3186\" alt=\"IMG_8373\" src=\"http:\/\/colegiomariareina.cl\/2013\/wp-content\/uploads\/2014\/09\/IMG_83731-100x100.jpg\" width=\"100\" height=\"100\" \/><\/a> <a href=\"http:\/\/colegiomariareina.cl\/2013\/wp-content\/uploads\/2014\/09\/IMG_83711.jpg\"><img loading=\"lazy\" decoding=\"async\" class=\"alignleft size-thumbnail wp-image-3185\" alt=\"IMG_8371\" src=\"http:\/\/colegiomariareina.cl\/2013\/wp-content\/uploads\/2014\/09\/IMG_83711-100x100.jpg\" width=\"100\" height=\"100\" \/><\/a> <a href=\"http:\/\/colegiomariareina.cl\/2013\/wp-content\/uploads\/2014\/09\/IMG_83691.jpg\"><img loading=\"lazy\" decoding=\"async\" class=\"alignleft size-thumbnail wp-image-3184\" alt=\"IMG_8369\" src=\"http:\/\/colegiomariareina.cl\/2013\/wp-content\/uploads\/2014\/09\/IMG_83691-100x100.jpg\" width=\"100\" height=\"100\" \/><\/a> <a href=\"http:\/\/colegiomariareina.cl\/2013\/wp-content\/uploads\/2014\/09\/IMG_83621.jpg\"><img loading=\"lazy\" decoding=\"async\" class=\"alignleft size-thumbnail wp-image-3183\" alt=\"IMG_8362\" src=\"http:\/\/colegiomariareina.cl\/2013\/wp-content\/uploads\/2014\/09\/IMG_83621-100x100.jpg\" width=\"100\" height=\"100\" \/><\/a> <a href=\"http:\/\/colegiomariareina.cl\/2013\/wp-content\/uploads\/2014\/09\/IMG_83571.jpg\"><img loading=\"lazy\" decoding=\"async\" class=\"alignleft size-thumbnail wp-image-3182\" alt=\"IMG_8357\" src=\"http:\/\/colegiomariareina.cl\/2013\/wp-content\/uploads\/2014\/09\/IMG_83571-100x100.jpg\" width=\"100\" height=\"100\" \/><\/a><\/p>\n","protected":false},"excerpt":{"rendered":"<p>\u00a0\u00a0\u00a0 \u00a0\u00a0\u00a0\u00a0 El domingo 14 de Septiembre, una vez m\u00e1s\u00a0 haciendo presencia Josefina Trinitaria en el desfile. Como Colegio Cat\u00f3lico se hizo presente con los distintos grupos\u00a0 pastorales\u00a0 (Infancia misionera, Pastoral Juvenil y Pastoral de Pap\u00e1s) cada uno con su respectivo distintivo, adem\u00e1s del equipo directivo, los estudiantes de Prekinder a Cuarto Medio , centro [&hellip;]<\/p>\n","protected":false},"author":1,"featured_media":3200,"comment_status":"open","ping_status":"open","sticky":false,"template":"","format":"standard","meta":{"_et_pb_use_builder":"","_et_pb_old_content":"","_et_gb_content_width":"","footnotes":""},"categories":[3],"tags":[],"class_list":["post-3148","post","type-post","status-publish","format-standard","has-post-thumbnail","hentry","category-noticias"],"_links":{"self":[{"href":"https:\/\/colegiomariareina.cl\/2025\/wp-json\/wp\/v2\/posts\/3148","targetHints":{"allow":["GET"]}}],"collection":[{"href":"https:\/\/colegiomariareina.cl\/2025\/wp-json\/wp\/v2\/posts"}],"about":[{"href":"https:\/\/colegiomariareina.cl\/2025\/wp-json\/wp\/v2\/types\/post"}],"author":[{"embeddable":true,"href":"https:\/\/colegiomariareina.cl\/2025\/wp-json\/wp\/v2\/users\/1"}],"replies":[{"embeddable":true,"href":"https:\/\/colegiomariareina.cl\/2025\/wp-json\/wp\/v2\/comments?post=3148"}],"version-history":[{"count":1,"href":"https:\/\/colegiomariareina.cl\/2025\/wp-json\/wp\/v2\/posts\/3148\/revisions"}],"predecessor-version":[{"id":10596,"href":"https:\/\/colegiomariareina.cl\/2025\/wp-json\/wp\/v2\/posts\/3148\/revisions\/10596"}],"wp:featuredmedia":[{"embeddable":true,"href":"https:\/\/colegiomariareina.cl\/2025\/wp-json\/wp\/v2\/media\/3200"}],"wp:attachment":[{"href":"https:\/\/colegiomariareina.cl\/2025\/wp-json\/wp\/v2\/media?parent=3148"}],"wp:term":[{"taxonomy":"category","embeddable":true,"href":"https:\/\/colegiomariareina.cl\/2025\/wp-json\/wp\/v2\/categories?post=3148"},{"taxonomy":"post_tag","embeddable":true,"href":"https:\/\/colegiomariareina.cl\/2025\/wp-json\/wp\/v2\/tags?post=3148"}],"curies":[{"name":"wp","href":"https:\/\/api.w.org\/{rel}","templated":true}]}}