{"id":3262,"date":"2014-10-06T21:27:02","date_gmt":"2014-10-06T21:27:02","guid":{"rendered":"http:\/\/colegiomariareina.cl\/2013\/?p=3262"},"modified":"2014-10-06T21:27:02","modified_gmt":"2014-10-06T21:27:02","slug":"alumnos-nuevos-25-de-septiembre","status":"publish","type":"post","link":"https:\/\/colegiomariareina.cl\/2025\/alumnos-nuevos-25-de-septiembre\/","title":{"rendered":"ALUMNOS NUEVOS: 25 de Septiembre.-"},"content":{"rendered":"<p>El viernes 25 de septiembre, la pastoral juvenil, acogi\u00f3 a los postulantes del 2015 a nuestro colegio, alumnos de 1\u00b0 ense\u00f1anza media, con din\u00e1micas, oraci\u00f3n y explicaci\u00f3n del Carisma. Se form\u00f3 un lindo grupo porque todos participaron en las distintas actividades y se crearon lazos de fraternidad.<\/p>\n<p><a href=\"http:\/\/colegiomariareina.cl\/2013\/wp-content\/uploads\/2014\/10\/FullSizeRender.jpg\"><img loading=\"lazy\" decoding=\"async\" class=\"alignleft size-thumbnail wp-image-3260\" alt=\"FullSizeRender\" src=\"http:\/\/colegiomariareina.cl\/2013\/wp-content\/uploads\/2014\/10\/FullSizeRender-100x100.jpg\" width=\"100\" height=\"100\" \/><\/a><\/p>\n<p><a href=\"http:\/\/colegiomariareina.cl\/2013\/wp-content\/uploads\/2014\/10\/FullSizeRender3.jpg\"><img loading=\"lazy\" decoding=\"async\" class=\"alignleft size-thumbnail wp-image-3259\" alt=\"FullSizeRender(3)\" src=\"http:\/\/colegiomariareina.cl\/2013\/wp-content\/uploads\/2014\/10\/FullSizeRender3-100x100.jpg\" width=\"100\" height=\"100\" \/><\/a><\/p>\n<p><a href=\"http:\/\/colegiomariareina.cl\/2013\/wp-content\/uploads\/2014\/10\/FullSizeRender1.jpg\"><img loading=\"lazy\" decoding=\"async\" class=\"alignleft size-thumbnail wp-image-3258\" alt=\"FullSizeRender(1)\" src=\"http:\/\/colegiomariareina.cl\/2013\/wp-content\/uploads\/2014\/10\/FullSizeRender1-100x100.jpg\" width=\"100\" height=\"100\" \/><\/a><\/p>\n<p><a href=\"http:\/\/colegiomariareina.cl\/2013\/wp-content\/uploads\/2014\/10\/DSC05400.jpg\"><img loading=\"lazy\" decoding=\"async\" class=\"alignleft size-thumbnail wp-image-3257\" alt=\"DSC05400\" src=\"http:\/\/colegiomariareina.cl\/2013\/wp-content\/uploads\/2014\/10\/DSC05400-100x100.jpg\" width=\"100\" height=\"100\" \/><\/a><\/p>\n<p><a href=\"http:\/\/colegiomariareina.cl\/2013\/wp-content\/uploads\/2014\/10\/DSC05398.jpg\"><img loading=\"lazy\" decoding=\"async\" class=\"alignleft size-thumbnail wp-image-3256\" alt=\"DSC05398\" src=\"http:\/\/colegiomariareina.cl\/2013\/wp-content\/uploads\/2014\/10\/DSC05398-100x100.jpg\" width=\"100\" height=\"100\" \/><\/a><\/p>\n<p><a href=\"http:\/\/colegiomariareina.cl\/2013\/wp-content\/uploads\/2014\/10\/DSC05394.jpg\"><img loading=\"lazy\" decoding=\"async\" class=\"alignleft size-thumbnail wp-image-3255\" alt=\"DSC05394\" src=\"http:\/\/colegiomariareina.cl\/2013\/wp-content\/uploads\/2014\/10\/DSC05394-100x100.jpg\" width=\"100\" height=\"100\" \/><\/a><\/p>\n","protected":false},"excerpt":{"rendered":"<p>El viernes 25 de septiembre, la pastoral juvenil, acogi\u00f3 a los postulantes del 2015 a nuestro colegio, alumnos de 1\u00b0 ense\u00f1anza media, con din\u00e1micas, oraci\u00f3n y explicaci\u00f3n del Carisma. Se form\u00f3 un lindo grupo porque todos participaron en las distintas actividades y se crearon lazos de fraternidad.<\/p>\n","protected":false},"author":1,"featured_media":3257,"comment_status":"open","ping_status":"open","sticky":false,"template":"","format":"standard","meta":{"_et_pb_use_builder":"","_et_pb_old_content":"","_et_gb_content_width":"","footnotes":""},"categories":[3],"tags":[],"class_list":["post-3262","post","type-post","status-publish","format-standard","has-post-thumbnail","hentry","category-noticias"],"_links":{"self":[{"href":"https:\/\/colegiomariareina.cl\/2025\/wp-json\/wp\/v2\/posts\/3262","targetHints":{"allow":["GET"]}}],"collection":[{"href":"https:\/\/colegiomariareina.cl\/2025\/wp-json\/wp\/v2\/posts"}],"about":[{"href":"https:\/\/colegiomariareina.cl\/2025\/wp-json\/wp\/v2\/types\/post"}],"author":[{"embeddable":true,"href":"https:\/\/colegiomariareina.cl\/2025\/wp-json\/wp\/v2\/users\/1"}],"replies":[{"embeddable":true,"href":"https:\/\/colegiomariareina.cl\/2025\/wp-json\/wp\/v2\/comments?post=3262"}],"version-history":[{"count":0,"href":"https:\/\/colegiomariareina.cl\/2025\/wp-json\/wp\/v2\/posts\/3262\/revisions"}],"wp:featuredmedia":[{"embeddable":true,"href":"https:\/\/colegiomariareina.cl\/2025\/wp-json\/wp\/v2\/media\/3257"}],"wp:attachment":[{"href":"https:\/\/colegiomariareina.cl\/2025\/wp-json\/wp\/v2\/media?parent=3262"}],"wp:term":[{"taxonomy":"category","embeddable":true,"href":"https:\/\/colegiomariareina.cl\/2025\/wp-json\/wp\/v2\/categories?post=3262"},{"taxonomy":"post_tag","embeddable":true,"href":"https:\/\/colegiomariareina.cl\/2025\/wp-json\/wp\/v2\/tags?post=3262"}],"curies":[{"name":"wp","href":"https:\/\/api.w.org\/{rel}","templated":true}]}}