{"id":3281,"date":"2014-10-06T21:40:28","date_gmt":"2014-10-06T21:40:28","guid":{"rendered":"http:\/\/colegiomariareina.cl\/2013\/?p=3281"},"modified":"2014-10-06T21:40:28","modified_gmt":"2014-10-06T21:40:28","slug":"infancia-misionera-viernes-26-de-septiembre","status":"publish","type":"post","link":"https:\/\/colegiomariareina.cl\/2025\/infancia-misionera-viernes-26-de-septiembre\/","title":{"rendered":"INFANCIA MISIONERA: Viernes 26 de Septiembre.-"},"content":{"rendered":"<p style=\"text-align: justify;\">\u00a0\u00a0\u00a0\u00a0\u00a0\u00a0 El Viernes 26 de Septiembre los ni\u00f1os que participan de la infancia misionera recibieron el \u201cpa\u00f1uel\u00edn\u201d, que les hace miembros activos de este movimiento misionero. Acompa\u00f1aron las familias a estos peque\u00f1os que desde su corta edad se sienten colaboradores con la extensi\u00f3n del Reino de Dios. Ellos tambi\u00e9n se acogen a la protecci\u00f3n de la Virgen de la Merced, ofreci\u00e9ndose a ella con las promesas hechas junto a sus gu\u00edas.\u00a0\u00a0<\/p>\n<p style=\"text-align: justify;\">\u00a0\u00a0\u00a0\u00a0\u00a0\u00a0\u00a0\u00a0 Tambi\u00e9n se hizo presente el P\u00e1rroco del Santuario, Padre Marco Antonio y la Asesora de la Di\u00f3cesis.<\/p>\n<p style=\"text-align: justify;\">Con emoci\u00f3n y alegr\u00eda misionera, hacen su grito.<\/p>\n<p style=\"text-align: center;\">\u201cDe Enero a Diciembre, misionero siempre&#8221;<\/p>\n<p style=\"text-align: center;\"><a href=\"http:\/\/colegiomariareina.cl\/2013\/wp-content\/uploads\/2014\/10\/DSC05385.jpg\"><img loading=\"lazy\" decoding=\"async\" class=\"alignleft size-thumbnail wp-image-3280\" alt=\"DSC05385\" src=\"http:\/\/colegiomariareina.cl\/2013\/wp-content\/uploads\/2014\/10\/DSC05385-100x100.jpg\" width=\"100\" height=\"100\" \/><\/a> <a href=\"http:\/\/colegiomariareina.cl\/2013\/wp-content\/uploads\/2014\/10\/DSC05373.jpg\"><img loading=\"lazy\" decoding=\"async\" class=\"alignleft size-thumbnail wp-image-3279\" alt=\"DSC05373\" src=\"http:\/\/colegiomariareina.cl\/2013\/wp-content\/uploads\/2014\/10\/DSC05373-100x100.jpg\" width=\"100\" height=\"100\" \/><\/a> <a href=\"http:\/\/colegiomariareina.cl\/2013\/wp-content\/uploads\/2014\/10\/DSC05365.jpg\"><img loading=\"lazy\" decoding=\"async\" class=\"alignleft size-thumbnail wp-image-3278\" alt=\"DSC05365\" src=\"http:\/\/colegiomariareina.cl\/2013\/wp-content\/uploads\/2014\/10\/DSC05365-100x100.jpg\" width=\"100\" height=\"100\" \/><\/a> <a href=\"http:\/\/colegiomariareina.cl\/2013\/wp-content\/uploads\/2014\/10\/DSC05360.jpg\"><img loading=\"lazy\" decoding=\"async\" class=\"alignleft size-thumbnail wp-image-3276\" alt=\"DSC05360\" src=\"http:\/\/colegiomariareina.cl\/2013\/wp-content\/uploads\/2014\/10\/DSC05360-100x100.jpg\" width=\"100\" height=\"100\" \/><\/a> <a href=\"http:\/\/colegiomariareina.cl\/2013\/wp-content\/uploads\/2014\/10\/DSC05357.jpg\"><img loading=\"lazy\" decoding=\"async\" class=\"alignleft size-thumbnail wp-image-3275\" alt=\"DSC05357\" src=\"http:\/\/colegiomariareina.cl\/2013\/wp-content\/uploads\/2014\/10\/DSC05357-100x100.jpg\" width=\"100\" height=\"100\" \/><\/a> <a href=\"http:\/\/colegiomariareina.cl\/2013\/wp-content\/uploads\/2014\/10\/DSC05344.jpg\"><img loading=\"lazy\" decoding=\"async\" class=\"alignleft size-thumbnail wp-image-3273\" alt=\"DSC05344\" src=\"http:\/\/colegiomariareina.cl\/2013\/wp-content\/uploads\/2014\/10\/DSC05344-100x100.jpg\" width=\"100\" height=\"100\" \/><\/a> <a href=\"http:\/\/colegiomariareina.cl\/2013\/wp-content\/uploads\/2014\/10\/DSC05343.jpg\"><img loading=\"lazy\" decoding=\"async\" class=\"alignleft size-thumbnail wp-image-3272\" alt=\"DSC05343\" src=\"http:\/\/colegiomariareina.cl\/2013\/wp-content\/uploads\/2014\/10\/DSC05343-100x100.jpg\" width=\"100\" height=\"100\" \/><\/a> <a href=\"http:\/\/colegiomariareina.cl\/2013\/wp-content\/uploads\/2014\/10\/DSC05342.jpg\"><img loading=\"lazy\" decoding=\"async\" class=\"alignleft size-thumbnail wp-image-3271\" alt=\"DSC05342\" src=\"http:\/\/colegiomariareina.cl\/2013\/wp-content\/uploads\/2014\/10\/DSC05342-100x100.jpg\" width=\"100\" height=\"100\" \/><\/a> <a href=\"http:\/\/colegiomariareina.cl\/2013\/wp-content\/uploads\/2014\/10\/DSC05329.jpg\"><img loading=\"lazy\" decoding=\"async\" class=\"alignleft size-thumbnail wp-image-3268\" alt=\"DSC05329\" src=\"http:\/\/colegiomariareina.cl\/2013\/wp-content\/uploads\/2014\/10\/DSC05329-100x100.jpg\" width=\"100\" height=\"100\" \/><\/a> <a href=\"http:\/\/colegiomariareina.cl\/2013\/wp-content\/uploads\/2014\/10\/DSC05328.jpg\"><img loading=\"lazy\" decoding=\"async\" class=\"alignleft size-thumbnail wp-image-3267\" alt=\"DSC05328\" src=\"http:\/\/colegiomariareina.cl\/2013\/wp-content\/uploads\/2014\/10\/DSC05328-100x100.jpg\" width=\"100\" height=\"100\" \/><\/a> <a href=\"http:\/\/colegiomariareina.cl\/2013\/wp-content\/uploads\/2014\/10\/DSC05337.jpg\"><img loading=\"lazy\" decoding=\"async\" class=\"alignleft size-thumbnail wp-image-3270\" alt=\"DSC05337\" src=\"http:\/\/colegiomariareina.cl\/2013\/wp-content\/uploads\/2014\/10\/DSC05337-100x100.jpg\" width=\"100\" height=\"100\" \/><\/a> <a href=\"http:\/\/colegiomariareina.cl\/2013\/wp-content\/uploads\/2014\/10\/DSC05332.jpg\"><img loading=\"lazy\" decoding=\"async\" class=\"alignleft size-thumbnail wp-image-3269\" alt=\"DSC05332\" src=\"http:\/\/colegiomariareina.cl\/2013\/wp-content\/uploads\/2014\/10\/DSC05332-100x100.jpg\" width=\"100\" height=\"100\" \/><\/a><\/p>\n","protected":false},"excerpt":{"rendered":"<p>\u00a0\u00a0\u00a0\u00a0\u00a0\u00a0 El Viernes 26 de Septiembre los ni\u00f1os que participan de la infancia misionera recibieron el \u201cpa\u00f1uel\u00edn\u201d, que les hace miembros activos de este movimiento misionero. Acompa\u00f1aron las familias a estos peque\u00f1os que desde su corta edad se sienten colaboradores con la extensi\u00f3n del Reino de Dios. Ellos tambi\u00e9n se acogen a la protecci\u00f3n de [&hellip;]<\/p>\n","protected":false},"author":1,"featured_media":3275,"comment_status":"open","ping_status":"open","sticky":false,"template":"","format":"standard","meta":{"_et_pb_use_builder":"","_et_pb_old_content":"","_et_gb_content_width":"","footnotes":""},"categories":[3],"tags":[],"class_list":["post-3281","post","type-post","status-publish","format-standard","has-post-thumbnail","hentry","category-noticias"],"_links":{"self":[{"href":"https:\/\/colegiomariareina.cl\/2025\/wp-json\/wp\/v2\/posts\/3281","targetHints":{"allow":["GET"]}}],"collection":[{"href":"https:\/\/colegiomariareina.cl\/2025\/wp-json\/wp\/v2\/posts"}],"about":[{"href":"https:\/\/colegiomariareina.cl\/2025\/wp-json\/wp\/v2\/types\/post"}],"author":[{"embeddable":true,"href":"https:\/\/colegiomariareina.cl\/2025\/wp-json\/wp\/v2\/users\/1"}],"replies":[{"embeddable":true,"href":"https:\/\/colegiomariareina.cl\/2025\/wp-json\/wp\/v2\/comments?post=3281"}],"version-history":[{"count":0,"href":"https:\/\/colegiomariareina.cl\/2025\/wp-json\/wp\/v2\/posts\/3281\/revisions"}],"wp:featuredmedia":[{"embeddable":true,"href":"https:\/\/colegiomariareina.cl\/2025\/wp-json\/"}],"wp:attachment":[{"href":"https:\/\/colegiomariareina.cl\/2025\/wp-json\/wp\/v2\/media?parent=3281"}],"wp:term":[{"taxonomy":"category","embeddable":true,"href":"https:\/\/colegiomariareina.cl\/2025\/wp-json\/wp\/v2\/categories?post=3281"},{"taxonomy":"post_tag","embeddable":true,"href":"https:\/\/colegiomariareina.cl\/2025\/wp-json\/wp\/v2\/tags?post=3281"}],"curies":[{"name":"wp","href":"https:\/\/api.w.org\/{rel}","templated":true}]}}