{"id":3299,"date":"2014-10-09T16:50:35","date_gmt":"2014-10-09T16:50:35","guid":{"rendered":"http:\/\/colegiomariareina.cl\/2013\/?p=3299"},"modified":"2018-06-08T21:35:25","modified_gmt":"2018-06-08T21:35:25","slug":"el-anda-para-la-virgen-de-la-merced-28-de-septiembre","status":"publish","type":"post","link":"https:\/\/colegiomariareina.cl\/2025\/el-anda-para-la-virgen-de-la-merced-28-de-septiembre\/","title":{"rendered":"EL ANDA PARA LA VIRGEN DE LA MERCED:   28 de Septiembre.-"},"content":{"rendered":"<p style=\"text-align: justify;\">\u00a0\u00a0\u00a0\u00a0 En el marco de los 50 a\u00f1os, el Colegio junto con toda la Comunidad Educativa \u00a0han querido colaborar con el arreglo del anda para nuestra Madre, La Virgen de la Merced.<\/p>\n<p style=\"text-align: justify;\">\u00a0\u00a0\u00a0\u00a0\u00a0 Los que participamos de esta fiesta podemos decir que ella se merece tanta hermosura y belleza como fue adornada su\u00a0 anda que la pase\u00f3\u00a0 por las calles de la Isla de Maipo a la vez que nos\u00a0 iba abrazando a todos los isle\u00f1os.<\/p>\n<p style=\"text-align: justify;\">\u00a0\u00a0\u00a0\u00a0 Queremos agradecer a todas las familias, docentes ,\u00a0 asistentes de la educaci\u00f3n , alumnos y ex alumnos que se han sumado a esta campa\u00f1a\u00a0 haciendo posible este sue\u00f1o y regalo a nuestra Madre del Cielo en su fiesta \u00a0el \u00faltimo domingo del mes de Septiembre \u00a0llevando en cada flor sus intenciones y agradecimiento \u00a0por tantos \u00a0favores \u00a0recibidos de su Hijo Jes\u00fas.<\/p>\n<p style=\"text-align: justify;\">\u00a0\u00a0\u00a0\u00a0\u00a0 Felicitamos al Sr. Miguel \u00c1ngel\u00a0 Romero Vargas\u00a0 que con tanto cari\u00f1o, creatividad y entusiasmo hizo posible este sue\u00f1o de nuestro colegio en la celebraci\u00f3n\u00a0 de su cincuentenario.<\/p>\n<p style=\"text-align: justify;\"><a href=\"http:\/\/colegiomariareina.cl\/2013\/wp-content\/uploads\/2014\/10\/la-foto.jpg\"><img loading=\"lazy\" decoding=\"async\" class=\"alignleft size-thumbnail wp-image-3298\" alt=\"la foto\" src=\"http:\/\/colegiomariareina.cl\/2013\/wp-content\/uploads\/2014\/10\/la-foto-100x100.jpg\" width=\"100\" height=\"100\" \/><\/a> <a href=\"http:\/\/colegiomariareina.cl\/2013\/wp-content\/uploads\/2014\/10\/FullSizeRender11.jpg\"><img loading=\"lazy\" decoding=\"async\" class=\"alignleft size-thumbnail wp-image-3297\" alt=\"FullSizeRender(1)\" src=\"http:\/\/colegiomariareina.cl\/2013\/wp-content\/uploads\/2014\/10\/FullSizeRender11-100x100.jpg\" width=\"100\" height=\"100\" \/><\/a> <a href=\"http:\/\/colegiomariareina.cl\/2013\/wp-content\/uploads\/2014\/10\/fiesta-de-la-virgen.jpg\"><img loading=\"lazy\" decoding=\"async\" class=\"alignleft size-thumbnail wp-image-3296\" alt=\"fiesta de la virgen\" src=\"http:\/\/colegiomariareina.cl\/2013\/wp-content\/uploads\/2014\/10\/fiesta-de-la-virgen-100x100.jpg\" width=\"100\" height=\"100\" \/><\/a> <a href=\"http:\/\/colegiomariareina.cl\/2013\/wp-content\/uploads\/2014\/10\/DSCN1215.jpg\"><img loading=\"lazy\" decoding=\"async\" class=\"alignleft size-thumbnail wp-image-3294\" alt=\"DSCN1215\" src=\"http:\/\/colegiomariareina.cl\/2013\/wp-content\/uploads\/2014\/10\/DSCN1215-100x100.jpg\" width=\"100\" height=\"100\" \/><\/a> <a href=\"http:\/\/colegiomariareina.cl\/2013\/wp-content\/uploads\/2014\/10\/DSCN1172.jpg\"><img loading=\"lazy\" decoding=\"async\" class=\"alignleft size-thumbnail wp-image-3293\" alt=\"DSCN1172\" src=\"http:\/\/colegiomariareina.cl\/2013\/wp-content\/uploads\/2014\/10\/DSCN1172-100x100.jpg\" width=\"100\" height=\"100\" \/><\/a> <a href=\"http:\/\/colegiomariareina.cl\/2013\/wp-content\/uploads\/2014\/10\/DSC05468.jpg\"><img loading=\"lazy\" decoding=\"async\" class=\"alignleft size-thumbnail wp-image-3292\" alt=\"DSC05468\" src=\"http:\/\/colegiomariareina.cl\/2013\/wp-content\/uploads\/2014\/10\/DSC05468-100x100.jpg\" width=\"100\" height=\"100\" \/><\/a> <a href=\"http:\/\/colegiomariareina.cl\/2013\/wp-content\/uploads\/2014\/10\/DSC05464.jpg\"><img loading=\"lazy\" decoding=\"async\" class=\"alignleft size-thumbnail wp-image-3290\" alt=\"DSC05464\" src=\"http:\/\/colegiomariareina.cl\/2013\/wp-content\/uploads\/2014\/10\/DSC05464-100x100.jpg\" width=\"100\" height=\"100\" \/><\/a> <a href=\"http:\/\/colegiomariareina.cl\/2013\/wp-content\/uploads\/2014\/10\/DSC05461.jpg\"><img loading=\"lazy\" decoding=\"async\" class=\"alignleft size-thumbnail wp-image-3289\" alt=\"DSC05461\" src=\"http:\/\/colegiomariareina.cl\/2013\/wp-content\/uploads\/2014\/10\/DSC05461-100x100.jpg\" width=\"100\" height=\"100\" \/><\/a> <a href=\"http:\/\/colegiomariareina.cl\/2013\/wp-content\/uploads\/2014\/10\/DSC05458.jpg\"><img loading=\"lazy\" decoding=\"async\" class=\"alignleft size-thumbnail wp-image-3288\" alt=\"DSC05458\" src=\"http:\/\/colegiomariareina.cl\/2013\/wp-content\/uploads\/2014\/10\/DSC05458-100x100.jpg\" width=\"100\" height=\"100\" \/><\/a> <a href=\"http:\/\/colegiomariareina.cl\/2013\/wp-content\/uploads\/2014\/10\/DSC05457.jpg\"><img loading=\"lazy\" decoding=\"async\" class=\"alignleft size-thumbnail wp-image-3287\" alt=\"DSC05457\" src=\"http:\/\/colegiomariareina.cl\/2013\/wp-content\/uploads\/2014\/10\/DSC05457-100x100.jpg\" width=\"100\" height=\"100\" \/><\/a> <a href=\"http:\/\/colegiomariareina.cl\/2013\/wp-content\/uploads\/2014\/10\/DSC05450.jpg\"><img loading=\"lazy\" decoding=\"async\" class=\"alignleft size-thumbnail wp-image-3286\" alt=\"DSC05450\" src=\"http:\/\/colegiomariareina.cl\/2013\/wp-content\/uploads\/2014\/10\/DSC05450-100x100.jpg\" width=\"100\" height=\"100\" \/><\/a> <a href=\"http:\/\/colegiomariareina.cl\/2013\/wp-content\/uploads\/2014\/10\/DSC05449.jpg\"><img loading=\"lazy\" decoding=\"async\" class=\"alignleft size-thumbnail wp-image-3285\" alt=\"DSC05449\" src=\"http:\/\/colegiomariareina.cl\/2013\/wp-content\/uploads\/2014\/10\/DSC05449-100x100.jpg\" width=\"100\" height=\"100\" \/><\/a> <a href=\"http:\/\/colegiomariareina.cl\/2013\/wp-content\/uploads\/2014\/10\/DSC05447.jpg\"><img loading=\"lazy\" decoding=\"async\" class=\"alignleft size-thumbnail wp-image-3284\" alt=\"DSC05447\" src=\"http:\/\/colegiomariareina.cl\/2013\/wp-content\/uploads\/2014\/10\/DSC05447-100x100.jpg\" width=\"100\" height=\"100\" \/><\/a><\/p>\n<p style=\"text-align: justify;\">\u00a0<\/p>\n","protected":false},"excerpt":{"rendered":"<p>\u00a0\u00a0\u00a0\u00a0 En el marco de los 50 a\u00f1os, el Colegio junto con toda la Comunidad Educativa \u00a0han querido colaborar con el arreglo del anda para nuestra Madre, La Virgen de la Merced. \u00a0\u00a0\u00a0\u00a0\u00a0 Los que participamos de esta fiesta podemos decir que ella se merece tanta hermosura y belleza como fue adornada su\u00a0 anda que [&hellip;]<\/p>\n","protected":false},"author":1,"featured_media":3293,"comment_status":"open","ping_status":"open","sticky":false,"template":"","format":"standard","meta":{"_et_pb_use_builder":"","_et_pb_old_content":"","_et_gb_content_width":"","footnotes":""},"categories":[3],"tags":[],"class_list":["post-3299","post","type-post","status-publish","format-standard","has-post-thumbnail","hentry","category-noticias"],"_links":{"self":[{"href":"https:\/\/colegiomariareina.cl\/2025\/wp-json\/wp\/v2\/posts\/3299","targetHints":{"allow":["GET"]}}],"collection":[{"href":"https:\/\/colegiomariareina.cl\/2025\/wp-json\/wp\/v2\/posts"}],"about":[{"href":"https:\/\/colegiomariareina.cl\/2025\/wp-json\/wp\/v2\/types\/post"}],"author":[{"embeddable":true,"href":"https:\/\/colegiomariareina.cl\/2025\/wp-json\/wp\/v2\/users\/1"}],"replies":[{"embeddable":true,"href":"https:\/\/colegiomariareina.cl\/2025\/wp-json\/wp\/v2\/comments?post=3299"}],"version-history":[{"count":1,"href":"https:\/\/colegiomariareina.cl\/2025\/wp-json\/wp\/v2\/posts\/3299\/revisions"}],"predecessor-version":[{"id":10595,"href":"https:\/\/colegiomariareina.cl\/2025\/wp-json\/wp\/v2\/posts\/3299\/revisions\/10595"}],"wp:featuredmedia":[{"embeddable":true,"href":"https:\/\/colegiomariareina.cl\/2025\/wp-json\/"}],"wp:attachment":[{"href":"https:\/\/colegiomariareina.cl\/2025\/wp-json\/wp\/v2\/media?parent=3299"}],"wp:term":[{"taxonomy":"category","embeddable":true,"href":"https:\/\/colegiomariareina.cl\/2025\/wp-json\/wp\/v2\/categories?post=3299"},{"taxonomy":"post_tag","embeddable":true,"href":"https:\/\/colegiomariareina.cl\/2025\/wp-json\/wp\/v2\/tags?post=3299"}],"curies":[{"name":"wp","href":"https:\/\/api.w.org\/{rel}","templated":true}]}}