{"id":3317,"date":"2014-10-09T17:12:16","date_gmt":"2014-10-09T17:12:16","guid":{"rendered":"http:\/\/colegiomariareina.cl\/2013\/?p=3317"},"modified":"2014-10-09T17:12:16","modified_gmt":"2014-10-09T17:12:16","slug":"procesion-de-las-familias-28-de-septiembre","status":"publish","type":"post","link":"https:\/\/colegiomariareina.cl\/2025\/procesion-de-las-familias-28-de-septiembre\/","title":{"rendered":"PROCESI\u00d3N DE LAS FAMILIAS: 28 de Septiembre.-"},"content":{"rendered":"<p style=\"text-align: justify;\">\u00a0\u00a0\u00a0 Como es tradici\u00f3n, \u00a0el s\u00e1bado anterior al \u00faltimo Domingo de Septiembre Fiesta grande de nuestra Se\u00f1ora de la Merced, \u00a0patrona\u00a0 de La isla de Maipo,\u00a0 entre las muchas actividades que se hacen en honor suyo\u00a0 en estos casi 47 d\u00edas, se lleva a cabo la procesi\u00f3n de los ni\u00f1os, que por tanta familia que se un\u00eda ha pasado a llamarse,\u00a0 de las familias. Destacamos la Infancia Misionera del colegio\u00a0 que con su distintivo fueron los primeros en portar su anda por las calles.<\/p>\n<p style=\"text-align: justify;\">\u00a0\u00a0\u00a0 Este a\u00f1o fueron muchas las familias que junto a sus hijos m\u00e1s peque\u00f1os y\u00a0 a nuestra Madre, la Virgen de la Merced, salieron a caminar por las calles, animados todo el tiempo por los grupos juveniles de la Parroquia y de Colegio.\u00a0 Fue una gran oportunidad para alabar y agradecer a Dios por darnos una Madre que nos gu\u00eda, protege y acompa\u00f1a nuestra vida de fe.<\/p>\n<p style=\"text-align: justify;\">\u00a0\u00a0\u00a0 Haciendo vida las palabras del Papa Francisco, salieron a hacer bulla para expresar la alegr\u00eda de ser cat\u00f3licos y de sentirse Misioneros , cantando y rezando y hasta bailando en las din\u00e1micas tanto peque\u00f1os como grandes.<\/p>\n<p style=\"text-align: justify;\"><a href=\"http:\/\/colegiomariareina.cl\/2013\/wp-content\/uploads\/2014\/10\/IMG_3419.jpg\"><img loading=\"lazy\" decoding=\"async\" class=\"alignleft size-thumbnail wp-image-3316\" alt=\"IMG_3419\" src=\"http:\/\/colegiomariareina.cl\/2013\/wp-content\/uploads\/2014\/10\/IMG_3419-100x100.jpg\" width=\"100\" height=\"100\" \/><\/a> <a href=\"http:\/\/colegiomariareina.cl\/2013\/wp-content\/uploads\/2014\/10\/IMG_3418.jpg\"><img loading=\"lazy\" decoding=\"async\" class=\"alignleft size-thumbnail wp-image-3315\" alt=\"IMG_3418\" src=\"http:\/\/colegiomariareina.cl\/2013\/wp-content\/uploads\/2014\/10\/IMG_3418-100x100.jpg\" width=\"100\" height=\"100\" \/><\/a> <a href=\"http:\/\/colegiomariareina.cl\/2013\/wp-content\/uploads\/2014\/10\/DSC05442.jpg\"><img loading=\"lazy\" decoding=\"async\" class=\"alignleft size-thumbnail wp-image-3314\" alt=\"DSC05442\" src=\"http:\/\/colegiomariareina.cl\/2013\/wp-content\/uploads\/2014\/10\/DSC05442-100x100.jpg\" width=\"100\" height=\"100\" \/><\/a> <a href=\"http:\/\/colegiomariareina.cl\/2013\/wp-content\/uploads\/2014\/10\/DSC05431.jpg\"><img loading=\"lazy\" decoding=\"async\" class=\"alignleft size-thumbnail wp-image-3313\" alt=\"DSC05431\" src=\"http:\/\/colegiomariareina.cl\/2013\/wp-content\/uploads\/2014\/10\/DSC05431-100x100.jpg\" width=\"100\" height=\"100\" \/><\/a> <a href=\"http:\/\/colegiomariareina.cl\/2013\/wp-content\/uploads\/2014\/10\/DSC05427.jpg\"><img loading=\"lazy\" decoding=\"async\" class=\"alignleft size-thumbnail wp-image-3312\" alt=\"DSC05427\" src=\"http:\/\/colegiomariareina.cl\/2013\/wp-content\/uploads\/2014\/10\/DSC05427-100x100.jpg\" width=\"100\" height=\"100\" \/><\/a> <a href=\"http:\/\/colegiomariareina.cl\/2013\/wp-content\/uploads\/2014\/10\/DSC05425.jpg\"><img loading=\"lazy\" decoding=\"async\" class=\"alignleft size-thumbnail wp-image-3311\" alt=\"DSC05425\" src=\"http:\/\/colegiomariareina.cl\/2013\/wp-content\/uploads\/2014\/10\/DSC05425-100x100.jpg\" width=\"100\" height=\"100\" \/><\/a> <a href=\"http:\/\/colegiomariareina.cl\/2013\/wp-content\/uploads\/2014\/10\/DSC05419.jpg\"><img loading=\"lazy\" decoding=\"async\" class=\"alignleft size-thumbnail wp-image-3310\" alt=\"DSC05419\" src=\"http:\/\/colegiomariareina.cl\/2013\/wp-content\/uploads\/2014\/10\/DSC05419-100x100.jpg\" width=\"100\" height=\"100\" \/><\/a> <a href=\"http:\/\/colegiomariareina.cl\/2013\/wp-content\/uploads\/2014\/10\/DSC05414.jpg\"><img loading=\"lazy\" decoding=\"async\" class=\"alignleft size-thumbnail wp-image-3309\" alt=\"DSC05414\" src=\"http:\/\/colegiomariareina.cl\/2013\/wp-content\/uploads\/2014\/10\/DSC05414-100x100.jpg\" width=\"100\" height=\"100\" \/><\/a> <a href=\"http:\/\/colegiomariareina.cl\/2013\/wp-content\/uploads\/2014\/10\/DSC05412.jpg\"><img loading=\"lazy\" decoding=\"async\" class=\"alignleft size-thumbnail wp-image-3308\" alt=\"DSC05412\" src=\"http:\/\/colegiomariareina.cl\/2013\/wp-content\/uploads\/2014\/10\/DSC05412-100x100.jpg\" width=\"100\" height=\"100\" \/><\/a> <a href=\"http:\/\/colegiomariareina.cl\/2013\/wp-content\/uploads\/2014\/10\/DSC05409.jpg\"><img loading=\"lazy\" decoding=\"async\" class=\"alignleft size-thumbnail wp-image-3307\" alt=\"DSC05409\" src=\"http:\/\/colegiomariareina.cl\/2013\/wp-content\/uploads\/2014\/10\/DSC05409-100x100.jpg\" width=\"100\" height=\"100\" \/><\/a> <a href=\"http:\/\/colegiomariareina.cl\/2013\/wp-content\/uploads\/2014\/10\/DSC05408.jpg\"><img loading=\"lazy\" decoding=\"async\" class=\"alignleft size-thumbnail wp-image-3306\" alt=\"DSC05408\" src=\"http:\/\/colegiomariareina.cl\/2013\/wp-content\/uploads\/2014\/10\/DSC05408-100x100.jpg\" width=\"100\" height=\"100\" \/><\/a> <a href=\"http:\/\/colegiomariareina.cl\/2013\/wp-content\/uploads\/2014\/10\/DSC05407.jpg\"><img loading=\"lazy\" decoding=\"async\" class=\"alignleft size-thumbnail wp-image-3305\" alt=\"DSC05407\" src=\"http:\/\/colegiomariareina.cl\/2013\/wp-content\/uploads\/2014\/10\/DSC05407-100x100.jpg\" width=\"100\" height=\"100\" \/><\/a><\/p>\n<p style=\"text-align: justify;\">\u00a0\u00a0\u00a0<\/p>\n","protected":false},"excerpt":{"rendered":"<p>\u00a0\u00a0\u00a0 Como es tradici\u00f3n, \u00a0el s\u00e1bado anterior al \u00faltimo Domingo de Septiembre Fiesta grande de nuestra Se\u00f1ora de la Merced, \u00a0patrona\u00a0 de La isla de Maipo,\u00a0 entre las muchas actividades que se hacen en honor suyo\u00a0 en estos casi 47 d\u00edas, se lleva a cabo la procesi\u00f3n de los ni\u00f1os, que por tanta familia que [&hellip;]<\/p>\n","protected":false},"author":1,"featured_media":3307,"comment_status":"open","ping_status":"open","sticky":false,"template":"","format":"standard","meta":{"_et_pb_use_builder":"","_et_pb_old_content":"","_et_gb_content_width":"","footnotes":""},"categories":[3],"tags":[],"class_list":["post-3317","post","type-post","status-publish","format-standard","has-post-thumbnail","hentry","category-noticias"],"_links":{"self":[{"href":"https:\/\/colegiomariareina.cl\/2025\/wp-json\/wp\/v2\/posts\/3317","targetHints":{"allow":["GET"]}}],"collection":[{"href":"https:\/\/colegiomariareina.cl\/2025\/wp-json\/wp\/v2\/posts"}],"about":[{"href":"https:\/\/colegiomariareina.cl\/2025\/wp-json\/wp\/v2\/types\/post"}],"author":[{"embeddable":true,"href":"https:\/\/colegiomariareina.cl\/2025\/wp-json\/wp\/v2\/users\/1"}],"replies":[{"embeddable":true,"href":"https:\/\/colegiomariareina.cl\/2025\/wp-json\/wp\/v2\/comments?post=3317"}],"version-history":[{"count":0,"href":"https:\/\/colegiomariareina.cl\/2025\/wp-json\/wp\/v2\/posts\/3317\/revisions"}],"wp:featuredmedia":[{"embeddable":true,"href":"https:\/\/colegiomariareina.cl\/2025\/wp-json\/"}],"wp:attachment":[{"href":"https:\/\/colegiomariareina.cl\/2025\/wp-json\/wp\/v2\/media?parent=3317"}],"wp:term":[{"taxonomy":"category","embeddable":true,"href":"https:\/\/colegiomariareina.cl\/2025\/wp-json\/wp\/v2\/categories?post=3317"},{"taxonomy":"post_tag","embeddable":true,"href":"https:\/\/colegiomariareina.cl\/2025\/wp-json\/wp\/v2\/tags?post=3317"}],"curies":[{"name":"wp","href":"https:\/\/api.w.org\/{rel}","templated":true}]}}