{"id":3696,"date":"2015-03-26T18:50:23","date_gmt":"2015-03-26T18:50:23","guid":{"rendered":"http:\/\/colegiomariareina.cl\/2013\/?p=3696"},"modified":"2015-03-26T18:50:23","modified_gmt":"2015-03-26T18:50:23","slug":"misa-san-jose-jueves-19-de-marzo","status":"publish","type":"post","link":"https:\/\/colegiomariareina.cl\/2025\/misa-san-jose-jueves-19-de-marzo\/","title":{"rendered":"MISA SAN JOS\u00c9.- Jueves 19 de Marzo"},"content":{"rendered":"<p style=\"text-align: justify;\"><span style=\"color: #000000;\">\u00a0\u00a0\u00a0\u00a0\u00a0 Con mucha <span style=\"color: #000000;\">ALEGR\u00cdA, <\/span>\u00a0la Comunidad Educativa, da inicio al a\u00f1o escolar 2015 con una Eucarist\u00eda para celebrar tambi\u00e9n\u00a0 a San Jos\u00e9, \u00a0patrono\u00a0 de la Iglesia Cat\u00f3lica y del Instituto HH. Josefinas .Esta celebraci\u00f3n fue acompa\u00f1ada por pap\u00e1s y mam\u00e1s\u00a0 que la vivieron con gran entusiasmo<\/span><\/p>\n<p>\u00a0\u00a0\u00a0 Ni\u00f1os cantando, j\u00f3venes participando activa y respetuosamente fue la t\u00f3nica de \u00e9sta hermosa celebraci\u00f3n que tambi\u00e9n se celebr\u00f3 con una rica colaci\u00f3n entregada por el colegio.<\/p>\n<p style=\"text-align: justify;\"><span style=\"font-family: Calibri;\"><span style=\"color: #000000;\">\u00a0\u00a0\u00a0 <a href=\"http:\/\/colegiomariareina.cl\/2013\/wp-content\/uploads\/2015\/03\/resized_100_1049.jpg\"><img loading=\"lazy\" decoding=\"async\" class=\"alignleft size-thumbnail wp-image-3691\" alt=\"resized_100_1049\" src=\"http:\/\/colegiomariareina.cl\/2013\/wp-content\/uploads\/2015\/03\/resized_100_1049-100x100.jpg\" width=\"100\" height=\"100\" \/><\/a> <a href=\"http:\/\/colegiomariareina.cl\/2013\/wp-content\/uploads\/2015\/03\/resized_100_1048.jpg\"><img loading=\"lazy\" decoding=\"async\" class=\"alignleft size-thumbnail wp-image-3690\" alt=\"resized_100_1048\" src=\"http:\/\/colegiomariareina.cl\/2013\/wp-content\/uploads\/2015\/03\/resized_100_1048-100x100.jpg\" width=\"100\" height=\"100\" \/><\/a> <a href=\"http:\/\/colegiomariareina.cl\/2013\/wp-content\/uploads\/2015\/03\/resized_100_1047.jpg\"><img loading=\"lazy\" decoding=\"async\" class=\"alignleft size-thumbnail wp-image-3689\" alt=\"resized_100_1047\" src=\"http:\/\/colegiomariareina.cl\/2013\/wp-content\/uploads\/2015\/03\/resized_100_1047-100x100.jpg\" width=\"100\" height=\"100\" \/><\/a> <a href=\"http:\/\/colegiomariareina.cl\/2013\/wp-content\/uploads\/2015\/03\/resized_100_1046.jpg\"><img loading=\"lazy\" decoding=\"async\" class=\"alignleft size-thumbnail wp-image-3688\" alt=\"resized_100_1046\" src=\"http:\/\/colegiomariareina.cl\/2013\/wp-content\/uploads\/2015\/03\/resized_100_1046-100x100.jpg\" width=\"100\" height=\"100\" \/><\/a> <a href=\"http:\/\/colegiomariareina.cl\/2013\/wp-content\/uploads\/2015\/03\/resized_100_1045.jpg\"><img loading=\"lazy\" decoding=\"async\" class=\"alignleft size-thumbnail wp-image-3687\" alt=\"resized_100_1045\" src=\"http:\/\/colegiomariareina.cl\/2013\/wp-content\/uploads\/2015\/03\/resized_100_1045-100x100.jpg\" width=\"100\" height=\"100\" \/><\/a> <a href=\"http:\/\/colegiomariareina.cl\/2013\/wp-content\/uploads\/2015\/03\/resized_100_1043.jpg\"><img loading=\"lazy\" decoding=\"async\" class=\"alignleft size-thumbnail wp-image-3686\" alt=\"resized_100_1043\" src=\"http:\/\/colegiomariareina.cl\/2013\/wp-content\/uploads\/2015\/03\/resized_100_1043-100x100.jpg\" width=\"100\" height=\"100\" \/><\/a> <a href=\"http:\/\/colegiomariareina.cl\/2013\/wp-content\/uploads\/2015\/03\/resized_100_1042.jpg\"><img loading=\"lazy\" decoding=\"async\" class=\"alignleft size-thumbnail wp-image-3685\" alt=\"resized_100_1042\" src=\"http:\/\/colegiomariareina.cl\/2013\/wp-content\/uploads\/2015\/03\/resized_100_1042-100x100.jpg\" width=\"100\" height=\"100\" \/><\/a> <a href=\"http:\/\/colegiomariareina.cl\/2013\/wp-content\/uploads\/2015\/03\/resized_100_1041.jpg\"><img loading=\"lazy\" decoding=\"async\" class=\"alignleft size-thumbnail wp-image-3684\" alt=\"resized_100_1041\" src=\"http:\/\/colegiomariareina.cl\/2013\/wp-content\/uploads\/2015\/03\/resized_100_1041-100x100.jpg\" width=\"100\" height=\"100\" \/><\/a><\/span><\/span><\/p>\n","protected":false},"excerpt":{"rendered":"<p>\u00a0\u00a0\u00a0\u00a0\u00a0 Con mucha ALEGR\u00cdA, \u00a0la Comunidad Educativa, da inicio al a\u00f1o escolar 2015 con una Eucarist\u00eda para celebrar tambi\u00e9n\u00a0 a San Jos\u00e9, \u00a0patrono\u00a0 de la Iglesia Cat\u00f3lica y del Instituto HH. Josefinas .Esta celebraci\u00f3n fue acompa\u00f1ada por pap\u00e1s y mam\u00e1s\u00a0 que la vivieron con gran entusiasmo \u00a0\u00a0\u00a0 Ni\u00f1os cantando, j\u00f3venes participando activa y respetuosamente fue [&hellip;]<\/p>\n","protected":false},"author":1,"featured_media":3695,"comment_status":"open","ping_status":"open","sticky":false,"template":"","format":"standard","meta":{"_et_pb_use_builder":"","_et_pb_old_content":"","_et_gb_content_width":"","footnotes":""},"categories":[3],"tags":[],"class_list":["post-3696","post","type-post","status-publish","format-standard","has-post-thumbnail","hentry","category-noticias"],"_links":{"self":[{"href":"https:\/\/colegiomariareina.cl\/2025\/wp-json\/wp\/v2\/posts\/3696","targetHints":{"allow":["GET"]}}],"collection":[{"href":"https:\/\/colegiomariareina.cl\/2025\/wp-json\/wp\/v2\/posts"}],"about":[{"href":"https:\/\/colegiomariareina.cl\/2025\/wp-json\/wp\/v2\/types\/post"}],"author":[{"embeddable":true,"href":"https:\/\/colegiomariareina.cl\/2025\/wp-json\/wp\/v2\/users\/1"}],"replies":[{"embeddable":true,"href":"https:\/\/colegiomariareina.cl\/2025\/wp-json\/wp\/v2\/comments?post=3696"}],"version-history":[{"count":0,"href":"https:\/\/colegiomariareina.cl\/2025\/wp-json\/wp\/v2\/posts\/3696\/revisions"}],"wp:featuredmedia":[{"embeddable":true,"href":"https:\/\/colegiomariareina.cl\/2025\/wp-json\/"}],"wp:attachment":[{"href":"https:\/\/colegiomariareina.cl\/2025\/wp-json\/wp\/v2\/media?parent=3696"}],"wp:term":[{"taxonomy":"category","embeddable":true,"href":"https:\/\/colegiomariareina.cl\/2025\/wp-json\/wp\/v2\/categories?post=3696"},{"taxonomy":"post_tag","embeddable":true,"href":"https:\/\/colegiomariareina.cl\/2025\/wp-json\/wp\/v2\/tags?post=3696"}],"curies":[{"name":"wp","href":"https:\/\/api.w.org\/{rel}","templated":true}]}}