{"id":3708,"date":"2015-03-30T09:58:51","date_gmt":"2015-03-30T09:58:51","guid":{"rendered":"http:\/\/colegiomariareina.cl\/2013\/?p=3708"},"modified":"2015-03-30T09:58:51","modified_gmt":"2015-03-30T09:58:51","slug":"mediadores-escolares-cmri-23-de-marzo-2015","status":"publish","type":"post","link":"https:\/\/colegiomariareina.cl\/2025\/mediadores-escolares-cmri-23-de-marzo-2015\/","title":{"rendered":"MEDIADORES ESCOLARES CMRI.- 23 de Marzo 2015"},"content":{"rendered":"<p style=\"text-align: justify;\">\u00a0\u00a0\u00a0\u00a0\u00a0 \u00c9ste lunes 23 de marzo se ha dado inicio al segundo a\u00f1o de nuestro proyecto de \u201cMediadores Escolares Del Colegio Mar\u00eda Reina Inmaculada\u201d que con mucho orgullo y esperanza hemos implementado el a\u00f1o 2014 con capacitaci\u00f3n a un selecto grupo de alumnos de diversos cursos desde 5\u00b0 b\u00e1sico a 3\u00b0medio en \u201cresoluci\u00f3n pac\u00edfica de conflictos escolares\u201d.<\/p>\n<p style=\"text-align: justify;\">\u00a0\u00a0\u00a0 La iniciativa, impulsada por Don Jos\u00e9 Riquelme Herrera, encargado del \u00e1rea de convivencia escolar de nuestro colegio, apunta a que sean nuestros propios alumnos quienes resuelvan aquellos eventuales conflictos que tengan sus compa\u00f1eros y as\u00ed llegar a una soluci\u00f3n mediante el di\u00e1logo, confidencialidad y compromiso de una sana convivencia escolar.<\/p>\n<p><a href=\"http:\/\/colegiomariareina.cl\/2013\/wp-content\/uploads\/2015\/03\/resized_IMG_6489.jpg\"><img loading=\"lazy\" decoding=\"async\" class=\"alignleft size-thumbnail wp-image-3707\" alt=\"resized_IMG_6489\" src=\"http:\/\/colegiomariareina.cl\/2013\/wp-content\/uploads\/2015\/03\/resized_IMG_6489-100x100.jpg\" width=\"100\" height=\"100\" \/><\/a> <a href=\"http:\/\/colegiomariareina.cl\/2013\/wp-content\/uploads\/2015\/03\/resized_IMG_6488.jpg\"><img loading=\"lazy\" decoding=\"async\" class=\"alignleft size-thumbnail wp-image-3706\" alt=\"resized_IMG_6488\" src=\"http:\/\/colegiomariareina.cl\/2013\/wp-content\/uploads\/2015\/03\/resized_IMG_6488-100x100.jpg\" width=\"100\" height=\"100\" \/><\/a> <a href=\"http:\/\/colegiomariareina.cl\/2013\/wp-content\/uploads\/2015\/03\/resized_IMG_6486.jpg\"><img loading=\"lazy\" decoding=\"async\" class=\"alignleft size-thumbnail wp-image-3705\" alt=\"resized_IMG_6486\" src=\"http:\/\/colegiomariareina.cl\/2013\/wp-content\/uploads\/2015\/03\/resized_IMG_6486-100x100.jpg\" width=\"100\" height=\"100\" \/><\/a> <a href=\"http:\/\/colegiomariareina.cl\/2013\/wp-content\/uploads\/2015\/03\/resized_IMG_6485.jpg\"><img loading=\"lazy\" decoding=\"async\" class=\"alignleft size-thumbnail wp-image-3704\" alt=\"resized_IMG_6485\" src=\"http:\/\/colegiomariareina.cl\/2013\/wp-content\/uploads\/2015\/03\/resized_IMG_6485-100x100.jpg\" width=\"100\" height=\"100\" \/><\/a> <a href=\"http:\/\/colegiomariareina.cl\/2013\/wp-content\/uploads\/2015\/03\/resized_IMG_6482.jpg\"><img loading=\"lazy\" decoding=\"async\" class=\"alignleft size-thumbnail wp-image-3703\" alt=\"resized_IMG_6482\" src=\"http:\/\/colegiomariareina.cl\/2013\/wp-content\/uploads\/2015\/03\/resized_IMG_6482-100x100.jpg\" width=\"100\" height=\"100\" \/><\/a> <a href=\"http:\/\/colegiomariareina.cl\/2013\/wp-content\/uploads\/2015\/03\/resized_IMG_6479.jpg\"><img loading=\"lazy\" decoding=\"async\" class=\"alignleft size-thumbnail wp-image-3702\" alt=\"resized_IMG_6479\" src=\"http:\/\/colegiomariareina.cl\/2013\/wp-content\/uploads\/2015\/03\/resized_IMG_6479-100x100.jpg\" width=\"100\" height=\"100\" \/><\/a> <a href=\"http:\/\/colegiomariareina.cl\/2013\/wp-content\/uploads\/2015\/03\/resized_100_1283.jpg\"><img loading=\"lazy\" decoding=\"async\" class=\"alignleft size-thumbnail wp-image-3701\" alt=\"resized_100_1283\" src=\"http:\/\/colegiomariareina.cl\/2013\/wp-content\/uploads\/2015\/03\/resized_100_1283-100x100.jpg\" width=\"100\" height=\"100\" \/><\/a><\/p>\n<p>&nbsp;<\/p>\n<p>&nbsp;<\/p>\n<p>&nbsp;<\/p>\n<p>&nbsp;<\/p>\n<p>&nbsp;<\/p>\n<p>&nbsp;<\/p>\n<p><span style=\"color: #000000; font-family: Calibri;\">\u00a0\u00a0\u00a0\u00a0\u00a0\u00a0\u00a0\u00a0\u00a0 <\/span><\/p>\n<p>&nbsp;<\/p>\n<p>&nbsp;<\/p>\n<p>&nbsp;<\/p>\n<p>&nbsp;<\/p>\n<p>&nbsp;<\/p>\n<p>&nbsp;<\/p>\n<p>&nbsp;<\/p>\n","protected":false},"excerpt":{"rendered":"<p>\u00a0\u00a0\u00a0\u00a0\u00a0 \u00c9ste lunes 23 de marzo se ha dado inicio al segundo a\u00f1o de nuestro proyecto de \u201cMediadores Escolares Del Colegio Mar\u00eda Reina Inmaculada\u201d que con mucho orgullo y esperanza hemos implementado el a\u00f1o 2014 con capacitaci\u00f3n a un selecto grupo de alumnos de diversos cursos desde 5\u00b0 b\u00e1sico a 3\u00b0medio en \u201cresoluci\u00f3n pac\u00edfica de [&hellip;]<\/p>\n","protected":false},"author":1,"featured_media":3701,"comment_status":"open","ping_status":"open","sticky":false,"template":"","format":"standard","meta":{"_et_pb_use_builder":"","_et_pb_old_content":"","_et_gb_content_width":"","footnotes":""},"categories":[3],"tags":[],"class_list":["post-3708","post","type-post","status-publish","format-standard","has-post-thumbnail","hentry","category-noticias"],"_links":{"self":[{"href":"https:\/\/colegiomariareina.cl\/2025\/wp-json\/wp\/v2\/posts\/3708","targetHints":{"allow":["GET"]}}],"collection":[{"href":"https:\/\/colegiomariareina.cl\/2025\/wp-json\/wp\/v2\/posts"}],"about":[{"href":"https:\/\/colegiomariareina.cl\/2025\/wp-json\/wp\/v2\/types\/post"}],"author":[{"embeddable":true,"href":"https:\/\/colegiomariareina.cl\/2025\/wp-json\/wp\/v2\/users\/1"}],"replies":[{"embeddable":true,"href":"https:\/\/colegiomariareina.cl\/2025\/wp-json\/wp\/v2\/comments?post=3708"}],"version-history":[{"count":0,"href":"https:\/\/colegiomariareina.cl\/2025\/wp-json\/wp\/v2\/posts\/3708\/revisions"}],"wp:featuredmedia":[{"embeddable":true,"href":"https:\/\/colegiomariareina.cl\/2025\/wp-json\/"}],"wp:attachment":[{"href":"https:\/\/colegiomariareina.cl\/2025\/wp-json\/wp\/v2\/media?parent=3708"}],"wp:term":[{"taxonomy":"category","embeddable":true,"href":"https:\/\/colegiomariareina.cl\/2025\/wp-json\/wp\/v2\/categories?post=3708"},{"taxonomy":"post_tag","embeddable":true,"href":"https:\/\/colegiomariareina.cl\/2025\/wp-json\/wp\/v2\/tags?post=3708"}],"curies":[{"name":"wp","href":"https:\/\/api.w.org\/{rel}","templated":true}]}}