{"id":3750,"date":"2015-03-26T19:08:46","date_gmt":"2015-03-26T19:08:46","guid":{"rendered":"http:\/\/colegiomariareina.cl\/2013\/?p=3750"},"modified":"2015-03-26T19:08:46","modified_gmt":"2015-03-26T19:08:46","slug":"preparandonos-para-la-fiesta-de-la-vendimia-2015","status":"publish","type":"post","link":"https:\/\/colegiomariareina.cl\/2025\/preparandonos-para-la-fiesta-de-la-vendimia-2015\/","title":{"rendered":"PREPARANDONOS PARA LA FIESTA DE LA VENDIMIA 2015.-"},"content":{"rendered":"<p style=\"text-align: justify;\">Alumnos de 4\u00ba medio de la espacialidad de \u201cProcesamiento de la Madera\u201d junto al profesor de la especialidad H\u00e9ctor Negrete se preparan con mucha alegr\u00eda y entusiasmo creando y construyendo los muebles que expondr\u00e1n en su local de la feria. All\u00ed podr\u00e1 encontrar diversos muebles con hermosos dise\u00f1os y\u00a0 finas terminaciones.<\/p>\n<p style=\"text-align: justify;\"><span style=\"font-family: Calibri;\"><span style=\"color: #000000;\">\u00a0<a href=\"http:\/\/colegiomariareina.cl\/2013\/wp-content\/uploads\/2015\/03\/resized_100_1538.jpg\"><img loading=\"lazy\" decoding=\"async\" class=\"alignleft size-thumbnail wp-image-3748\" alt=\"resized_100_1538\" src=\"http:\/\/colegiomariareina.cl\/2013\/wp-content\/uploads\/2015\/03\/resized_100_1538-100x100.jpg\" width=\"100\" height=\"100\" \/><\/a> <a href=\"http:\/\/colegiomariareina.cl\/2013\/wp-content\/uploads\/2015\/03\/resized_100_1537.jpg\"><img loading=\"lazy\" decoding=\"async\" class=\"alignleft size-thumbnail wp-image-3747\" alt=\"resized_100_1537\" src=\"http:\/\/colegiomariareina.cl\/2013\/wp-content\/uploads\/2015\/03\/resized_100_1537-100x100.jpg\" width=\"100\" height=\"100\" \/><\/a> <a href=\"http:\/\/colegiomariareina.cl\/2013\/wp-content\/uploads\/2015\/03\/resized_100_1536.jpg\"><img loading=\"lazy\" decoding=\"async\" class=\"alignleft size-thumbnail wp-image-3746\" alt=\"resized_100_1536\" src=\"http:\/\/colegiomariareina.cl\/2013\/wp-content\/uploads\/2015\/03\/resized_100_1536-100x100.jpg\" width=\"100\" height=\"100\" \/><\/a> <a href=\"http:\/\/colegiomariareina.cl\/2013\/wp-content\/uploads\/2015\/03\/resized_100_1534.jpg\"><img loading=\"lazy\" decoding=\"async\" class=\"alignleft size-thumbnail wp-image-3745\" alt=\"resized_100_1534\" src=\"http:\/\/colegiomariareina.cl\/2013\/wp-content\/uploads\/2015\/03\/resized_100_1534-100x100.jpg\" width=\"100\" height=\"100\" \/><\/a> <a href=\"http:\/\/colegiomariareina.cl\/2013\/wp-content\/uploads\/2015\/03\/resized_100_1532.jpg\"><img loading=\"lazy\" decoding=\"async\" class=\"alignleft size-thumbnail wp-image-3744\" alt=\"resized_100_1532\" src=\"http:\/\/colegiomariareina.cl\/2013\/wp-content\/uploads\/2015\/03\/resized_100_1532-100x100.jpg\" width=\"100\" height=\"100\" \/><\/a> <a href=\"http:\/\/colegiomariareina.cl\/2013\/wp-content\/uploads\/2015\/03\/resized_100_1531.jpg\"><img loading=\"lazy\" decoding=\"async\" class=\"alignleft size-thumbnail wp-image-3743\" alt=\"resized_100_1531\" src=\"http:\/\/colegiomariareina.cl\/2013\/wp-content\/uploads\/2015\/03\/resized_100_1531-100x100.jpg\" width=\"100\" height=\"100\" \/><\/a> <a href=\"http:\/\/colegiomariareina.cl\/2013\/wp-content\/uploads\/2015\/03\/resized_100_1530.jpg\"><img loading=\"lazy\" decoding=\"async\" class=\"alignleft size-thumbnail wp-image-3742\" alt=\"resized_100_1530\" src=\"http:\/\/colegiomariareina.cl\/2013\/wp-content\/uploads\/2015\/03\/resized_100_1530-100x100.jpg\" width=\"100\" height=\"100\" \/><\/a> <a href=\"http:\/\/colegiomariareina.cl\/2013\/wp-content\/uploads\/2015\/03\/resized_100_1529.jpg\"><img loading=\"lazy\" decoding=\"async\" class=\"alignleft size-thumbnail wp-image-3741\" alt=\"resized_100_1529\" src=\"http:\/\/colegiomariareina.cl\/2013\/wp-content\/uploads\/2015\/03\/resized_100_1529-100x100.jpg\" width=\"100\" height=\"100\" \/><\/a> <a href=\"http:\/\/colegiomariareina.cl\/2013\/wp-content\/uploads\/2015\/03\/resized_100_1525.jpg\"><img loading=\"lazy\" decoding=\"async\" class=\"alignleft size-thumbnail wp-image-3740\" alt=\"resized_100_1525\" src=\"http:\/\/colegiomariareina.cl\/2013\/wp-content\/uploads\/2015\/03\/resized_100_1525-100x100.jpg\" width=\"100\" height=\"100\" \/><\/a> <a href=\"http:\/\/colegiomariareina.cl\/2013\/wp-content\/uploads\/2015\/03\/resized_100_1524.jpg\"><img loading=\"lazy\" decoding=\"async\" class=\"alignleft size-thumbnail wp-image-3739\" alt=\"resized_100_1524\" src=\"http:\/\/colegiomariareina.cl\/2013\/wp-content\/uploads\/2015\/03\/resized_100_1524-100x100.jpg\" width=\"100\" height=\"100\" \/><\/a> <a href=\"http:\/\/colegiomariareina.cl\/2013\/wp-content\/uploads\/2015\/03\/resized_100_1521.jpg\"><img loading=\"lazy\" decoding=\"async\" class=\"alignleft size-thumbnail wp-image-3738\" alt=\"resized_100_1521\" src=\"http:\/\/colegiomariareina.cl\/2013\/wp-content\/uploads\/2015\/03\/resized_100_1521-100x100.jpg\" width=\"100\" height=\"100\" \/><\/a> <a href=\"http:\/\/colegiomariareina.cl\/2013\/wp-content\/uploads\/2015\/03\/resized_100_1516.jpg\"><img loading=\"lazy\" decoding=\"async\" class=\"alignleft size-thumbnail wp-image-3737\" alt=\"resized_100_1516\" src=\"http:\/\/colegiomariareina.cl\/2013\/wp-content\/uploads\/2015\/03\/resized_100_1516-100x100.jpg\" width=\"100\" height=\"100\" \/><\/a> <a href=\"http:\/\/colegiomariareina.cl\/2013\/wp-content\/uploads\/2015\/03\/resized_100_1515.jpg\"><img loading=\"lazy\" decoding=\"async\" class=\"alignleft size-thumbnail wp-image-3736\" alt=\"resized_100_1515\" src=\"http:\/\/colegiomariareina.cl\/2013\/wp-content\/uploads\/2015\/03\/resized_100_1515-100x100.jpg\" width=\"100\" height=\"100\" \/><\/a> <a href=\"http:\/\/colegiomariareina.cl\/2013\/wp-content\/uploads\/2015\/03\/resized_100_1514.jpg\"><img loading=\"lazy\" decoding=\"async\" class=\"alignleft size-thumbnail wp-image-3735\" alt=\"resized_100_1514\" src=\"http:\/\/colegiomariareina.cl\/2013\/wp-content\/uploads\/2015\/03\/resized_100_1514-100x100.jpg\" width=\"100\" height=\"100\" \/><\/a><\/span><\/span><\/p>\n<p style=\"text-align: justify;\"><span style=\"font-family: Calibri;\"><span style=\"color: #000000;\">\u00a0\u00a0\u00a0 <\/span><\/span><\/p>\n","protected":false},"excerpt":{"rendered":"<p>Alumnos de 4\u00ba medio de la espacialidad de \u201cProcesamiento de la Madera\u201d junto al profesor de la especialidad H\u00e9ctor Negrete se preparan con mucha alegr\u00eda y entusiasmo creando y construyendo los muebles que expondr\u00e1n en su local de la feria. All\u00ed podr\u00e1 encontrar diversos muebles con hermosos dise\u00f1os y\u00a0 finas terminaciones. \u00a0 \u00a0\u00a0\u00a0<\/p>\n","protected":false},"author":1,"featured_media":3741,"comment_status":"open","ping_status":"open","sticky":false,"template":"","format":"standard","meta":{"_et_pb_use_builder":"","_et_pb_old_content":"","_et_gb_content_width":"","footnotes":""},"categories":[3],"tags":[],"class_list":["post-3750","post","type-post","status-publish","format-standard","has-post-thumbnail","hentry","category-noticias"],"_links":{"self":[{"href":"https:\/\/colegiomariareina.cl\/2025\/wp-json\/wp\/v2\/posts\/3750","targetHints":{"allow":["GET"]}}],"collection":[{"href":"https:\/\/colegiomariareina.cl\/2025\/wp-json\/wp\/v2\/posts"}],"about":[{"href":"https:\/\/colegiomariareina.cl\/2025\/wp-json\/wp\/v2\/types\/post"}],"author":[{"embeddable":true,"href":"https:\/\/colegiomariareina.cl\/2025\/wp-json\/wp\/v2\/users\/1"}],"replies":[{"embeddable":true,"href":"https:\/\/colegiomariareina.cl\/2025\/wp-json\/wp\/v2\/comments?post=3750"}],"version-history":[{"count":0,"href":"https:\/\/colegiomariareina.cl\/2025\/wp-json\/wp\/v2\/posts\/3750\/revisions"}],"wp:featuredmedia":[{"embeddable":true,"href":"https:\/\/colegiomariareina.cl\/2025\/wp-json\/"}],"wp:attachment":[{"href":"https:\/\/colegiomariareina.cl\/2025\/wp-json\/wp\/v2\/media?parent=3750"}],"wp:term":[{"taxonomy":"category","embeddable":true,"href":"https:\/\/colegiomariareina.cl\/2025\/wp-json\/wp\/v2\/categories?post=3750"},{"taxonomy":"post_tag","embeddable":true,"href":"https:\/\/colegiomariareina.cl\/2025\/wp-json\/wp\/v2\/tags?post=3750"}],"curies":[{"name":"wp","href":"https:\/\/api.w.org\/{rel}","templated":true}]}}