{"id":3776,"date":"2015-04-09T21:14:32","date_gmt":"2015-04-09T21:14:32","guid":{"rendered":"http:\/\/colegiomariareina.cl\/2013\/?p=3776"},"modified":"2015-04-09T21:14:32","modified_gmt":"2015-04-09T21:14:32","slug":"fiesta-de-la-vendimia-28-y-29-de-marzo-de-2015","status":"publish","type":"post","link":"https:\/\/colegiomariareina.cl\/2025\/fiesta-de-la-vendimia-28-y-29-de-marzo-de-2015\/","title":{"rendered":"FIESTA DE LA VENDIMIA.- 28 y 29 de Marzo de 2015"},"content":{"rendered":"<p style=\"text-align: justify;\" align=\"center\"><span style=\"color: #000000; font-family: Calibri;\">\u00a0\u00a0\u00a0\u00a0 Con una impecable participaci\u00f3n de nuestros alumnos de la especialidad de Procesamiento de la Madera se ha llevado a cabo nuevamente otra versi\u00f3n de la Fiesta de la Vendimia en nuestra comuna de Isla de Maipo. En ella, nuestros alumnos han dado a conocer con toda seguridad t\u00e9cnica y destrezas adquiridas durante su educaci\u00f3n, a su vez, han expuesto y vendido gran parte de la colecci\u00f3n de trabajos realizados durante el a\u00f1o 2014 y 2015. <\/span><\/p>\n<p style=\"text-align: justify;\" align=\"center\"><span style=\"color: #000000; font-family: Calibri;\"><a href=\"http:\/\/colegiomariareina.cl\/2013\/wp-content\/uploads\/2015\/04\/DSC08801.jpg\"><img loading=\"lazy\" decoding=\"async\" class=\"alignleft size-thumbnail wp-image-3798\" alt=\"DSC08801\" src=\"http:\/\/colegiomariareina.cl\/2013\/wp-content\/uploads\/2015\/04\/DSC08801-100x100.jpg\" width=\"100\" height=\"100\" \/><\/a> <a href=\"http:\/\/colegiomariareina.cl\/2013\/wp-content\/uploads\/2015\/04\/DSC08793.jpg\"><img loading=\"lazy\" decoding=\"async\" class=\"alignleft size-thumbnail wp-image-3797\" alt=\"DSC08793\" src=\"http:\/\/colegiomariareina.cl\/2013\/wp-content\/uploads\/2015\/04\/DSC08793-100x100.jpg\" width=\"100\" height=\"100\" \/><\/a>\u00a0 <a href=\"http:\/\/colegiomariareina.cl\/2013\/wp-content\/uploads\/2015\/04\/DSC08785.jpg\"><img loading=\"lazy\" decoding=\"async\" class=\"alignleft size-thumbnail wp-image-3795\" alt=\"DSC08785\" src=\"http:\/\/colegiomariareina.cl\/2013\/wp-content\/uploads\/2015\/04\/DSC08785-100x100.jpg\" width=\"100\" height=\"100\" \/><\/a> <a href=\"http:\/\/colegiomariareina.cl\/2013\/wp-content\/uploads\/2015\/04\/DSC08784.jpg\"><img loading=\"lazy\" decoding=\"async\" class=\"alignleft size-thumbnail wp-image-3794\" alt=\"DSC08784\" src=\"http:\/\/colegiomariareina.cl\/2013\/wp-content\/uploads\/2015\/04\/DSC08784-100x100.jpg\" width=\"100\" height=\"100\" \/><\/a> <a href=\"http:\/\/colegiomariareina.cl\/2013\/wp-content\/uploads\/2015\/04\/DSC08783.jpg\"><img loading=\"lazy\" decoding=\"async\" class=\"alignleft size-thumbnail wp-image-3793\" alt=\"DSC08783\" src=\"http:\/\/colegiomariareina.cl\/2013\/wp-content\/uploads\/2015\/04\/DSC08783-100x100.jpg\" width=\"100\" height=\"100\" \/><\/a> <a href=\"http:\/\/colegiomariareina.cl\/2013\/wp-content\/uploads\/2015\/04\/DSC08781.jpg\"><img loading=\"lazy\" decoding=\"async\" class=\"alignleft size-thumbnail wp-image-3792\" alt=\"DSC08781\" src=\"http:\/\/colegiomariareina.cl\/2013\/wp-content\/uploads\/2015\/04\/DSC08781-100x100.jpg\" width=\"100\" height=\"100\" \/><\/a> <a href=\"http:\/\/colegiomariareina.cl\/2013\/wp-content\/uploads\/2015\/04\/DSC08780.jpg\"><img loading=\"lazy\" decoding=\"async\" class=\"alignleft size-thumbnail wp-image-3791\" alt=\"DSC08780\" src=\"http:\/\/colegiomariareina.cl\/2013\/wp-content\/uploads\/2015\/04\/DSC08780-100x100.jpg\" width=\"100\" height=\"100\" \/><\/a> <a href=\"http:\/\/colegiomariareina.cl\/2013\/wp-content\/uploads\/2015\/04\/DSC08770.jpg\"><img loading=\"lazy\" decoding=\"async\" class=\"alignleft size-thumbnail wp-image-3790\" alt=\"DSC08770\" src=\"http:\/\/colegiomariareina.cl\/2013\/wp-content\/uploads\/2015\/04\/DSC08770-100x100.jpg\" width=\"100\" height=\"100\" \/><\/a> <a href=\"http:\/\/colegiomariareina.cl\/2013\/wp-content\/uploads\/2015\/04\/DSC08768.jpg\"><img loading=\"lazy\" decoding=\"async\" class=\"alignleft size-thumbnail wp-image-3789\" alt=\"DSC08768\" src=\"http:\/\/colegiomariareina.cl\/2013\/wp-content\/uploads\/2015\/04\/DSC08768-100x100.jpg\" width=\"100\" height=\"100\" \/><\/a> <a href=\"http:\/\/colegiomariareina.cl\/2013\/wp-content\/uploads\/2015\/04\/DSC08767.jpg\"><img loading=\"lazy\" decoding=\"async\" class=\"alignleft size-thumbnail wp-image-3788\" alt=\"DSC08767\" src=\"http:\/\/colegiomariareina.cl\/2013\/wp-content\/uploads\/2015\/04\/DSC08767-100x100.jpg\" width=\"100\" height=\"100\" \/><\/a> <a href=\"http:\/\/colegiomariareina.cl\/2013\/wp-content\/uploads\/2015\/04\/DSC08766.jpg\"><img loading=\"lazy\" decoding=\"async\" class=\"alignleft size-thumbnail wp-image-3787\" alt=\"DSC08766\" src=\"http:\/\/colegiomariareina.cl\/2013\/wp-content\/uploads\/2015\/04\/DSC08766-100x100.jpg\" width=\"100\" height=\"100\" \/><\/a> <a href=\"http:\/\/colegiomariareina.cl\/2013\/wp-content\/uploads\/2015\/04\/DSC08764.jpg\"><img loading=\"lazy\" decoding=\"async\" class=\"alignleft size-thumbnail wp-image-3786\" alt=\"DSC08764\" src=\"http:\/\/colegiomariareina.cl\/2013\/wp-content\/uploads\/2015\/04\/DSC08764-100x100.jpg\" width=\"100\" height=\"100\" \/><\/a> <a href=\"http:\/\/colegiomariareina.cl\/2013\/wp-content\/uploads\/2015\/04\/DSC08762.jpg\"><img loading=\"lazy\" decoding=\"async\" class=\"alignleft size-thumbnail wp-image-3785\" alt=\"DSC08762\" src=\"http:\/\/colegiomariareina.cl\/2013\/wp-content\/uploads\/2015\/04\/DSC08762-100x100.jpg\" width=\"100\" height=\"100\" \/><\/a> <a href=\"http:\/\/colegiomariareina.cl\/2013\/wp-content\/uploads\/2015\/04\/DSC08760.jpg\"><img loading=\"lazy\" decoding=\"async\" class=\"alignleft size-thumbnail wp-image-3784\" alt=\"DSC08760\" src=\"http:\/\/colegiomariareina.cl\/2013\/wp-content\/uploads\/2015\/04\/DSC08760-100x100.jpg\" width=\"100\" height=\"100\" \/><\/a> <a href=\"http:\/\/colegiomariareina.cl\/2013\/wp-content\/uploads\/2015\/04\/DSC08757.jpg\"><img loading=\"lazy\" decoding=\"async\" class=\"alignleft size-thumbnail wp-image-3783\" alt=\"DSC08757\" src=\"http:\/\/colegiomariareina.cl\/2013\/wp-content\/uploads\/2015\/04\/DSC08757-100x100.jpg\" width=\"100\" height=\"100\" \/><\/a> <a href=\"http:\/\/colegiomariareina.cl\/2013\/wp-content\/uploads\/2015\/04\/DSC08753.jpg\"><img loading=\"lazy\" decoding=\"async\" class=\"alignleft size-thumbnail wp-image-3782\" alt=\"DSC08753\" src=\"http:\/\/colegiomariareina.cl\/2013\/wp-content\/uploads\/2015\/04\/DSC08753-100x100.jpg\" width=\"100\" height=\"100\" \/><\/a> <a href=\"http:\/\/colegiomariareina.cl\/2013\/wp-content\/uploads\/2015\/04\/DSC08751.jpg\"><img loading=\"lazy\" decoding=\"async\" class=\"alignleft size-thumbnail wp-image-3781\" alt=\"DSC08751\" src=\"http:\/\/colegiomariareina.cl\/2013\/wp-content\/uploads\/2015\/04\/DSC08751-100x100.jpg\" width=\"100\" height=\"100\" \/><\/a> <a href=\"http:\/\/colegiomariareina.cl\/2013\/wp-content\/uploads\/2015\/04\/DSC08749.jpg\"><img loading=\"lazy\" decoding=\"async\" class=\"alignleft size-thumbnail wp-image-3780\" alt=\"DSC08749\" src=\"http:\/\/colegiomariareina.cl\/2013\/wp-content\/uploads\/2015\/04\/DSC08749-100x100.jpg\" width=\"100\" height=\"100\" \/><\/a> <a href=\"http:\/\/colegiomariareina.cl\/2013\/wp-content\/uploads\/2015\/04\/DSC08748.jpg\"><img loading=\"lazy\" decoding=\"async\" class=\"alignleft size-thumbnail wp-image-3779\" alt=\"DSC08748\" src=\"http:\/\/colegiomariareina.cl\/2013\/wp-content\/uploads\/2015\/04\/DSC08748-100x100.jpg\" width=\"100\" height=\"100\" \/><\/a> <a href=\"http:\/\/colegiomariareina.cl\/2013\/wp-content\/uploads\/2015\/04\/DSC08746.jpg\"><img loading=\"lazy\" decoding=\"async\" class=\"alignleft size-thumbnail wp-image-3778\" alt=\"DSC08746\" src=\"http:\/\/colegiomariareina.cl\/2013\/wp-content\/uploads\/2015\/04\/DSC08746-100x100.jpg\" width=\"100\" height=\"100\" \/><\/a><\/span><\/p>\n<p style=\"text-align: justify;\" align=\"center\"><span style=\"color: #000000; font-family: Calibri;\">\u00a0\u00a0\u00a0\u00a0 <\/span><\/p>\n","protected":false},"excerpt":{"rendered":"<p>\u00a0\u00a0\u00a0\u00a0 Con una impecable participaci\u00f3n de nuestros alumnos de la especialidad de Procesamiento de la Madera se ha llevado a cabo nuevamente otra versi\u00f3n de la Fiesta de la Vendimia en nuestra comuna de Isla de Maipo. En ella, nuestros alumnos han dado a conocer con toda seguridad t\u00e9cnica y destrezas adquiridas durante su educaci\u00f3n, [&hellip;]<\/p>\n","protected":false},"author":1,"featured_media":3778,"comment_status":"open","ping_status":"open","sticky":false,"template":"","format":"standard","meta":{"_et_pb_use_builder":"","_et_pb_old_content":"","_et_gb_content_width":"","footnotes":""},"categories":[3],"tags":[],"class_list":["post-3776","post","type-post","status-publish","format-standard","has-post-thumbnail","hentry","category-noticias"],"_links":{"self":[{"href":"https:\/\/colegiomariareina.cl\/2025\/wp-json\/wp\/v2\/posts\/3776","targetHints":{"allow":["GET"]}}],"collection":[{"href":"https:\/\/colegiomariareina.cl\/2025\/wp-json\/wp\/v2\/posts"}],"about":[{"href":"https:\/\/colegiomariareina.cl\/2025\/wp-json\/wp\/v2\/types\/post"}],"author":[{"embeddable":true,"href":"https:\/\/colegiomariareina.cl\/2025\/wp-json\/wp\/v2\/users\/1"}],"replies":[{"embeddable":true,"href":"https:\/\/colegiomariareina.cl\/2025\/wp-json\/wp\/v2\/comments?post=3776"}],"version-history":[{"count":0,"href":"https:\/\/colegiomariareina.cl\/2025\/wp-json\/wp\/v2\/posts\/3776\/revisions"}],"wp:featuredmedia":[{"embeddable":true,"href":"https:\/\/colegiomariareina.cl\/2025\/wp-json\/"}],"wp:attachment":[{"href":"https:\/\/colegiomariareina.cl\/2025\/wp-json\/wp\/v2\/media?parent=3776"}],"wp:term":[{"taxonomy":"category","embeddable":true,"href":"https:\/\/colegiomariareina.cl\/2025\/wp-json\/wp\/v2\/categories?post=3776"},{"taxonomy":"post_tag","embeddable":true,"href":"https:\/\/colegiomariareina.cl\/2025\/wp-json\/wp\/v2\/tags?post=3776"}],"curies":[{"name":"wp","href":"https:\/\/api.w.org\/{rel}","templated":true}]}}