{"id":3846,"date":"2015-04-10T21:42:51","date_gmt":"2015-04-10T21:42:51","guid":{"rendered":"http:\/\/colegiomariareina.cl\/2013\/?p=3846"},"modified":"2015-04-10T21:42:51","modified_gmt":"2015-04-10T21:42:51","slug":"jueves-santo-en-comunidad-02-de-abril-de-2015","status":"publish","type":"post","link":"https:\/\/colegiomariareina.cl\/2025\/jueves-santo-en-comunidad-02-de-abril-de-2015\/","title":{"rendered":"JUEVES SANTO EN COMUNIDAD.- 02 de Abril de 2015"},"content":{"rendered":"<p><span style=\"color: #000000; font-family: Calibri;\">\u00a0\u00a0\u00a0\u00a0\u00a0\u00a0 En comunidad, con alegr\u00eda y entusiasmo los docentes de nuestro colegio han vivido el jueves Santo junto a nuestros hermanos mayores del Hogar de Ancianos de la Fundaci\u00f3n las Rosas del sector de La Islita en nuestra comuna. All\u00ed compartimos y celebramos la Santa Misa con el lavado de pies y una rica once preparada con mucho cari\u00f1o por los profesores y asistentes de la educaci\u00f3n de nuestro establecimiento. <\/span><\/p>\n<p style=\"text-align: justify;\"><span style=\"color: #000000; font-family: Calibri;\">\u00a0<a href=\"http:\/\/colegiomariareina.cl\/2013\/wp-content\/uploads\/2015\/04\/DSC08838.jpg\"><img loading=\"lazy\" decoding=\"async\" class=\"alignleft size-thumbnail wp-image-3844\" alt=\"DSC08838\" src=\"http:\/\/colegiomariareina.cl\/2013\/wp-content\/uploads\/2015\/04\/DSC08838-100x100.jpg\" width=\"100\" height=\"100\" \/><\/a> <a href=\"http:\/\/colegiomariareina.cl\/2013\/wp-content\/uploads\/2015\/04\/DSC08826.jpg\"><img loading=\"lazy\" decoding=\"async\" class=\"alignleft size-thumbnail wp-image-3843\" alt=\"DSC08826\" src=\"http:\/\/colegiomariareina.cl\/2013\/wp-content\/uploads\/2015\/04\/DSC08826-100x100.jpg\" width=\"100\" height=\"100\" \/><\/a> <a href=\"http:\/\/colegiomariareina.cl\/2013\/wp-content\/uploads\/2015\/04\/DSC08822.jpg\"><img loading=\"lazy\" decoding=\"async\" class=\"alignleft size-thumbnail wp-image-3842\" alt=\"DSC08822\" src=\"http:\/\/colegiomariareina.cl\/2013\/wp-content\/uploads\/2015\/04\/DSC08822-100x100.jpg\" width=\"100\" height=\"100\" \/><\/a> <a href=\"http:\/\/colegiomariareina.cl\/2013\/wp-content\/uploads\/2015\/04\/DSC08809.jpg\"><img loading=\"lazy\" decoding=\"async\" class=\"alignleft size-thumbnail wp-image-3841\" alt=\"DSC08809\" src=\"http:\/\/colegiomariareina.cl\/2013\/wp-content\/uploads\/2015\/04\/DSC08809-100x100.jpg\" width=\"100\" height=\"100\" \/><\/a> <a href=\"http:\/\/colegiomariareina.cl\/2013\/wp-content\/uploads\/2015\/04\/DSC08808.jpg\"><img loading=\"lazy\" decoding=\"async\" class=\"alignleft size-thumbnail wp-image-3840\" alt=\"DSC08808\" src=\"http:\/\/colegiomariareina.cl\/2013\/wp-content\/uploads\/2015\/04\/DSC08808-100x100.jpg\" width=\"100\" height=\"100\" \/><\/a> <a href=\"http:\/\/colegiomariareina.cl\/2013\/wp-content\/uploads\/2015\/04\/100_0161.jpg\"><img loading=\"lazy\" decoding=\"async\" class=\"alignleft size-thumbnail wp-image-3839\" alt=\"100_0161\" src=\"http:\/\/colegiomariareina.cl\/2013\/wp-content\/uploads\/2015\/04\/100_0161-100x100.jpg\" width=\"100\" height=\"100\" \/><\/a> <a href=\"http:\/\/colegiomariareina.cl\/2013\/wp-content\/uploads\/2015\/04\/100_0156.jpg\"><img loading=\"lazy\" decoding=\"async\" class=\"alignleft size-thumbnail wp-image-3838\" alt=\"100_0156\" src=\"http:\/\/colegiomariareina.cl\/2013\/wp-content\/uploads\/2015\/04\/100_0156-100x100.jpg\" width=\"100\" height=\"100\" \/><\/a> <a href=\"http:\/\/colegiomariareina.cl\/2013\/wp-content\/uploads\/2015\/04\/100_0153.jpg\"><img loading=\"lazy\" decoding=\"async\" class=\"alignleft size-thumbnail wp-image-3837\" alt=\"100_0153\" src=\"http:\/\/colegiomariareina.cl\/2013\/wp-content\/uploads\/2015\/04\/100_0153-100x100.jpg\" width=\"100\" height=\"100\" \/><\/a> <a href=\"http:\/\/colegiomariareina.cl\/2013\/wp-content\/uploads\/2015\/04\/100_0150.jpg\"><img loading=\"lazy\" decoding=\"async\" class=\"alignleft size-thumbnail wp-image-3836\" alt=\"100_0150\" src=\"http:\/\/colegiomariareina.cl\/2013\/wp-content\/uploads\/2015\/04\/100_0150-100x100.jpg\" width=\"100\" height=\"100\" \/><\/a> <a href=\"http:\/\/colegiomariareina.cl\/2013\/wp-content\/uploads\/2015\/04\/100_0149.jpg\"><img loading=\"lazy\" decoding=\"async\" class=\"alignleft size-thumbnail wp-image-3835\" alt=\"100_0149\" src=\"http:\/\/colegiomariareina.cl\/2013\/wp-content\/uploads\/2015\/04\/100_0149-100x100.jpg\" width=\"100\" height=\"100\" \/><\/a> <a href=\"http:\/\/colegiomariareina.cl\/2013\/wp-content\/uploads\/2015\/04\/100_0140.jpg\"><img loading=\"lazy\" decoding=\"async\" class=\"alignleft size-thumbnail wp-image-3834\" alt=\"100_0140\" src=\"http:\/\/colegiomariareina.cl\/2013\/wp-content\/uploads\/2015\/04\/100_0140-100x100.jpg\" width=\"100\" height=\"100\" \/><\/a> <a href=\"http:\/\/colegiomariareina.cl\/2013\/wp-content\/uploads\/2015\/04\/100_0134.jpg\"><img loading=\"lazy\" decoding=\"async\" class=\"alignleft size-thumbnail wp-image-3833\" alt=\"100_0134\" src=\"http:\/\/colegiomariareina.cl\/2013\/wp-content\/uploads\/2015\/04\/100_0134-100x100.jpg\" width=\"100\" height=\"100\" \/><\/a> <a href=\"http:\/\/colegiomariareina.cl\/2013\/wp-content\/uploads\/2015\/04\/100_0133.jpg\"><img loading=\"lazy\" decoding=\"async\" class=\"alignleft size-thumbnail wp-image-3832\" alt=\"100_0133\" src=\"http:\/\/colegiomariareina.cl\/2013\/wp-content\/uploads\/2015\/04\/100_0133-100x100.jpg\" width=\"100\" height=\"100\" \/><\/a> <a href=\"http:\/\/colegiomariareina.cl\/2013\/wp-content\/uploads\/2015\/04\/100_0132.jpg\"><img loading=\"lazy\" decoding=\"async\" class=\"alignleft size-thumbnail wp-image-3831\" alt=\"100_0132\" src=\"http:\/\/colegiomariareina.cl\/2013\/wp-content\/uploads\/2015\/04\/100_0132-100x100.jpg\" width=\"100\" height=\"100\" \/><\/a> <a href=\"http:\/\/colegiomariareina.cl\/2013\/wp-content\/uploads\/2015\/04\/100_0128.jpg\"><img loading=\"lazy\" decoding=\"async\" class=\"alignleft size-thumbnail wp-image-3830\" alt=\"100_0128\" src=\"http:\/\/colegiomariareina.cl\/2013\/wp-content\/uploads\/2015\/04\/100_0128-100x100.jpg\" width=\"100\" height=\"100\" \/><\/a> <a href=\"http:\/\/colegiomariareina.cl\/2013\/wp-content\/uploads\/2015\/04\/100_0127.jpg\"><img loading=\"lazy\" decoding=\"async\" class=\"alignleft size-thumbnail wp-image-3829\" alt=\"100_0127\" src=\"http:\/\/colegiomariareina.cl\/2013\/wp-content\/uploads\/2015\/04\/100_0127-100x100.jpg\" width=\"100\" height=\"100\" \/><\/a> <a href=\"http:\/\/colegiomariareina.cl\/2013\/wp-content\/uploads\/2015\/04\/100_0126.jpg\"><img loading=\"lazy\" decoding=\"async\" class=\"alignleft size-thumbnail wp-image-3828\" alt=\"100_0126\" src=\"http:\/\/colegiomariareina.cl\/2013\/wp-content\/uploads\/2015\/04\/100_0126-100x100.jpg\" width=\"100\" height=\"100\" \/><\/a> <a href=\"http:\/\/colegiomariareina.cl\/2013\/wp-content\/uploads\/2015\/04\/100_0124.jpg\"><img loading=\"lazy\" decoding=\"async\" class=\"alignleft size-thumbnail wp-image-3827\" alt=\"100_0124\" src=\"http:\/\/colegiomariareina.cl\/2013\/wp-content\/uploads\/2015\/04\/100_0124-100x100.jpg\" width=\"100\" height=\"100\" \/><\/a> <a href=\"http:\/\/colegiomariareina.cl\/2013\/wp-content\/uploads\/2015\/04\/100_0121.jpg\"><img loading=\"lazy\" decoding=\"async\" class=\"alignleft size-thumbnail wp-image-3826\" alt=\"100_0121\" src=\"http:\/\/colegiomariareina.cl\/2013\/wp-content\/uploads\/2015\/04\/100_0121-100x100.jpg\" width=\"100\" height=\"100\" \/><\/a><\/span><\/p>\n<p style=\"text-align: justify;\">\n","protected":false},"excerpt":{"rendered":"<p>\u00a0\u00a0\u00a0\u00a0\u00a0\u00a0 En comunidad, con alegr\u00eda y entusiasmo los docentes de nuestro colegio han vivido el jueves Santo junto a nuestros hermanos mayores del Hogar de Ancianos de la Fundaci\u00f3n las Rosas del sector de La Islita en nuestra comuna. All\u00ed compartimos y celebramos la Santa Misa con el lavado de pies y una rica once [&hellip;]<\/p>\n","protected":false},"author":1,"featured_media":3827,"comment_status":"open","ping_status":"open","sticky":false,"template":"","format":"standard","meta":{"_et_pb_use_builder":"","_et_pb_old_content":"","_et_gb_content_width":"","footnotes":""},"categories":[3],"tags":[],"class_list":["post-3846","post","type-post","status-publish","format-standard","has-post-thumbnail","hentry","category-noticias"],"_links":{"self":[{"href":"https:\/\/colegiomariareina.cl\/2025\/wp-json\/wp\/v2\/posts\/3846","targetHints":{"allow":["GET"]}}],"collection":[{"href":"https:\/\/colegiomariareina.cl\/2025\/wp-json\/wp\/v2\/posts"}],"about":[{"href":"https:\/\/colegiomariareina.cl\/2025\/wp-json\/wp\/v2\/types\/post"}],"author":[{"embeddable":true,"href":"https:\/\/colegiomariareina.cl\/2025\/wp-json\/wp\/v2\/users\/1"}],"replies":[{"embeddable":true,"href":"https:\/\/colegiomariareina.cl\/2025\/wp-json\/wp\/v2\/comments?post=3846"}],"version-history":[{"count":0,"href":"https:\/\/colegiomariareina.cl\/2025\/wp-json\/wp\/v2\/posts\/3846\/revisions"}],"wp:featuredmedia":[{"embeddable":true,"href":"https:\/\/colegiomariareina.cl\/2025\/wp-json\/"}],"wp:attachment":[{"href":"https:\/\/colegiomariareina.cl\/2025\/wp-json\/wp\/v2\/media?parent=3846"}],"wp:term":[{"taxonomy":"category","embeddable":true,"href":"https:\/\/colegiomariareina.cl\/2025\/wp-json\/wp\/v2\/categories?post=3846"},{"taxonomy":"post_tag","embeddable":true,"href":"https:\/\/colegiomariareina.cl\/2025\/wp-json\/wp\/v2\/tags?post=3846"}],"curies":[{"name":"wp","href":"https:\/\/api.w.org\/{rel}","templated":true}]}}