{"id":3869,"date":"2015-04-24T20:10:22","date_gmt":"2015-04-24T20:10:22","guid":{"rendered":"http:\/\/colegiomariareina.cl\/2013\/?p=3869"},"modified":"2018-06-08T21:34:51","modified_gmt":"2018-06-08T21:34:51","slug":"dia-de-la-tierra-20-de-abril-2015","status":"publish","type":"post","link":"https:\/\/colegiomariareina.cl\/2025\/dia-de-la-tierra-20-de-abril-2015\/","title":{"rendered":"D\u00cdA DE LA TIERRA.- 20 de Abril 2015"},"content":{"rendered":"<p style=\"text-align: center;\">\u00a0En un ambiente lleno de ternura, color y animaciones de desarrollo nuestro segundo acto comunitario dedicado al \u201c45 aniversario del D\u00eda de la Tierra\u201d que se celebra este 22 de abril de 2015.<\/p>\n<p style=\"text-align: center;\">\u00a0\u00a0\u00a0 Animalitos, mensajes ecol\u00f3gicos, m\u00fasica y baile marcaron esta jornada en la cual participaron alumnos del nuestro primer ciclo b\u00e1sico.<\/p>\n<p>\u00a0\u00a0<a href=\"http:\/\/colegiomariareina.cl\/2013\/wp-content\/uploads\/2015\/04\/100_0554.jpg\"><img loading=\"lazy\" decoding=\"async\" class=\"alignleft size-thumbnail wp-image-3915\" alt=\"100_0554\" src=\"http:\/\/colegiomariareina.cl\/2013\/wp-content\/uploads\/2015\/04\/100_0554-100x100.jpg\" width=\"100\" height=\"100\" \/><\/a> <a href=\"http:\/\/colegiomariareina.cl\/2013\/wp-content\/uploads\/2015\/04\/100_0552.jpg\"><img loading=\"lazy\" decoding=\"async\" class=\"alignleft size-thumbnail wp-image-3914\" alt=\"100_0552\" src=\"http:\/\/colegiomariareina.cl\/2013\/wp-content\/uploads\/2015\/04\/100_0552-100x100.jpg\" width=\"100\" height=\"100\" \/><\/a> <a href=\"http:\/\/colegiomariareina.cl\/2013\/wp-content\/uploads\/2015\/04\/100_0542.jpg\"><img loading=\"lazy\" decoding=\"async\" class=\"alignleft size-thumbnail wp-image-3913\" alt=\"100_0542\" src=\"http:\/\/colegiomariareina.cl\/2013\/wp-content\/uploads\/2015\/04\/100_0542-100x100.jpg\" width=\"100\" height=\"100\" \/><\/a> <a href=\"http:\/\/colegiomariareina.cl\/2013\/wp-content\/uploads\/2015\/04\/100_0541.jpg\"><img loading=\"lazy\" decoding=\"async\" class=\"alignleft size-thumbnail wp-image-3912\" alt=\"100_0541\" src=\"http:\/\/colegiomariareina.cl\/2013\/wp-content\/uploads\/2015\/04\/100_0541-100x100.jpg\" width=\"100\" height=\"100\" \/><\/a> <a href=\"http:\/\/colegiomariareina.cl\/2013\/wp-content\/uploads\/2015\/04\/100_0540.jpg\"><img loading=\"lazy\" decoding=\"async\" class=\"alignleft size-thumbnail wp-image-3911\" alt=\"100_0540\" src=\"http:\/\/colegiomariareina.cl\/2013\/wp-content\/uploads\/2015\/04\/100_0540-100x100.jpg\" width=\"100\" height=\"100\" \/><\/a> <a href=\"http:\/\/colegiomariareina.cl\/2013\/wp-content\/uploads\/2015\/04\/100_0536.jpg\"><img loading=\"lazy\" decoding=\"async\" class=\"alignleft size-thumbnail wp-image-3910\" alt=\"100_0536\" src=\"http:\/\/colegiomariareina.cl\/2013\/wp-content\/uploads\/2015\/04\/100_0536-100x100.jpg\" width=\"100\" height=\"100\" \/><\/a> <a href=\"http:\/\/colegiomariareina.cl\/2013\/wp-content\/uploads\/2015\/04\/100_0534.jpg\"><img loading=\"lazy\" decoding=\"async\" class=\"alignleft size-thumbnail wp-image-3909\" alt=\"100_0534\" src=\"http:\/\/colegiomariareina.cl\/2013\/wp-content\/uploads\/2015\/04\/100_0534-100x100.jpg\" width=\"100\" height=\"100\" \/><\/a> <a href=\"http:\/\/colegiomariareina.cl\/2013\/wp-content\/uploads\/2015\/04\/100_0533.jpg\"><img loading=\"lazy\" decoding=\"async\" class=\"alignleft size-thumbnail wp-image-3908\" alt=\"100_0533\" src=\"http:\/\/colegiomariareina.cl\/2013\/wp-content\/uploads\/2015\/04\/100_0533-100x100.jpg\" width=\"100\" height=\"100\" \/><\/a> <a href=\"http:\/\/colegiomariareina.cl\/2013\/wp-content\/uploads\/2015\/04\/100_0532.jpg\"><img loading=\"lazy\" decoding=\"async\" class=\"alignleft size-thumbnail wp-image-3907\" alt=\"100_0532\" src=\"http:\/\/colegiomariareina.cl\/2013\/wp-content\/uploads\/2015\/04\/100_0532-100x100.jpg\" width=\"100\" height=\"100\" \/><\/a> <a href=\"http:\/\/colegiomariareina.cl\/2013\/wp-content\/uploads\/2015\/04\/100_0531.jpg\"><img loading=\"lazy\" decoding=\"async\" class=\"alignleft size-thumbnail wp-image-3906\" alt=\"100_0531\" src=\"http:\/\/colegiomariareina.cl\/2013\/wp-content\/uploads\/2015\/04\/100_0531-100x100.jpg\" width=\"100\" height=\"100\" \/><\/a> <a href=\"http:\/\/colegiomariareina.cl\/2013\/wp-content\/uploads\/2015\/04\/100_0530.jpg\"><img loading=\"lazy\" decoding=\"async\" class=\"alignleft size-thumbnail wp-image-3905\" alt=\"100_0530\" src=\"http:\/\/colegiomariareina.cl\/2013\/wp-content\/uploads\/2015\/04\/100_0530-100x100.jpg\" width=\"100\" height=\"100\" \/><\/a> <a href=\"http:\/\/colegiomariareina.cl\/2013\/wp-content\/uploads\/2015\/04\/100_0528.jpg\"><img loading=\"lazy\" decoding=\"async\" class=\"alignleft size-thumbnail wp-image-3904\" alt=\"100_0528\" src=\"http:\/\/colegiomariareina.cl\/2013\/wp-content\/uploads\/2015\/04\/100_0528-100x100.jpg\" width=\"100\" height=\"100\" \/><\/a> <a href=\"http:\/\/colegiomariareina.cl\/2013\/wp-content\/uploads\/2015\/04\/100_0527.jpg\"><img loading=\"lazy\" decoding=\"async\" class=\"alignleft size-thumbnail wp-image-3903\" alt=\"100_0527\" src=\"http:\/\/colegiomariareina.cl\/2013\/wp-content\/uploads\/2015\/04\/100_0527-100x100.jpg\" width=\"100\" height=\"100\" \/><\/a> <a href=\"http:\/\/colegiomariareina.cl\/2013\/wp-content\/uploads\/2015\/04\/100_0526.jpg\"><img loading=\"lazy\" decoding=\"async\" class=\"alignleft size-thumbnail wp-image-3902\" alt=\"100_0526\" src=\"http:\/\/colegiomariareina.cl\/2013\/wp-content\/uploads\/2015\/04\/100_0526-100x100.jpg\" width=\"100\" height=\"100\" \/><\/a> <a href=\"http:\/\/colegiomariareina.cl\/2013\/wp-content\/uploads\/2015\/04\/100_0523.jpg\"><img loading=\"lazy\" decoding=\"async\" class=\"alignleft size-thumbnail wp-image-3901\" alt=\"100_0523\" src=\"http:\/\/colegiomariareina.cl\/2013\/wp-content\/uploads\/2015\/04\/100_0523-100x100.jpg\" width=\"100\" height=\"100\" \/><\/a> <a href=\"http:\/\/colegiomariareina.cl\/2013\/wp-content\/uploads\/2015\/04\/100_0521.jpg\"><img loading=\"lazy\" decoding=\"async\" class=\"alignleft size-thumbnail wp-image-3900\" alt=\"100_0521\" src=\"http:\/\/colegiomariareina.cl\/2013\/wp-content\/uploads\/2015\/04\/100_0521-100x100.jpg\" width=\"100\" height=\"100\" \/><\/a> <a href=\"http:\/\/colegiomariareina.cl\/2013\/wp-content\/uploads\/2015\/04\/100_0563.jpg\"><img loading=\"lazy\" decoding=\"async\" class=\"alignleft size-thumbnail wp-image-3896\" alt=\"100_0563\" src=\"http:\/\/colegiomariareina.cl\/2013\/wp-content\/uploads\/2015\/04\/100_0563-100x100.jpg\" width=\"100\" height=\"100\" \/><\/a> <a href=\"http:\/\/colegiomariareina.cl\/2013\/wp-content\/uploads\/2015\/04\/100_0562.jpg\"><img loading=\"lazy\" decoding=\"async\" class=\"alignleft size-thumbnail wp-image-3895\" alt=\"100_0562\" src=\"http:\/\/colegiomariareina.cl\/2013\/wp-content\/uploads\/2015\/04\/100_0562-100x100.jpg\" width=\"100\" height=\"100\" \/><\/a> <a href=\"http:\/\/colegiomariareina.cl\/2013\/wp-content\/uploads\/2015\/04\/100_0561.jpg\"><img loading=\"lazy\" decoding=\"async\" class=\"alignleft size-thumbnail wp-image-3894\" alt=\"100_0561\" src=\"http:\/\/colegiomariareina.cl\/2013\/wp-content\/uploads\/2015\/04\/100_0561-100x100.jpg\" width=\"100\" height=\"100\" \/><\/a><\/p>\n<p style=\"text-align: center;\">\n<p style=\"text-align: center;\">\n<p style=\"text-align: center;\">\n<p style=\"text-align: center;\">\n<p style=\"text-align: center;\">\n<p style=\"text-align: center;\">\n<p style=\"text-align: center;\">\n<p style=\"text-align: center;\">\n<p style=\"text-align: center;\">\n<p style=\"text-align: center;\">\n<p>&nbsp;<\/p>\n<p>&nbsp;<\/p>\n<p>&nbsp;<\/p>\n<p>&nbsp;<\/p>\n<p>&nbsp;<\/p>\n<p>&nbsp;<\/p>\n<p>&nbsp;<\/p>\n<p>&nbsp;<\/p>\n<p>&nbsp;<\/p>\n<p>&nbsp;<\/p>\n<p>&nbsp;<\/p>\n<p>&nbsp;<\/p>\n<p>&nbsp;<\/p>\n<p>&nbsp;<\/p>\n<p>&nbsp;<\/p>\n<p>&nbsp;<\/p>\n<p>&nbsp;<\/p>\n<p>&nbsp;<\/p>\n<p>&nbsp;<\/p>\n","protected":false},"excerpt":{"rendered":"<p>\u00a0En un ambiente lleno de ternura, color y animaciones de desarrollo nuestro segundo acto comunitario dedicado al \u201c45 aniversario del D\u00eda de la Tierra\u201d que se celebra este 22 de abril de 2015. \u00a0\u00a0\u00a0 Animalitos, mensajes ecol\u00f3gicos, m\u00fasica y baile marcaron esta jornada en la cual participaron alumnos del nuestro primer ciclo b\u00e1sico. \u00a0\u00a0 &nbsp; [&hellip;]<\/p>\n","protected":false},"author":1,"featured_media":3896,"comment_status":"open","ping_status":"open","sticky":false,"template":"","format":"standard","meta":{"_et_pb_use_builder":"","_et_pb_old_content":"","_et_gb_content_width":"","footnotes":""},"categories":[3],"tags":[],"class_list":["post-3869","post","type-post","status-publish","format-standard","has-post-thumbnail","hentry","category-noticias"],"_links":{"self":[{"href":"https:\/\/colegiomariareina.cl\/2025\/wp-json\/wp\/v2\/posts\/3869","targetHints":{"allow":["GET"]}}],"collection":[{"href":"https:\/\/colegiomariareina.cl\/2025\/wp-json\/wp\/v2\/posts"}],"about":[{"href":"https:\/\/colegiomariareina.cl\/2025\/wp-json\/wp\/v2\/types\/post"}],"author":[{"embeddable":true,"href":"https:\/\/colegiomariareina.cl\/2025\/wp-json\/wp\/v2\/users\/1"}],"replies":[{"embeddable":true,"href":"https:\/\/colegiomariareina.cl\/2025\/wp-json\/wp\/v2\/comments?post=3869"}],"version-history":[{"count":1,"href":"https:\/\/colegiomariareina.cl\/2025\/wp-json\/wp\/v2\/posts\/3869\/revisions"}],"predecessor-version":[{"id":10590,"href":"https:\/\/colegiomariareina.cl\/2025\/wp-json\/wp\/v2\/posts\/3869\/revisions\/10590"}],"wp:featuredmedia":[{"embeddable":true,"href":"https:\/\/colegiomariareina.cl\/2025\/wp-json\/"}],"wp:attachment":[{"href":"https:\/\/colegiomariareina.cl\/2025\/wp-json\/wp\/v2\/media?parent=3869"}],"wp:term":[{"taxonomy":"category","embeddable":true,"href":"https:\/\/colegiomariareina.cl\/2025\/wp-json\/wp\/v2\/categories?post=3869"},{"taxonomy":"post_tag","embeddable":true,"href":"https:\/\/colegiomariareina.cl\/2025\/wp-json\/wp\/v2\/tags?post=3869"}],"curies":[{"name":"wp","href":"https:\/\/api.w.org\/{rel}","templated":true}]}}