{"id":3933,"date":"2015-04-24T20:37:00","date_gmt":"2015-04-24T20:37:00","guid":{"rendered":"http:\/\/colegiomariareina.cl\/2013\/?p=3933"},"modified":"2015-04-24T20:37:00","modified_gmt":"2015-04-24T20:37:00","slug":"inicio-de-los-actos-comunitarios-13-de-abril-2015","status":"publish","type":"post","link":"https:\/\/colegiomariareina.cl\/2025\/inicio-de-los-actos-comunitarios-13-de-abril-2015\/","title":{"rendered":"INICIO DE LOS ACTOS COMUNITARIOS.- 13 de Abril 2015."},"content":{"rendered":"<p>Con una hermosa iniciativa de la convivencia escolar se han dado inicios a los actos de nuestros d\u00edas lunes mostrando todo lo que en \u00e9ste \u00e1mbito de la convivencia nuestros alumnos destacan.<\/p>\n<p>La vida escolar, c\u00f3mo los ni\u00f1os la perciben y c\u00f3mo la viven al interior de nuestro colegio muestra la vida pacifica que tenemos producto de la conversaci\u00f3n, el acompa\u00f1amiento que en \u00e9sta \u00e1rea tienen nuestros alumnos y enriquecido ahora con la creaci\u00f3n de mediaci\u00f3n escolar donde nuestros mediadores son muy importantes.<\/p>\n<p>Vamos creciendo y cuidando estos espacios escolares que nos ayudan a tener m\u00e1s y mejores aprendizajes.<\/p>\n<p><a href=\"http:\/\/colegiomariareina.cl\/2013\/wp-content\/uploads\/2015\/04\/100_0254.jpg\"><img loading=\"lazy\" decoding=\"async\" class=\"alignleft size-thumbnail wp-image-3931\" alt=\"100_0254\" src=\"http:\/\/colegiomariareina.cl\/2013\/wp-content\/uploads\/2015\/04\/100_0254-100x100.jpg\" width=\"100\" height=\"100\" \/><\/a> <a href=\"http:\/\/colegiomariareina.cl\/2013\/wp-content\/uploads\/2015\/04\/100_0252.jpg\"><img loading=\"lazy\" decoding=\"async\" class=\"alignleft size-thumbnail wp-image-3930\" alt=\"100_0252\" src=\"http:\/\/colegiomariareina.cl\/2013\/wp-content\/uploads\/2015\/04\/100_0252-100x100.jpg\" width=\"100\" height=\"100\" \/><\/a> <a href=\"http:\/\/colegiomariareina.cl\/2013\/wp-content\/uploads\/2015\/04\/100_0250.jpg\"><img loading=\"lazy\" decoding=\"async\" class=\"alignleft size-thumbnail wp-image-3929\" alt=\"100_0250\" src=\"http:\/\/colegiomariareina.cl\/2013\/wp-content\/uploads\/2015\/04\/100_0250-100x100.jpg\" width=\"100\" height=\"100\" \/><\/a> <a href=\"http:\/\/colegiomariareina.cl\/2013\/wp-content\/uploads\/2015\/04\/100_0246.jpg\"><img loading=\"lazy\" decoding=\"async\" class=\"alignleft size-thumbnail wp-image-3928\" alt=\"100_0246\" src=\"http:\/\/colegiomariareina.cl\/2013\/wp-content\/uploads\/2015\/04\/100_0246-100x100.jpg\" width=\"100\" height=\"100\" \/><\/a> <a href=\"http:\/\/colegiomariareina.cl\/2013\/wp-content\/uploads\/2015\/04\/100_0244.jpg\"><img loading=\"lazy\" decoding=\"async\" class=\"alignleft size-thumbnail wp-image-3927\" alt=\"100_0244\" src=\"http:\/\/colegiomariareina.cl\/2013\/wp-content\/uploads\/2015\/04\/100_0244-100x100.jpg\" width=\"100\" height=\"100\" \/><\/a> <a href=\"http:\/\/colegiomariareina.cl\/2013\/wp-content\/uploads\/2015\/04\/100_0243.jpg\"><img loading=\"lazy\" decoding=\"async\" class=\"alignleft size-thumbnail wp-image-3926\" alt=\"100_0243\" src=\"http:\/\/colegiomariareina.cl\/2013\/wp-content\/uploads\/2015\/04\/100_0243-100x100.jpg\" width=\"100\" height=\"100\" \/><\/a> <a href=\"http:\/\/colegiomariareina.cl\/2013\/wp-content\/uploads\/2015\/04\/100_0240.jpg\"><img loading=\"lazy\" decoding=\"async\" class=\"alignleft size-thumbnail wp-image-3925\" alt=\"100_0240\" src=\"http:\/\/colegiomariareina.cl\/2013\/wp-content\/uploads\/2015\/04\/100_0240-100x100.jpg\" width=\"100\" height=\"100\" \/><\/a> <a href=\"http:\/\/colegiomariareina.cl\/2013\/wp-content\/uploads\/2015\/04\/100_0239.jpg\"><img loading=\"lazy\" decoding=\"async\" class=\"alignleft size-thumbnail wp-image-3924\" alt=\"100_0239\" src=\"http:\/\/colegiomariareina.cl\/2013\/wp-content\/uploads\/2015\/04\/100_0239-100x100.jpg\" width=\"100\" height=\"100\" \/><\/a> <a href=\"http:\/\/colegiomariareina.cl\/2013\/wp-content\/uploads\/2015\/04\/100_0238.jpg\"><img loading=\"lazy\" decoding=\"async\" class=\"alignleft size-thumbnail wp-image-3923\" alt=\"100_0238\" src=\"http:\/\/colegiomariareina.cl\/2013\/wp-content\/uploads\/2015\/04\/100_0238-100x100.jpg\" width=\"100\" height=\"100\" \/><\/a> <a href=\"http:\/\/colegiomariareina.cl\/2013\/wp-content\/uploads\/2015\/04\/100_0237.jpg\"><img loading=\"lazy\" decoding=\"async\" class=\"alignleft size-thumbnail wp-image-3922\" alt=\"100_0237\" src=\"http:\/\/colegiomariareina.cl\/2013\/wp-content\/uploads\/2015\/04\/100_0237-100x100.jpg\" width=\"100\" height=\"100\" \/><\/a> <a href=\"http:\/\/colegiomariareina.cl\/2013\/wp-content\/uploads\/2015\/04\/100_0236.jpg\"><img loading=\"lazy\" decoding=\"async\" class=\"alignleft size-thumbnail wp-image-3921\" alt=\"100_0236\" src=\"http:\/\/colegiomariareina.cl\/2013\/wp-content\/uploads\/2015\/04\/100_0236-100x100.jpg\" width=\"100\" height=\"100\" \/><\/a> <a href=\"http:\/\/colegiomariareina.cl\/2013\/wp-content\/uploads\/2015\/04\/100_0235.jpg\"><img loading=\"lazy\" decoding=\"async\" class=\"alignleft size-thumbnail wp-image-3920\" alt=\"100_0235\" src=\"http:\/\/colegiomariareina.cl\/2013\/wp-content\/uploads\/2015\/04\/100_0235-100x100.jpg\" width=\"100\" height=\"100\" \/><\/a> <a href=\"http:\/\/colegiomariareina.cl\/2013\/wp-content\/uploads\/2015\/04\/100_0234.jpg\"><img loading=\"lazy\" decoding=\"async\" class=\"alignleft size-thumbnail wp-image-3919\" alt=\"100_0234\" src=\"http:\/\/colegiomariareina.cl\/2013\/wp-content\/uploads\/2015\/04\/100_0234-100x100.jpg\" width=\"100\" height=\"100\" \/><\/a> <a href=\"http:\/\/colegiomariareina.cl\/2013\/wp-content\/uploads\/2015\/04\/100_0232.jpg\"><img loading=\"lazy\" decoding=\"async\" class=\"alignleft size-thumbnail wp-image-3918\" alt=\"100_0232\" src=\"http:\/\/colegiomariareina.cl\/2013\/wp-content\/uploads\/2015\/04\/100_0232-100x100.jpg\" width=\"100\" height=\"100\" \/><\/a><\/p>\n<p>&nbsp;<\/p>\n<p>&nbsp;<\/p>\n<p>&nbsp;<\/p>\n<p>&nbsp;<\/p>\n<p>&nbsp;<\/p>\n<p>&nbsp;<\/p>\n<p>&nbsp;<\/p>\n<p>&nbsp;<\/p>\n<p>&nbsp;<\/p>\n<p>&nbsp;<\/p>\n<p><iframe loading=\"lazy\" width=\"560\" height=\"315\" src=\"https:\/\/www.youtube.com\/embed\/JCOLk-yX8iM\" frameborder=\"0\" allowfullscreen><\/iframe><\/p>\n","protected":false},"excerpt":{"rendered":"<p>Con una hermosa iniciativa de la convivencia escolar se han dado inicios a los actos de nuestros d\u00edas lunes mostrando todo lo que en \u00e9ste \u00e1mbito de la convivencia nuestros alumnos destacan. La vida escolar, c\u00f3mo los ni\u00f1os la perciben y c\u00f3mo la viven al interior de nuestro colegio muestra la vida pacifica que tenemos [&hellip;]<\/p>\n","protected":false},"author":1,"featured_media":3920,"comment_status":"open","ping_status":"open","sticky":false,"template":"","format":"standard","meta":{"_et_pb_use_builder":"","_et_pb_old_content":"","_et_gb_content_width":"","footnotes":""},"categories":[3],"tags":[],"class_list":["post-3933","post","type-post","status-publish","format-standard","has-post-thumbnail","hentry","category-noticias"],"_links":{"self":[{"href":"https:\/\/colegiomariareina.cl\/2025\/wp-json\/wp\/v2\/posts\/3933","targetHints":{"allow":["GET"]}}],"collection":[{"href":"https:\/\/colegiomariareina.cl\/2025\/wp-json\/wp\/v2\/posts"}],"about":[{"href":"https:\/\/colegiomariareina.cl\/2025\/wp-json\/wp\/v2\/types\/post"}],"author":[{"embeddable":true,"href":"https:\/\/colegiomariareina.cl\/2025\/wp-json\/wp\/v2\/users\/1"}],"replies":[{"embeddable":true,"href":"https:\/\/colegiomariareina.cl\/2025\/wp-json\/wp\/v2\/comments?post=3933"}],"version-history":[{"count":0,"href":"https:\/\/colegiomariareina.cl\/2025\/wp-json\/wp\/v2\/posts\/3933\/revisions"}],"wp:featuredmedia":[{"embeddable":true,"href":"https:\/\/colegiomariareina.cl\/2025\/wp-json\/"}],"wp:attachment":[{"href":"https:\/\/colegiomariareina.cl\/2025\/wp-json\/wp\/v2\/media?parent=3933"}],"wp:term":[{"taxonomy":"category","embeddable":true,"href":"https:\/\/colegiomariareina.cl\/2025\/wp-json\/wp\/v2\/categories?post=3933"},{"taxonomy":"post_tag","embeddable":true,"href":"https:\/\/colegiomariareina.cl\/2025\/wp-json\/wp\/v2\/tags?post=3933"}],"curies":[{"name":"wp","href":"https:\/\/api.w.org\/{rel}","templated":true}]}}