{"id":3974,"date":"2015-04-29T20:51:11","date_gmt":"2015-04-29T20:51:11","guid":{"rendered":"http:\/\/colegiomariareina.cl\/2013\/?p=3974"},"modified":"2018-06-08T21:34:42","modified_gmt":"2018-06-08T21:34:42","slug":"dia-del-carabinero-27-de-abril-2015","status":"publish","type":"post","link":"https:\/\/colegiomariareina.cl\/2025\/dia-del-carabinero-27-de-abril-2015\/","title":{"rendered":"D\u00cdA DEL CARABINERO.- 27 de Abril 2015"},"content":{"rendered":"<p style=\"text-align: justify;\">\u201c\u00a0Como Colegio es fundamental destacar el servicio y la entrega de <strong>Carabineros de Chile<\/strong> y fomentar en nuestros ni\u00f1os y ni\u00f1as el respeto por las instituciones y sus trabajadores\u201d.<\/p>\n<p style=\"text-align: justify;\">\u00a0\u00a0\u00a0\u00a0 Con esta mirada el Colegio Mar\u00eda Reina Inmaculada celebra a los Carabineros de Chile.<br \/>\ncon la presencia de la Cabo Primero Carola Toro Flores se realiz\u00f3 un homenaje a nuestro Carabineros, destacando su entrega y labor en nuestra comunidad.<\/p>\n<p style=\"text-align: justify;\">\u00a0\u00a0 Los alumnos desde Pre-K\u00ednder a segundo b\u00e1sico de nuestro establecimiento homenajearon y resaltaron la misi\u00f3n de esta noble instituci\u00f3n.<\/p>\n<p style=\"text-align: center;\"><a href=\"http:\/\/colegiomariareina.cl\/2013\/wp-content\/uploads\/2015\/04\/100_1026.jpg\"><img loading=\"lazy\" decoding=\"async\" class=\"alignleft size-thumbnail wp-image-3973\" alt=\"100_1026\" src=\"http:\/\/colegiomariareina.cl\/2013\/wp-content\/uploads\/2015\/04\/100_1026-100x100.jpg\" width=\"100\" height=\"100\" \/><\/a> <a href=\"http:\/\/colegiomariareina.cl\/2013\/wp-content\/uploads\/2015\/04\/100_1022.jpg\"><img loading=\"lazy\" decoding=\"async\" class=\"alignleft size-thumbnail wp-image-3972\" alt=\"100_1022\" src=\"http:\/\/colegiomariareina.cl\/2013\/wp-content\/uploads\/2015\/04\/100_1022-100x100.jpg\" width=\"100\" height=\"100\" \/><\/a> <a href=\"http:\/\/colegiomariareina.cl\/2013\/wp-content\/uploads\/2015\/04\/100_1020.jpg\"><img loading=\"lazy\" decoding=\"async\" class=\"alignleft size-thumbnail wp-image-3971\" alt=\"100_1020\" src=\"http:\/\/colegiomariareina.cl\/2013\/wp-content\/uploads\/2015\/04\/100_1020-100x100.jpg\" width=\"100\" height=\"100\" \/><\/a> <a href=\"http:\/\/colegiomariareina.cl\/2013\/wp-content\/uploads\/2015\/04\/100_1018.jpg\"><img loading=\"lazy\" decoding=\"async\" class=\"alignleft size-thumbnail wp-image-3970\" alt=\"100_1018\" src=\"http:\/\/colegiomariareina.cl\/2013\/wp-content\/uploads\/2015\/04\/100_1018-100x100.jpg\" width=\"100\" height=\"100\" \/><\/a> <a href=\"http:\/\/colegiomariareina.cl\/2013\/wp-content\/uploads\/2015\/04\/100_1016.jpg\"><img loading=\"lazy\" decoding=\"async\" class=\"alignleft size-thumbnail wp-image-3969\" alt=\"100_1016\" src=\"http:\/\/colegiomariareina.cl\/2013\/wp-content\/uploads\/2015\/04\/100_1016-100x100.jpg\" width=\"100\" height=\"100\" \/><\/a> <a href=\"http:\/\/colegiomariareina.cl\/2013\/wp-content\/uploads\/2015\/04\/100_1008.jpg\"><img loading=\"lazy\" decoding=\"async\" class=\"alignleft size-thumbnail wp-image-3968\" alt=\"100_1008\" src=\"http:\/\/colegiomariareina.cl\/2013\/wp-content\/uploads\/2015\/04\/100_1008-100x100.jpg\" width=\"100\" height=\"100\" \/><\/a> <a href=\"http:\/\/colegiomariareina.cl\/2013\/wp-content\/uploads\/2015\/04\/100_1002.jpg\"><img loading=\"lazy\" decoding=\"async\" class=\"alignleft size-thumbnail wp-image-3967\" alt=\"100_1002\" src=\"http:\/\/colegiomariareina.cl\/2013\/wp-content\/uploads\/2015\/04\/100_1002-100x100.jpg\" width=\"100\" height=\"100\" \/><\/a> <a href=\"http:\/\/colegiomariareina.cl\/2013\/wp-content\/uploads\/2015\/04\/100_0998.jpg\"><img loading=\"lazy\" decoding=\"async\" class=\"alignleft size-thumbnail wp-image-3966\" alt=\"100_0998\" src=\"http:\/\/colegiomariareina.cl\/2013\/wp-content\/uploads\/2015\/04\/100_0998-100x100.jpg\" width=\"100\" height=\"100\" \/><\/a> <a href=\"http:\/\/colegiomariareina.cl\/2013\/wp-content\/uploads\/2015\/04\/100_0996.jpg\"><img loading=\"lazy\" decoding=\"async\" class=\"alignleft size-thumbnail wp-image-3965\" alt=\"100_0996\" src=\"http:\/\/colegiomariareina.cl\/2013\/wp-content\/uploads\/2015\/04\/100_0996-100x100.jpg\" width=\"100\" height=\"100\" \/><\/a> <a href=\"http:\/\/colegiomariareina.cl\/2013\/wp-content\/uploads\/2015\/04\/100_0994.jpg\"><img loading=\"lazy\" decoding=\"async\" class=\"alignleft size-thumbnail wp-image-3964\" alt=\"100_0994\" src=\"http:\/\/colegiomariareina.cl\/2013\/wp-content\/uploads\/2015\/04\/100_0994-100x100.jpg\" width=\"100\" height=\"100\" \/><\/a> <a href=\"http:\/\/colegiomariareina.cl\/2013\/wp-content\/uploads\/2015\/04\/100_0988.jpg\"><img loading=\"lazy\" decoding=\"async\" class=\"alignleft size-thumbnail wp-image-3963\" alt=\"100_0988\" src=\"http:\/\/colegiomariareina.cl\/2013\/wp-content\/uploads\/2015\/04\/100_0988-100x100.jpg\" width=\"100\" height=\"100\" \/><\/a> <a href=\"http:\/\/colegiomariareina.cl\/2013\/wp-content\/uploads\/2015\/04\/100_0983.jpg\"><img loading=\"lazy\" decoding=\"async\" class=\"alignleft size-thumbnail wp-image-3962\" alt=\"100_0983\" src=\"http:\/\/colegiomariareina.cl\/2013\/wp-content\/uploads\/2015\/04\/100_0983-100x100.jpg\" width=\"100\" height=\"100\" \/><\/a><\/p>\n<p>&nbsp;<\/p>\n","protected":false},"excerpt":{"rendered":"<p>\u201c\u00a0Como Colegio es fundamental destacar el servicio y la entrega de Carabineros de Chile y fomentar en nuestros ni\u00f1os y ni\u00f1as el respeto por las instituciones y sus trabajadores\u201d. \u00a0\u00a0\u00a0\u00a0 Con esta mirada el Colegio Mar\u00eda Reina Inmaculada celebra a los Carabineros de Chile. con la presencia de la Cabo Primero Carola Toro Flores se [&hellip;]<\/p>\n","protected":false},"author":1,"featured_media":3963,"comment_status":"open","ping_status":"open","sticky":false,"template":"","format":"standard","meta":{"_et_pb_use_builder":"","_et_pb_old_content":"","_et_gb_content_width":"","footnotes":""},"categories":[3],"tags":[],"class_list":["post-3974","post","type-post","status-publish","format-standard","has-post-thumbnail","hentry","category-noticias"],"_links":{"self":[{"href":"https:\/\/colegiomariareina.cl\/2025\/wp-json\/wp\/v2\/posts\/3974","targetHints":{"allow":["GET"]}}],"collection":[{"href":"https:\/\/colegiomariareina.cl\/2025\/wp-json\/wp\/v2\/posts"}],"about":[{"href":"https:\/\/colegiomariareina.cl\/2025\/wp-json\/wp\/v2\/types\/post"}],"author":[{"embeddable":true,"href":"https:\/\/colegiomariareina.cl\/2025\/wp-json\/wp\/v2\/users\/1"}],"replies":[{"embeddable":true,"href":"https:\/\/colegiomariareina.cl\/2025\/wp-json\/wp\/v2\/comments?post=3974"}],"version-history":[{"count":1,"href":"https:\/\/colegiomariareina.cl\/2025\/wp-json\/wp\/v2\/posts\/3974\/revisions"}],"predecessor-version":[{"id":10589,"href":"https:\/\/colegiomariareina.cl\/2025\/wp-json\/wp\/v2\/posts\/3974\/revisions\/10589"}],"wp:featuredmedia":[{"embeddable":true,"href":"https:\/\/colegiomariareina.cl\/2025\/wp-json\/"}],"wp:attachment":[{"href":"https:\/\/colegiomariareina.cl\/2025\/wp-json\/wp\/v2\/media?parent=3974"}],"wp:term":[{"taxonomy":"category","embeddable":true,"href":"https:\/\/colegiomariareina.cl\/2025\/wp-json\/wp\/v2\/categories?post=3974"},{"taxonomy":"post_tag","embeddable":true,"href":"https:\/\/colegiomariareina.cl\/2025\/wp-json\/wp\/v2\/tags?post=3974"}],"curies":[{"name":"wp","href":"https:\/\/api.w.org\/{rel}","templated":true}]}}