{"id":3997,"date":"2015-04-30T15:34:13","date_gmt":"2015-04-30T15:34:13","guid":{"rendered":"http:\/\/colegiomariareina.cl\/2013\/?p=3997"},"modified":"2015-04-30T15:34:13","modified_gmt":"2015-04-30T15:34:13","slug":"dia-del-libro-23-de-abril-2015","status":"publish","type":"post","link":"https:\/\/colegiomariareina.cl\/2025\/dia-del-libro-23-de-abril-2015\/","title":{"rendered":"D\u00cdA DEL LIBRO.- 23 de Abril 2015"},"content":{"rendered":"<p align=\"center\"><span style=\"color: #000000; font-family: Calibri;\">\u00a0\u00a0\u00a0\u00a0\u00a0\u00a0\u00a0\u00a0\u00a0\u00a0\u00a0\u00a0\u00a0\u00a0 <\/span><\/p>\n<h1 align=\"center\"><span style=\"color: #000000; font-family: Calibri;\"><strong>D\u00cdA DEL LIBRO<\/strong><\/span><\/h1>\n<p>&nbsp;<\/p>\n<p style=\"text-align: justify;\"><span style=\"font-family: Calibri;\"><span style=\"color: #000000;\">\u00a0\u00a0\u00a0 El d\u00eda<\/span><span style=\"color: #000000;\">\u00a0 <\/span><span style=\"color: #000000;\">23<\/span><span style=\"color: #000000;\">\u00a0 <\/span><span style=\"color: #000000;\">de<\/span><span style=\"color: #000000;\">\u00a0 <\/span><span style=\"color: #000000;\">abril se<\/span><span style=\"color: #000000;\">\u00a0 <\/span><span style=\"color: #000000;\">dio<\/span><span style=\"color: #000000;\">\u00a0 <\/span><span style=\"color: #000000;\">culminaci\u00f3n a<\/span><span style=\"color: #000000;\">\u00a0 <\/span><span style=\"color: #000000;\">la<\/span><span style=\"color: #000000;\">\u00a0 <\/span><span style=\"color: #000000;\">conmemoraci\u00f3n del D\u00eda del<\/span><span style=\"color: #000000;\">\u00a0 <\/span><span style=\"color: #000000;\">Libro y<\/span><span style=\"color: #000000;\">\u00a0 <\/span><span style=\"color: #000000;\">Derecho de Autor, por medio de<\/span><span style=\"color: #000000;\">\u00a0 <\/span><span style=\"color: #000000;\">diferentes<\/span><span style=\"color: #000000;\">\u00a0 <\/span><span style=\"color: #000000;\">actividades<\/span><span style=\"color: #000000;\">\u00a0 <\/span><span style=\"color: #000000;\">desarrolladas<\/span><span style=\"color: #000000;\">\u00a0 <\/span><span style=\"color: #000000;\">desde<\/span><span style=\"color: #000000;\">\u00a0 <\/span><span style=\"color: #000000;\">el mes de<\/span><span style=\"color: #000000;\">\u00a0 <\/span><span style=\"color: #000000;\">marzo<\/span><span style=\"color: #000000;\">\u00a0 <\/span><span style=\"color: #000000;\">en las<\/span><span style=\"color: #000000;\">\u00a0 <\/span><span style=\"color: #000000;\">clases<\/span><span style=\"color: #000000;\">\u00a0 <\/span><span style=\"color: #000000;\">de<\/span><span style=\"color: #000000;\">\u00a0 <\/span><span style=\"color: #000000;\">Lenguaje<\/span><span style=\"color: #000000;\">\u00a0 <\/span><span style=\"color: #000000;\">y Comunicaci\u00f3n entre las cuales<\/span><span style=\"color: #000000;\">\u00a0 <\/span><span style=\"color: #000000;\">podemos mencionar una<\/span><span style=\"color: #000000;\">\u00a0 <\/span><span style=\"color: #000000;\">amplia variedad de<\/span><span style=\"color: #000000;\">\u00a0 <\/span><span style=\"color: #000000;\">trabajos<\/span><span style=\"color: #000000;\">\u00a0 <\/span><span style=\"color: #000000;\">representados en maquetas, afiches, \u00e1rboles<\/span><span style=\"color: #000000;\">\u00a0 <\/span><span style=\"color: #000000;\">geneal\u00f3gicos, marcadores de p\u00e1ginas y t\u00edteres <\/span><span style=\"color: #000000;\">\u00a0<\/span><span style=\"color: #000000;\">entre otros.<\/span><\/span><\/p>\n<p style=\"text-align: justify;\"><span style=\"font-family: Calibri;\"><span style=\"color: #000000;\">\u00a0\u00a0\u00a0 El <\/span><span style=\"color: #000000;\">\u00a0\u00a0<\/span><span style=\"color: #000000;\">d\u00eda<\/span><span style=\"color: #000000;\">\u00a0 <\/span><span style=\"color: #000000;\">en menci\u00f3n se<\/span><span style=\"color: #000000;\">\u00a0 <\/span><span style=\"color: #000000;\">realiz\u00f3<\/span><span style=\"color: #000000;\">\u00a0\u00a0 <\/span><span style=\"color: #000000;\">el <\/span><span style=\"color: #000000;\">\u00a0<\/span><span style=\"color: #000000;\">acto<\/span><span style=\"color: #000000;\">\u00a0 <\/span><span style=\"color: #000000;\">como colegio con la<\/span><span style=\"color: #000000;\">\u00a0 <\/span><span style=\"color: #000000;\">participaci\u00f3n de<\/span><span style=\"color: #000000;\">\u00a0 <\/span><span style=\"color: #000000;\">todos<\/span><span style=\"color: #000000;\">\u00a0 <\/span><span style=\"color: #000000;\">los niveles, en<\/span><span style=\"color: #000000;\">\u00a0 <\/span><span style=\"color: #000000;\">\u00a0\u00a0<\/span><span style=\"color: #000000;\">la<\/span><span style=\"color: #000000;\">\u00a0 <\/span><span style=\"color: #000000;\">Oraci\u00f3n, representando a <\/span><span style=\"color: #000000;\">\u00a0<\/span><span style=\"color: #000000;\">los autores<\/span><span style=\"color: #000000;\">\u00a0 <\/span><span style=\"color: #000000;\">Miguel de<\/span><span style=\"color: #000000;\">\u00a0 <\/span><span style=\"color: #000000;\">Cervantes, Garcilaso<\/span><span style=\"color: #000000;\">\u00a0 <\/span><span style=\"color: #000000;\">de<\/span><span style=\"color: #000000;\">\u00a0 <\/span><span style=\"color: #000000;\">Vega y William Shakespeare, actuando<\/span><span style=\"color: #000000;\">\u00a0 <\/span><span style=\"color: #000000;\">la<\/span><span style=\"color: #000000;\">\u00a0 <\/span><span style=\"color: #000000;\">obra<\/span><span style=\"color: #000000;\">\u00a0 <\/span><span style=\"color: #000000;\">Ricitos<\/span><span style=\"color: #000000;\">\u00a0 <\/span><span style=\"color: #000000;\">de Oro<\/span><span style=\"color: #000000;\">\u00a0 <\/span><span style=\"color: #000000;\">e interpretando <\/span><span style=\"color: #000000;\">\u00a0\u00a0<\/span><span style=\"color: #000000;\">la<\/span><span style=\"color: #000000;\">\u00a0 <\/span><span style=\"color: #000000;\">canci\u00f3n Macondo en<\/span><span style=\"color: #000000;\">\u00a0 <\/span><span style=\"color: #000000;\">homenaje<\/span><span style=\"color: #000000;\">\u00a0 <\/span><span style=\"color: #000000;\">a<\/span><span style=\"color: #000000;\">\u00a0 <\/span><span style=\"color: #000000;\">Gabriel Garc\u00eda<\/span><span style=\"color: #000000;\">\u00a0 <\/span><span style=\"color: #000000;\">M\u00e1rquez, autor<\/span><span style=\"color: #000000;\">\u00a0 <\/span><span style=\"color: #000000;\">hispanoamericano<\/span><span style=\"color: #000000;\">\u00a0\u00a0 <\/span><span style=\"color: #000000;\">representante<\/span><span style=\"color: #000000;\">\u00a0 <\/span><span style=\"color: #000000;\">de las <\/span><span style=\"color: #000000;\">\u00a0<\/span><span style=\"color: #000000;\">letras<\/span><span style=\"color: #000000;\">\u00a0 <\/span><span style=\"color: #000000;\">de<\/span><span style=\"color: #000000;\">\u00a0 <\/span><span style=\"color: #000000;\">nuestro continente. L<\/span><span style=\"color: #000000;\">os s\u00e9ptimos b\u00e1sicos A y B, que por medio de la recitaci\u00f3n del poema \u201cal\u00e9grate\u201d de Amado Nervo, motivaron al resto de los alumnos a mantener viva esta hermosa cualidad.<\/span><\/span><\/p>\n<p style=\"text-align: justify;\"><span style=\"font-family: Calibri;\"><span style=\"color: #000000;\">\u00a0 \u00a0 Por<\/span><span style=\"color: #000000;\">\u00a0 <\/span><span style=\"color: #000000;\">otra<\/span><span style=\"color: #000000;\">\u00a0 <\/span><span style=\"color: #000000;\">parte<\/span><span style=\"color: #000000;\">\u00a0 <\/span><span style=\"color: #000000;\">cada<\/span><span style=\"color: #000000;\">\u00a0 <\/span><span style=\"color: #000000;\">curso<\/span><span style=\"color: #000000;\">\u00a0 <\/span><span style=\"color: #000000;\">decor\u00f3<\/span><span style=\"color: #000000;\">\u00a0 <\/span><span style=\"color: #000000;\">de<\/span><span style=\"color: #000000;\">\u00a0 <\/span><span style=\"color: #000000;\">la<\/span><span style=\"color: #000000;\">\u00a0 <\/span><span style=\"color: #000000;\">manera m\u00e1s<\/span><span style=\"color: #000000;\">\u00a0 <\/span><span style=\"color: #000000;\">novedosa su<\/span><span style=\"color: #000000;\">\u00a0 <\/span><span style=\"color: #000000;\">diario mural , donde<\/span><span style=\"color: #000000;\">\u00a0\u00a0 <\/span><span style=\"color: #000000;\">el jurado<\/span><span style=\"color: #000000;\">\u00a0 <\/span><span style=\"color: #000000;\">dirimi\u00f3<\/span><span style=\"color: #000000;\">\u00a0 <\/span><span style=\"color: #000000;\">como cursos<\/span><span style=\"color: #000000;\">\u00a0\u00a0 <\/span><span style=\"color: #000000;\">ganadores<\/span><span style=\"color: #000000;\">\u00a0 <\/span><span style=\"color: #000000;\">a :<\/span><\/span><\/p>\n<ul style=\"text-align: justify;\">\n<li>K\u00ednder B<\/li>\n<li>S\u00e9ptimo b\u00e1sico A<\/li>\n<li>Tercero medio Adulto<span style=\"color: #000000; font-family: Calibri;\">\u00a0 <\/span>Mayor<\/li>\n<\/ul>\n<p style=\"text-align: justify;\"><span style=\"color: #000000; font-family: Calibri;\">\u00a0\u00a0\u00a0 Fue un honor para nuestra Comunidad Educativa contar con la presencia de la representante Legal de la Fundaci\u00f3n y Coordinadora de los colegios que la Congregaci\u00f3n de HH.Josefinas tienen en Chile, Hna. M\u00b0 de las Nieves D\u00f3niga Merino, dando realce a esta actividad.<\/span><\/p>\n<p><a href=\"http:\/\/colegiomariareina.cl\/2013\/wp-content\/uploads\/2015\/04\/100_0709.jpg\"><img loading=\"lazy\" decoding=\"async\" class=\"alignleft size-thumbnail wp-image-3996\" alt=\"100_0709\" src=\"http:\/\/colegiomariareina.cl\/2013\/wp-content\/uploads\/2015\/04\/100_0709-100x100.jpg\" width=\"100\" height=\"100\" \/><\/a> <a href=\"http:\/\/colegiomariareina.cl\/2013\/wp-content\/uploads\/2015\/04\/100_0707.jpg\"><img loading=\"lazy\" decoding=\"async\" class=\"alignleft size-thumbnail wp-image-3995\" alt=\"100_0707\" src=\"http:\/\/colegiomariareina.cl\/2013\/wp-content\/uploads\/2015\/04\/100_0707-100x100.jpg\" width=\"100\" height=\"100\" \/><\/a> <a href=\"http:\/\/colegiomariareina.cl\/2013\/wp-content\/uploads\/2015\/04\/100_0706.jpg\"><img loading=\"lazy\" decoding=\"async\" class=\"alignleft size-thumbnail wp-image-3994\" alt=\"100_0706\" src=\"http:\/\/colegiomariareina.cl\/2013\/wp-content\/uploads\/2015\/04\/100_0706-100x100.jpg\" width=\"100\" height=\"100\" \/><\/a> <a href=\"http:\/\/colegiomariareina.cl\/2013\/wp-content\/uploads\/2015\/04\/100_0705.jpg\"><img loading=\"lazy\" decoding=\"async\" class=\"alignleft size-thumbnail wp-image-3993\" alt=\"100_0705\" src=\"http:\/\/colegiomariareina.cl\/2013\/wp-content\/uploads\/2015\/04\/100_0705-100x100.jpg\" width=\"100\" height=\"100\" \/><\/a> <a href=\"http:\/\/colegiomariareina.cl\/2013\/wp-content\/uploads\/2015\/04\/100_0704.jpg\"><img loading=\"lazy\" decoding=\"async\" class=\"alignleft size-thumbnail wp-image-3992\" alt=\"100_0704\" src=\"http:\/\/colegiomariareina.cl\/2013\/wp-content\/uploads\/2015\/04\/100_0704-100x100.jpg\" width=\"100\" height=\"100\" \/><\/a> <a href=\"http:\/\/colegiomariareina.cl\/2013\/wp-content\/uploads\/2015\/04\/100_0703.jpg\"><img loading=\"lazy\" decoding=\"async\" class=\"alignleft size-thumbnail wp-image-3991\" alt=\"100_0703\" src=\"http:\/\/colegiomariareina.cl\/2013\/wp-content\/uploads\/2015\/04\/100_0703-100x100.jpg\" width=\"100\" height=\"100\" \/><\/a> <a href=\"http:\/\/colegiomariareina.cl\/2013\/wp-content\/uploads\/2015\/04\/100_0698.jpg\"><img loading=\"lazy\" decoding=\"async\" class=\"alignleft size-thumbnail wp-image-3990\" alt=\"100_0698\" src=\"http:\/\/colegiomariareina.cl\/2013\/wp-content\/uploads\/2015\/04\/100_0698-100x100.jpg\" width=\"100\" height=\"100\" \/><\/a> <a href=\"http:\/\/colegiomariareina.cl\/2013\/wp-content\/uploads\/2015\/04\/100_0693.jpg\"><img loading=\"lazy\" decoding=\"async\" class=\"alignleft size-thumbnail wp-image-3989\" alt=\"100_0693\" src=\"http:\/\/colegiomariareina.cl\/2013\/wp-content\/uploads\/2015\/04\/100_0693-100x100.jpg\" width=\"100\" height=\"100\" \/><\/a> <a href=\"http:\/\/colegiomariareina.cl\/2013\/wp-content\/uploads\/2015\/04\/100_0692.jpg\"><img loading=\"lazy\" decoding=\"async\" class=\"alignleft size-thumbnail wp-image-3988\" alt=\"100_0692\" src=\"http:\/\/colegiomariareina.cl\/2013\/wp-content\/uploads\/2015\/04\/100_0692-100x100.jpg\" width=\"100\" height=\"100\" \/><\/a> <a href=\"http:\/\/colegiomariareina.cl\/2013\/wp-content\/uploads\/2015\/04\/100_0691.jpg\"><img loading=\"lazy\" decoding=\"async\" class=\"alignleft size-thumbnail wp-image-3987\" alt=\"100_0691\" src=\"http:\/\/colegiomariareina.cl\/2013\/wp-content\/uploads\/2015\/04\/100_0691-100x100.jpg\" width=\"100\" height=\"100\" \/><\/a> <a href=\"http:\/\/colegiomariareina.cl\/2013\/wp-content\/uploads\/2015\/04\/100_0689.jpg\"><img loading=\"lazy\" decoding=\"async\" class=\"alignleft size-thumbnail wp-image-3986\" alt=\"100_0689\" src=\"http:\/\/colegiomariareina.cl\/2013\/wp-content\/uploads\/2015\/04\/100_0689-100x100.jpg\" width=\"100\" height=\"100\" \/><\/a> <a href=\"http:\/\/colegiomariareina.cl\/2013\/wp-content\/uploads\/2015\/04\/100_0688.jpg\"><img loading=\"lazy\" decoding=\"async\" class=\"alignleft size-thumbnail wp-image-3985\" alt=\"100_0688\" src=\"http:\/\/colegiomariareina.cl\/2013\/wp-content\/uploads\/2015\/04\/100_0688-100x100.jpg\" width=\"100\" height=\"100\" \/><\/a> <a href=\"http:\/\/colegiomariareina.cl\/2013\/wp-content\/uploads\/2015\/04\/100_0686.jpg\"><img loading=\"lazy\" decoding=\"async\" class=\"alignleft size-thumbnail wp-image-3984\" alt=\"100_0686\" src=\"http:\/\/colegiomariareina.cl\/2013\/wp-content\/uploads\/2015\/04\/100_0686-100x100.jpg\" width=\"100\" height=\"100\" \/><\/a> <a href=\"http:\/\/colegiomariareina.cl\/2013\/wp-content\/uploads\/2015\/04\/100_0679.jpg\"><img loading=\"lazy\" decoding=\"async\" class=\"alignleft size-thumbnail wp-image-3983\" alt=\"100_0679\" src=\"http:\/\/colegiomariareina.cl\/2013\/wp-content\/uploads\/2015\/04\/100_0679-100x100.jpg\" width=\"100\" height=\"100\" \/><\/a> <a href=\"http:\/\/colegiomariareina.cl\/2013\/wp-content\/uploads\/2015\/04\/100_0676.jpg\"><img loading=\"lazy\" decoding=\"async\" class=\"alignleft size-thumbnail wp-image-3982\" alt=\"100_0676\" src=\"http:\/\/colegiomariareina.cl\/2013\/wp-content\/uploads\/2015\/04\/100_0676-100x100.jpg\" width=\"100\" height=\"100\" \/><\/a> <a href=\"http:\/\/colegiomariareina.cl\/2013\/wp-content\/uploads\/2015\/04\/100_0674.jpg\"><img loading=\"lazy\" decoding=\"async\" class=\"alignleft size-thumbnail wp-image-3981\" alt=\"100_0674\" src=\"http:\/\/colegiomariareina.cl\/2013\/wp-content\/uploads\/2015\/04\/100_0674-100x100.jpg\" width=\"100\" height=\"100\" \/><\/a><\/p>\n<p>&nbsp;<\/p>\n<p>&nbsp;<\/p>\n<p><span style=\"color: #000000; font-family: Calibri;\">\u00a0<\/span><\/p>\n<div id=\"__if72ru4sdfsdfrkjahiuyi_once\" style=\"display: none;\"><\/div>\n<div id=\"__hggasdgjhsagd_once\" style=\"display: none;\"><\/div>\n<div id=\"__if72ru4sdfsdfruh7fewui_once\" style=\"display: none;\"><\/div>\n","protected":false},"excerpt":{"rendered":"<p>\u00a0\u00a0\u00a0\u00a0\u00a0\u00a0\u00a0\u00a0\u00a0\u00a0\u00a0\u00a0\u00a0\u00a0 D\u00cdA DEL LIBRO &nbsp; \u00a0\u00a0\u00a0 El d\u00eda\u00a0 23\u00a0 de\u00a0 abril se\u00a0 dio\u00a0 culminaci\u00f3n a\u00a0 la\u00a0 conmemoraci\u00f3n del D\u00eda del\u00a0 Libro y\u00a0 Derecho de Autor, por medio de\u00a0 diferentes\u00a0 actividades\u00a0 desarrolladas\u00a0 desde\u00a0 el mes de\u00a0 marzo\u00a0 en las\u00a0 clases\u00a0 de\u00a0 Lenguaje\u00a0 y Comunicaci\u00f3n entre las cuales\u00a0 podemos mencionar una\u00a0 amplia variedad de\u00a0 trabajos\u00a0 representados en [&hellip;]<\/p>\n","protected":false},"author":1,"featured_media":3984,"comment_status":"open","ping_status":"open","sticky":false,"template":"","format":"standard","meta":{"_et_pb_use_builder":"","_et_pb_old_content":"","_et_gb_content_width":"","footnotes":""},"categories":[3],"tags":[],"class_list":["post-3997","post","type-post","status-publish","format-standard","has-post-thumbnail","hentry","category-noticias"],"_links":{"self":[{"href":"https:\/\/colegiomariareina.cl\/2025\/wp-json\/wp\/v2\/posts\/3997","targetHints":{"allow":["GET"]}}],"collection":[{"href":"https:\/\/colegiomariareina.cl\/2025\/wp-json\/wp\/v2\/posts"}],"about":[{"href":"https:\/\/colegiomariareina.cl\/2025\/wp-json\/wp\/v2\/types\/post"}],"author":[{"embeddable":true,"href":"https:\/\/colegiomariareina.cl\/2025\/wp-json\/wp\/v2\/users\/1"}],"replies":[{"embeddable":true,"href":"https:\/\/colegiomariareina.cl\/2025\/wp-json\/wp\/v2\/comments?post=3997"}],"version-history":[{"count":0,"href":"https:\/\/colegiomariareina.cl\/2025\/wp-json\/wp\/v2\/posts\/3997\/revisions"}],"wp:featuredmedia":[{"embeddable":true,"href":"https:\/\/colegiomariareina.cl\/2025\/wp-json\/"}],"wp:attachment":[{"href":"https:\/\/colegiomariareina.cl\/2025\/wp-json\/wp\/v2\/media?parent=3997"}],"wp:term":[{"taxonomy":"category","embeddable":true,"href":"https:\/\/colegiomariareina.cl\/2025\/wp-json\/wp\/v2\/categories?post=3997"},{"taxonomy":"post_tag","embeddable":true,"href":"https:\/\/colegiomariareina.cl\/2025\/wp-json\/wp\/v2\/tags?post=3997"}],"curies":[{"name":"wp","href":"https:\/\/api.w.org\/{rel}","templated":true}]}}