{"id":4045,"date":"2015-04-30T16:35:10","date_gmt":"2015-04-30T16:35:10","guid":{"rendered":"http:\/\/colegiomariareina.cl\/2013\/?p=4045"},"modified":"2015-04-30T16:35:10","modified_gmt":"2015-04-30T16:35:10","slug":"congreso-educadores-catolicos-25-abril-2015","status":"publish","type":"post","link":"https:\/\/colegiomariareina.cl\/2025\/congreso-educadores-catolicos-25-abril-2015\/","title":{"rendered":"CONGRESO EDUCADORES CAT\u00d3LICOS.- 25 Abril 2015"},"content":{"rendered":"<p style=\"text-align: justify;\">\u00a0 \u00a0 El d\u00eda s\u00e1bado 25 de abril a las 8:30 horas, se realiz\u00f3\u00a0 Congreso de Educadores Cat\u00f3licos, organizado por el Obispado de Melipilla, en las dependencias del colegio Carampangue de Talagante.<\/p>\n<p style=\"text-align: justify;\">\u00a0 \u00a0Nuestro colegio se hizo presente con la presencia de Hna. Mar\u00eda Dolores Alija y \u00a0una numerosa \u00a0delegaci\u00f3n de 41 profesores.<\/p>\n<p style=\"text-align: justify;\">\u00a0 \u00a0 Iniciamos el trabajo del d\u00eda, ofreciendo al Se\u00f1or todo lo que somos y tenemos, en una concurrida Eucarist\u00eda, presidida por nuestro Obispo,\u00a0 Mons. Cristi\u00e1n Contreras, acompa\u00f1ado de varios sacerdotes, entre los que se encontraba el Vicario de la Educaci\u00f3n Mons. Alfredo Miranda.<\/p>\n<p style=\"text-align: justify;\">\u00a0 \u00a0 Al colegio se le solicit\u00f3 desde el Obispado,\u00a0 la oraci\u00f3n Universal.\u00a0 Cinco\u00a0 entusiastas profesores asumieron responsablemente la tarea encomendada.<\/p>\n<p style=\"text-align: justify;\">\u00a0 \u00a0 Despu\u00e9s de compartir la mesa del Se\u00f1or, compartimos\u00a0 un rico desayuno preparado por el colegio anfitri\u00f3n.<\/p>\n<p style=\"text-align: justify;\">\u00a0 Como actividad central del encuentro, la \u00a0Profesora de Filosof\u00eda de la Pontificia Universidad Cat\u00f3lica de Chile, \u00a0Carolina Dell\u00b4Oro, desarroll\u00f3 el tema de la inclusi\u00f3n en el colegio. Con palabras sencillas y cercanas nos entusiasm\u00f3 al trabajo con todos los estudiantes, sin dejar a ninguno de lado: \u201csomos todos \u00fanicos e irrepetibles\u201d.<\/p>\n<p style=\"text-align: justify;\">\u00a0 \u00a0 Fue un s\u00e1bado diferente, que favoreci\u00f3 la comuni\u00f3n y la convivencia del cuerpo de profesores.<\/p>\n<p style=\"text-align: justify;\"><a href=\"http:\/\/colegiomariareina.cl\/2013\/wp-content\/uploads\/2015\/04\/DSC01530.jpg\"><img loading=\"lazy\" decoding=\"async\" class=\"alignleft size-thumbnail wp-image-4044\" alt=\"DSC01530\" src=\"http:\/\/colegiomariareina.cl\/2013\/wp-content\/uploads\/2015\/04\/DSC01530-100x100.jpg\" width=\"100\" height=\"100\" \/><\/a> <a href=\"http:\/\/colegiomariareina.cl\/2013\/wp-content\/uploads\/2015\/04\/DSC01517.jpg\"><img loading=\"lazy\" decoding=\"async\" class=\"alignleft size-thumbnail wp-image-4043\" alt=\"DSC01517\" src=\"http:\/\/colegiomariareina.cl\/2013\/wp-content\/uploads\/2015\/04\/DSC01517-100x100.jpg\" width=\"100\" height=\"100\" \/><\/a> <a href=\"http:\/\/colegiomariareina.cl\/2013\/wp-content\/uploads\/2015\/04\/DSC01509.jpg\"><img loading=\"lazy\" decoding=\"async\" class=\"alignleft size-thumbnail wp-image-4042\" alt=\"DSC01509\" src=\"http:\/\/colegiomariareina.cl\/2013\/wp-content\/uploads\/2015\/04\/DSC01509-100x100.jpg\" width=\"100\" height=\"100\" \/><\/a> <a href=\"http:\/\/colegiomariareina.cl\/2013\/wp-content\/uploads\/2015\/04\/DSC01504.jpg\"><img loading=\"lazy\" decoding=\"async\" class=\"alignleft size-thumbnail wp-image-4041\" alt=\"DSC01504\" src=\"http:\/\/colegiomariareina.cl\/2013\/wp-content\/uploads\/2015\/04\/DSC01504-100x100.jpg\" width=\"100\" height=\"100\" \/><\/a> <a href=\"http:\/\/colegiomariareina.cl\/2013\/wp-content\/uploads\/2015\/04\/DSC01496.jpg\"><img loading=\"lazy\" decoding=\"async\" class=\"alignleft size-thumbnail wp-image-4040\" alt=\"DSC01496\" src=\"http:\/\/colegiomariareina.cl\/2013\/wp-content\/uploads\/2015\/04\/DSC01496-100x100.jpg\" width=\"100\" height=\"100\" \/><\/a> <a href=\"http:\/\/colegiomariareina.cl\/2013\/wp-content\/uploads\/2015\/04\/DSC01487.jpg\"><img loading=\"lazy\" decoding=\"async\" class=\"alignleft size-thumbnail wp-image-4039\" alt=\"DSC01487\" src=\"http:\/\/colegiomariareina.cl\/2013\/wp-content\/uploads\/2015\/04\/DSC01487-100x100.jpg\" width=\"100\" height=\"100\" \/><\/a> <a href=\"http:\/\/colegiomariareina.cl\/2013\/wp-content\/uploads\/2015\/04\/DSC01475.jpg\"><img loading=\"lazy\" decoding=\"async\" class=\"alignleft size-thumbnail wp-image-4038\" alt=\"DSC01475\" src=\"http:\/\/colegiomariareina.cl\/2013\/wp-content\/uploads\/2015\/04\/DSC01475-100x100.jpg\" width=\"100\" height=\"100\" \/><\/a> <a href=\"http:\/\/colegiomariareina.cl\/2013\/wp-content\/uploads\/2015\/04\/DSC01462.jpg\"><img loading=\"lazy\" decoding=\"async\" class=\"alignleft size-thumbnail wp-image-4037\" alt=\"DSC01462\" src=\"http:\/\/colegiomariareina.cl\/2013\/wp-content\/uploads\/2015\/04\/DSC01462-100x100.jpg\" width=\"100\" height=\"100\" \/><\/a><\/p>\n","protected":false},"excerpt":{"rendered":"<p>\u00a0 \u00a0 El d\u00eda s\u00e1bado 25 de abril a las 8:30 horas, se realiz\u00f3\u00a0 Congreso de Educadores Cat\u00f3licos, organizado por el Obispado de Melipilla, en las dependencias del colegio Carampangue de Talagante. \u00a0 \u00a0Nuestro colegio se hizo presente con la presencia de Hna. Mar\u00eda Dolores Alija y \u00a0una numerosa \u00a0delegaci\u00f3n de 41 profesores. \u00a0 \u00a0 [&hellip;]<\/p>\n","protected":false},"author":1,"featured_media":4037,"comment_status":"open","ping_status":"open","sticky":false,"template":"","format":"standard","meta":{"_et_pb_use_builder":"","_et_pb_old_content":"","_et_gb_content_width":"","footnotes":""},"categories":[3],"tags":[],"class_list":["post-4045","post","type-post","status-publish","format-standard","has-post-thumbnail","hentry","category-noticias"],"_links":{"self":[{"href":"https:\/\/colegiomariareina.cl\/2025\/wp-json\/wp\/v2\/posts\/4045","targetHints":{"allow":["GET"]}}],"collection":[{"href":"https:\/\/colegiomariareina.cl\/2025\/wp-json\/wp\/v2\/posts"}],"about":[{"href":"https:\/\/colegiomariareina.cl\/2025\/wp-json\/wp\/v2\/types\/post"}],"author":[{"embeddable":true,"href":"https:\/\/colegiomariareina.cl\/2025\/wp-json\/wp\/v2\/users\/1"}],"replies":[{"embeddable":true,"href":"https:\/\/colegiomariareina.cl\/2025\/wp-json\/wp\/v2\/comments?post=4045"}],"version-history":[{"count":0,"href":"https:\/\/colegiomariareina.cl\/2025\/wp-json\/wp\/v2\/posts\/4045\/revisions"}],"wp:featuredmedia":[{"embeddable":true,"href":"https:\/\/colegiomariareina.cl\/2025\/wp-json\/"}],"wp:attachment":[{"href":"https:\/\/colegiomariareina.cl\/2025\/wp-json\/wp\/v2\/media?parent=4045"}],"wp:term":[{"taxonomy":"category","embeddable":true,"href":"https:\/\/colegiomariareina.cl\/2025\/wp-json\/wp\/v2\/categories?post=4045"},{"taxonomy":"post_tag","embeddable":true,"href":"https:\/\/colegiomariareina.cl\/2025\/wp-json\/wp\/v2\/tags?post=4045"}],"curies":[{"name":"wp","href":"https:\/\/api.w.org\/{rel}","templated":true}]}}