{"id":4123,"date":"2015-05-26T15:56:52","date_gmt":"2015-05-26T15:56:52","guid":{"rendered":"http:\/\/colegiomariareina.cl\/2013\/?p=4123"},"modified":"2018-06-08T21:34:29","modified_gmt":"2018-06-08T21:34:29","slug":"mes-del-mar-25-de-mayo-2015","status":"publish","type":"post","link":"https:\/\/colegiomariareina.cl\/2025\/mes-del-mar-25-de-mayo-2015\/","title":{"rendered":"MES DEL MAR.- 25 de Mayo 2015"},"content":{"rendered":"<h1 align=\"center\"><b>Mes del Mar<\/b><\/h1>\n<p><span style=\"font-family: Calibri;\">\u00a0\u00a0\u00a0\u00a0\u00a0\u00a0 Con un impecable Acto C\u00edvico organizado por nuestros primeros b\u00e1sicos hemos dado termino al mes del mar, en \u00e9l se destacaron\u00a0 sus animadores, que con mucha personalidad y perfecta lectura guiaron \u00e9ste evento para el primer ciclo b\u00e1sico.<\/span><\/p>\n<p>Por otra parte, alumnos de ambos primeros b\u00e1sicos presentaron lindos bailes aludidos al mes del mar, siendo los marinos, capitanes, cangrejos, tiburones y distintas especies marinas los protagonistas.<\/p>\n<p><b><span style=\"color: #000000; font-family: Calibri;\">\u00a0<a href=\"http:\/\/colegiomariareina.cl\/2013\/wp-content\/uploads\/2015\/05\/100_1425.jpg\"><img loading=\"lazy\" decoding=\"async\" class=\"alignleft size-thumbnail wp-image-4121\" alt=\"100_1425\" src=\"http:\/\/colegiomariareina.cl\/2013\/wp-content\/uploads\/2015\/05\/100_1425-100x100.jpg\" width=\"100\" height=\"100\" \/><\/a> <a href=\"http:\/\/colegiomariareina.cl\/2013\/wp-content\/uploads\/2015\/05\/100_1423.jpg\"><img loading=\"lazy\" decoding=\"async\" class=\"alignleft size-thumbnail wp-image-4119\" alt=\"100_1423\" src=\"http:\/\/colegiomariareina.cl\/2013\/wp-content\/uploads\/2015\/05\/100_1423-100x100.jpg\" width=\"100\" height=\"100\" \/><\/a> <a href=\"http:\/\/colegiomariareina.cl\/2013\/wp-content\/uploads\/2015\/05\/100_1421.jpg\"><img loading=\"lazy\" decoding=\"async\" class=\"alignleft size-thumbnail wp-image-4118\" alt=\"100_1421\" src=\"http:\/\/colegiomariareina.cl\/2013\/wp-content\/uploads\/2015\/05\/100_1421-100x100.jpg\" width=\"100\" height=\"100\" \/><\/a> <a href=\"http:\/\/colegiomariareina.cl\/2013\/wp-content\/uploads\/2015\/05\/100_1419.jpg\"><img loading=\"lazy\" decoding=\"async\" class=\"alignleft size-thumbnail wp-image-4117\" alt=\"100_1419\" src=\"http:\/\/colegiomariareina.cl\/2013\/wp-content\/uploads\/2015\/05\/100_1419-100x100.jpg\" width=\"100\" height=\"100\" \/><\/a> <a href=\"http:\/\/colegiomariareina.cl\/2013\/wp-content\/uploads\/2015\/05\/100_1418.jpg\"><img loading=\"lazy\" decoding=\"async\" class=\"alignleft size-thumbnail wp-image-4116\" alt=\"100_1418\" src=\"http:\/\/colegiomariareina.cl\/2013\/wp-content\/uploads\/2015\/05\/100_1418-100x100.jpg\" width=\"100\" height=\"100\" \/><\/a> <a href=\"http:\/\/colegiomariareina.cl\/2013\/wp-content\/uploads\/2015\/05\/100_1416.jpg\"><img loading=\"lazy\" decoding=\"async\" class=\"alignleft size-thumbnail wp-image-4115\" alt=\"100_1416\" src=\"http:\/\/colegiomariareina.cl\/2013\/wp-content\/uploads\/2015\/05\/100_1416-100x100.jpg\" width=\"100\" height=\"100\" \/><\/a> <a href=\"http:\/\/colegiomariareina.cl\/2013\/wp-content\/uploads\/2015\/05\/100_1414.jpg\"><img loading=\"lazy\" decoding=\"async\" class=\"alignleft size-thumbnail wp-image-4114\" alt=\"100_1414\" src=\"http:\/\/colegiomariareina.cl\/2013\/wp-content\/uploads\/2015\/05\/100_1414-100x100.jpg\" width=\"100\" height=\"100\" \/><\/a> <a href=\"http:\/\/colegiomariareina.cl\/2013\/wp-content\/uploads\/2015\/05\/100_1412.jpg\"><img loading=\"lazy\" decoding=\"async\" class=\"alignleft size-thumbnail wp-image-4113\" alt=\"100_1412\" src=\"http:\/\/colegiomariareina.cl\/2013\/wp-content\/uploads\/2015\/05\/100_1412-100x100.jpg\" width=\"100\" height=\"100\" \/><\/a> <a href=\"http:\/\/colegiomariareina.cl\/2013\/wp-content\/uploads\/2015\/05\/100_1411.jpg\"><img loading=\"lazy\" decoding=\"async\" class=\"alignleft size-thumbnail wp-image-4112\" alt=\"100_1411\" src=\"http:\/\/colegiomariareina.cl\/2013\/wp-content\/uploads\/2015\/05\/100_1411-100x100.jpg\" width=\"100\" height=\"100\" \/><\/a> <a href=\"http:\/\/colegiomariareina.cl\/2013\/wp-content\/uploads\/2015\/05\/100_1410.jpg\"><img loading=\"lazy\" decoding=\"async\" class=\"alignleft size-thumbnail wp-image-4111\" alt=\"100_1410\" src=\"http:\/\/colegiomariareina.cl\/2013\/wp-content\/uploads\/2015\/05\/100_1410-100x100.jpg\" width=\"100\" height=\"100\" \/><\/a> <a href=\"http:\/\/colegiomariareina.cl\/2013\/wp-content\/uploads\/2015\/05\/100_1408.jpg\"><img loading=\"lazy\" decoding=\"async\" class=\"alignleft size-thumbnail wp-image-4110\" alt=\"100_1408\" src=\"http:\/\/colegiomariareina.cl\/2013\/wp-content\/uploads\/2015\/05\/100_1408-100x100.jpg\" width=\"100\" height=\"100\" \/><\/a> <a href=\"http:\/\/colegiomariareina.cl\/2013\/wp-content\/uploads\/2015\/05\/100_1407.jpg\"><img loading=\"lazy\" decoding=\"async\" class=\"alignleft size-thumbnail wp-image-4109\" alt=\"100_1407\" src=\"http:\/\/colegiomariareina.cl\/2013\/wp-content\/uploads\/2015\/05\/100_1407-100x100.jpg\" width=\"100\" height=\"100\" \/><\/a> <a href=\"http:\/\/colegiomariareina.cl\/2013\/wp-content\/uploads\/2015\/05\/100_1405.jpg\"><img loading=\"lazy\" decoding=\"async\" class=\"alignleft size-thumbnail wp-image-4108\" alt=\"100_1405\" src=\"http:\/\/colegiomariareina.cl\/2013\/wp-content\/uploads\/2015\/05\/100_1405-100x100.jpg\" width=\"100\" height=\"100\" \/><\/a> <a href=\"http:\/\/colegiomariareina.cl\/2013\/wp-content\/uploads\/2015\/05\/100_1404.jpg\"><img loading=\"lazy\" decoding=\"async\" class=\"alignleft size-thumbnail wp-image-4107\" alt=\"100_1404\" src=\"http:\/\/colegiomariareina.cl\/2013\/wp-content\/uploads\/2015\/05\/100_1404-100x100.jpg\" width=\"100\" height=\"100\" \/><\/a> <a href=\"http:\/\/colegiomariareina.cl\/2013\/wp-content\/uploads\/2015\/05\/100_1402.jpg\"><img loading=\"lazy\" decoding=\"async\" class=\"alignleft size-thumbnail wp-image-4106\" alt=\"100_1402\" src=\"http:\/\/colegiomariareina.cl\/2013\/wp-content\/uploads\/2015\/05\/100_1402-100x100.jpg\" width=\"100\" height=\"100\" \/><\/a> <a href=\"http:\/\/colegiomariareina.cl\/2013\/wp-content\/uploads\/2015\/05\/100_1401.jpg\"><img loading=\"lazy\" decoding=\"async\" class=\"alignleft size-thumbnail wp-image-4105\" alt=\"100_1401\" src=\"http:\/\/colegiomariareina.cl\/2013\/wp-content\/uploads\/2015\/05\/100_1401-100x100.jpg\" width=\"100\" height=\"100\" \/><\/a> <a href=\"http:\/\/colegiomariareina.cl\/2013\/wp-content\/uploads\/2015\/05\/100_1400.jpg\"><img loading=\"lazy\" decoding=\"async\" class=\"alignleft size-thumbnail wp-image-4104\" alt=\"100_1400\" src=\"http:\/\/colegiomariareina.cl\/2013\/wp-content\/uploads\/2015\/05\/100_1400-100x100.jpg\" width=\"100\" height=\"100\" \/><\/a> <a href=\"http:\/\/colegiomariareina.cl\/2013\/wp-content\/uploads\/2015\/05\/100_1398.jpg\"><img loading=\"lazy\" decoding=\"async\" class=\"alignleft size-thumbnail wp-image-4103\" alt=\"100_1398\" src=\"http:\/\/colegiomariareina.cl\/2013\/wp-content\/uploads\/2015\/05\/100_1398-100x100.jpg\" width=\"100\" height=\"100\" \/><\/a> <a href=\"http:\/\/colegiomariareina.cl\/2013\/wp-content\/uploads\/2015\/05\/100_1397.jpg\"><img loading=\"lazy\" decoding=\"async\" class=\"alignleft size-thumbnail wp-image-4102\" alt=\"100_1397\" src=\"http:\/\/colegiomariareina.cl\/2013\/wp-content\/uploads\/2015\/05\/100_1397-100x100.jpg\" width=\"100\" height=\"100\" \/><\/a> <a href=\"http:\/\/colegiomariareina.cl\/2013\/wp-content\/uploads\/2015\/05\/100_1396.jpg\"><img loading=\"lazy\" decoding=\"async\" class=\"alignleft size-thumbnail wp-image-4101\" alt=\"100_1396\" src=\"http:\/\/colegiomariareina.cl\/2013\/wp-content\/uploads\/2015\/05\/100_1396-100x100.jpg\" width=\"100\" height=\"100\" \/><\/a><\/span><\/b><\/p>\n<h1 align=\"center\"><\/h1>\n<p>&nbsp;<\/p>\n<p>&nbsp;<\/p>\n<p>&nbsp;<\/p>\n<h1 align=\"center\"><\/h1>\n<h1 align=\"center\"><\/h1>\n<h1 align=\"center\"><\/h1>\n<h1 align=\"center\"><\/h1>\n<h1 align=\"center\"><\/h1>\n<h1 align=\"center\"><\/h1>\n<h1 align=\"center\"><\/h1>\n<h1 align=\"center\"><\/h1>\n<h1 align=\"center\"><\/h1>\n<h1 align=\"center\"><\/h1>\n<h1 align=\"center\"><\/h1>\n<p style=\"text-align: center;\">\n","protected":false},"excerpt":{"rendered":"<p>Mes del Mar \u00a0\u00a0\u00a0\u00a0\u00a0\u00a0 Con un impecable Acto C\u00edvico organizado por nuestros primeros b\u00e1sicos hemos dado termino al mes del mar, en \u00e9l se destacaron\u00a0 sus animadores, que con mucha personalidad y perfecta lectura guiaron \u00e9ste evento para el primer ciclo b\u00e1sico. Por otra parte, alumnos de ambos primeros b\u00e1sicos presentaron lindos bailes aludidos al [&hellip;]<\/p>\n","protected":false},"author":1,"featured_media":4112,"comment_status":"open","ping_status":"open","sticky":false,"template":"","format":"standard","meta":{"_et_pb_use_builder":"","_et_pb_old_content":"","_et_gb_content_width":"","footnotes":""},"categories":[3],"tags":[],"class_list":["post-4123","post","type-post","status-publish","format-standard","has-post-thumbnail","hentry","category-noticias"],"_links":{"self":[{"href":"https:\/\/colegiomariareina.cl\/2025\/wp-json\/wp\/v2\/posts\/4123","targetHints":{"allow":["GET"]}}],"collection":[{"href":"https:\/\/colegiomariareina.cl\/2025\/wp-json\/wp\/v2\/posts"}],"about":[{"href":"https:\/\/colegiomariareina.cl\/2025\/wp-json\/wp\/v2\/types\/post"}],"author":[{"embeddable":true,"href":"https:\/\/colegiomariareina.cl\/2025\/wp-json\/wp\/v2\/users\/1"}],"replies":[{"embeddable":true,"href":"https:\/\/colegiomariareina.cl\/2025\/wp-json\/wp\/v2\/comments?post=4123"}],"version-history":[{"count":1,"href":"https:\/\/colegiomariareina.cl\/2025\/wp-json\/wp\/v2\/posts\/4123\/revisions"}],"predecessor-version":[{"id":10588,"href":"https:\/\/colegiomariareina.cl\/2025\/wp-json\/wp\/v2\/posts\/4123\/revisions\/10588"}],"wp:featuredmedia":[{"embeddable":true,"href":"https:\/\/colegiomariareina.cl\/2025\/wp-json\/"}],"wp:attachment":[{"href":"https:\/\/colegiomariareina.cl\/2025\/wp-json\/wp\/v2\/media?parent=4123"}],"wp:term":[{"taxonomy":"category","embeddable":true,"href":"https:\/\/colegiomariareina.cl\/2025\/wp-json\/wp\/v2\/categories?post=4123"},{"taxonomy":"post_tag","embeddable":true,"href":"https:\/\/colegiomariareina.cl\/2025\/wp-json\/wp\/v2\/tags?post=4123"}],"curies":[{"name":"wp","href":"https:\/\/api.w.org\/{rel}","templated":true}]}}