{"id":4221,"date":"2015-06-11T14:25:04","date_gmt":"2015-06-11T14:25:04","guid":{"rendered":"http:\/\/colegiomariareina.cl\/2013\/?p=4221"},"modified":"2015-06-11T14:25:04","modified_gmt":"2015-06-11T14:25:04","slug":"nuestros-pueblos-originarios-1-de-junio-2015","status":"publish","type":"post","link":"https:\/\/colegiomariareina.cl\/2025\/nuestros-pueblos-originarios-1-de-junio-2015\/","title":{"rendered":"NUESTROS PUEBLOS ORIGINARIOS.- 1 de Junio 2015"},"content":{"rendered":"<p style=\"text-align: justify;\">\u00a0\u00a0\u00a0\u00a0\u00a0\u00a0 \u00c9ste lunes 1 de Junio, hemos comenzado el mes celebrado\u00a0 a los pueblos originarios,\u00a0a aquellos que formaron y forman parte de la\u00a0 ra\u00edz m\u00e1s hermosa de nuestra identidad.<\/p>\n<p style=\"text-align: justify;\">\u00a0\u00a0\u00a0 Con dos hermosos actos c\u00edvicos, los cursos de 1\u00b0 medio C, 2\u00b0medio B, III y IV medio de la especialidad de \u201cAtenci\u00f3n al Adulto Mayor\u201d han dado inicio al mes en cual celebramos a los pueblos que nos han antepasado, y de quienes heredamos una riqueza incalculable, que con orgullo debemos llevar.<\/p>\n<p style=\"text-align: justify;\">\u00a0\u00a0 \u00a0J\u00f3venes bailando, recitando y reflexionando fue la t\u00f3nica del ambiente vivido, acompa\u00f1ado de bella m\u00fasica de los diferentes pueblos originarios de nuestro pa\u00eds.<\/p>\n<p style=\"text-align: justify;\">\u00a0\u00a0 \u00a0Agradecemos todo el aporte cultural, arquitect\u00f3nico y \u00a0costumbres m\u00e1s ancestrales de todos \u00e9stos pueblos que han dejado y aun dejan en los pa\u00edses latinoamericanos.<\/p>\n<p style=\"text-align: justify;\">\u00a0\u00a0\u00a0 Felicitaciones a todos quienes valoran este inmenso tesoro hist\u00f3rico.<\/p>\n<p style=\"text-align: center;\" align=\"center\"><b><i><span style=\"text-decoration: underline;\"><span style=\"color: #000000; font-family: Calibri;\">\u00a0<a href=\"http:\/\/colegiomariareina.cl\/2013\/wp-content\/uploads\/2015\/06\/100_1824.jpg\"><img loading=\"lazy\" decoding=\"async\" class=\"alignleft size-thumbnail wp-image-4219\" alt=\"100_1824\" src=\"http:\/\/colegiomariareina.cl\/2013\/wp-content\/uploads\/2015\/06\/100_1824-100x100.jpg\" width=\"100\" height=\"100\" \/><\/a> <a href=\"http:\/\/colegiomariareina.cl\/2013\/wp-content\/uploads\/2015\/06\/100_1788.jpg\"><img loading=\"lazy\" decoding=\"async\" class=\"alignleft size-thumbnail wp-image-4218\" alt=\"100_1788\" src=\"http:\/\/colegiomariareina.cl\/2013\/wp-content\/uploads\/2015\/06\/100_1788-100x100.jpg\" width=\"100\" height=\"100\" \/><\/a> <a href=\"http:\/\/colegiomariareina.cl\/2013\/wp-content\/uploads\/2015\/06\/100_1783.jpg\"><img loading=\"lazy\" decoding=\"async\" class=\"alignleft size-thumbnail wp-image-4217\" alt=\"100_1783\" src=\"http:\/\/colegiomariareina.cl\/2013\/wp-content\/uploads\/2015\/06\/100_1783-100x100.jpg\" width=\"100\" height=\"100\" \/><\/a> <a href=\"http:\/\/colegiomariareina.cl\/2013\/wp-content\/uploads\/2015\/06\/100_1780.jpg\"><img loading=\"lazy\" decoding=\"async\" class=\"alignleft size-thumbnail wp-image-4216\" alt=\"100_1780\" src=\"http:\/\/colegiomariareina.cl\/2013\/wp-content\/uploads\/2015\/06\/100_1780-100x100.jpg\" width=\"100\" height=\"100\" \/><\/a> <a href=\"http:\/\/colegiomariareina.cl\/2013\/wp-content\/uploads\/2015\/06\/100_1778.jpg\"><img loading=\"lazy\" decoding=\"async\" class=\"alignleft size-thumbnail wp-image-4215\" alt=\"100_1778\" src=\"http:\/\/colegiomariareina.cl\/2013\/wp-content\/uploads\/2015\/06\/100_1778-100x100.jpg\" width=\"100\" height=\"100\" \/><\/a> <a href=\"http:\/\/colegiomariareina.cl\/2013\/wp-content\/uploads\/2015\/06\/100_1777.jpg\"><img loading=\"lazy\" decoding=\"async\" class=\"alignleft size-thumbnail wp-image-4214\" alt=\"100_1777\" src=\"http:\/\/colegiomariareina.cl\/2013\/wp-content\/uploads\/2015\/06\/100_1777-100x100.jpg\" width=\"100\" height=\"100\" \/><\/a> <a href=\"http:\/\/colegiomariareina.cl\/2013\/wp-content\/uploads\/2015\/06\/100_1776.jpg\"><img loading=\"lazy\" decoding=\"async\" class=\"alignleft size-thumbnail wp-image-4213\" alt=\"100_1776\" src=\"http:\/\/colegiomariareina.cl\/2013\/wp-content\/uploads\/2015\/06\/100_1776-100x100.jpg\" width=\"100\" height=\"100\" \/><\/a> <a href=\"http:\/\/colegiomariareina.cl\/2013\/wp-content\/uploads\/2015\/06\/100_1772.jpg\"><img loading=\"lazy\" decoding=\"async\" class=\"alignleft size-thumbnail wp-image-4212\" alt=\"100_1772\" src=\"http:\/\/colegiomariareina.cl\/2013\/wp-content\/uploads\/2015\/06\/100_1772-100x100.jpg\" width=\"100\" height=\"100\" \/><\/a> <a href=\"http:\/\/colegiomariareina.cl\/2013\/wp-content\/uploads\/2015\/06\/100_1770.jpg\"><img loading=\"lazy\" decoding=\"async\" class=\"alignleft size-thumbnail wp-image-4211\" alt=\"100_1770\" src=\"http:\/\/colegiomariareina.cl\/2013\/wp-content\/uploads\/2015\/06\/100_1770-100x100.jpg\" width=\"100\" height=\"100\" \/><\/a> <a href=\"http:\/\/colegiomariareina.cl\/2013\/wp-content\/uploads\/2015\/06\/100_1769.jpg\"><img loading=\"lazy\" decoding=\"async\" class=\"alignleft size-thumbnail wp-image-4210\" alt=\"100_1769\" src=\"http:\/\/colegiomariareina.cl\/2013\/wp-content\/uploads\/2015\/06\/100_1769-100x100.jpg\" width=\"100\" height=\"100\" \/><\/a> <a href=\"http:\/\/colegiomariareina.cl\/2013\/wp-content\/uploads\/2015\/06\/100_1767.jpg\"><img loading=\"lazy\" decoding=\"async\" class=\"alignleft size-thumbnail wp-image-4209\" alt=\"100_1767\" src=\"http:\/\/colegiomariareina.cl\/2013\/wp-content\/uploads\/2015\/06\/100_1767-100x100.jpg\" width=\"100\" height=\"100\" \/><\/a> <a href=\"http:\/\/colegiomariareina.cl\/2013\/wp-content\/uploads\/2015\/06\/100_1759.jpg\"><img loading=\"lazy\" decoding=\"async\" class=\"alignleft size-thumbnail wp-image-4208\" alt=\"100_1759\" src=\"http:\/\/colegiomariareina.cl\/2013\/wp-content\/uploads\/2015\/06\/100_1759-100x100.jpg\" width=\"100\" height=\"100\" \/><\/a> <a href=\"http:\/\/colegiomariareina.cl\/2013\/wp-content\/uploads\/2015\/06\/100_1755.jpg\"><img loading=\"lazy\" decoding=\"async\" class=\"alignleft size-thumbnail wp-image-4207\" alt=\"100_1755\" src=\"http:\/\/colegiomariareina.cl\/2013\/wp-content\/uploads\/2015\/06\/100_1755-100x100.jpg\" width=\"100\" height=\"100\" \/><\/a> <a href=\"http:\/\/colegiomariareina.cl\/2013\/wp-content\/uploads\/2015\/06\/100_1754.jpg\"><img loading=\"lazy\" decoding=\"async\" class=\"alignleft size-thumbnail wp-image-4206\" alt=\"100_1754\" src=\"http:\/\/colegiomariareina.cl\/2013\/wp-content\/uploads\/2015\/06\/100_1754-100x100.jpg\" width=\"100\" height=\"100\" \/><\/a> <a href=\"http:\/\/colegiomariareina.cl\/2013\/wp-content\/uploads\/2015\/06\/100_1752.jpg\"><img loading=\"lazy\" decoding=\"async\" class=\"alignleft size-thumbnail wp-image-4205\" alt=\"100_1752\" src=\"http:\/\/colegiomariareina.cl\/2013\/wp-content\/uploads\/2015\/06\/100_1752-100x100.jpg\" width=\"100\" height=\"100\" \/><\/a> <a href=\"http:\/\/colegiomariareina.cl\/2013\/wp-content\/uploads\/2015\/06\/100_1740.jpg\"><img loading=\"lazy\" decoding=\"async\" class=\"alignleft size-thumbnail wp-image-4204\" alt=\"100_1740\" src=\"http:\/\/colegiomariareina.cl\/2013\/wp-content\/uploads\/2015\/06\/100_1740-100x100.jpg\" width=\"100\" height=\"100\" \/><\/a><\/span><\/span><\/i><\/b><\/p>\n<p style=\"text-align: center;\" align=\"center\"><b><i><span style=\"text-decoration: underline;\"><span style=\"color: #000000; font-family: Calibri;\"><br \/>\n<\/span><\/span><\/i><\/b><\/p>\n","protected":false},"excerpt":{"rendered":"<p>\u00a0\u00a0\u00a0\u00a0\u00a0\u00a0 \u00c9ste lunes 1 de Junio, hemos comenzado el mes celebrado\u00a0 a los pueblos originarios,\u00a0a aquellos que formaron y forman parte de la\u00a0 ra\u00edz m\u00e1s hermosa de nuestra identidad. \u00a0\u00a0\u00a0 Con dos hermosos actos c\u00edvicos, los cursos de 1\u00b0 medio C, 2\u00b0medio B, III y IV medio de la especialidad de \u201cAtenci\u00f3n al Adulto Mayor\u201d [&hellip;]<\/p>\n","protected":false},"author":1,"featured_media":4218,"comment_status":"open","ping_status":"open","sticky":false,"template":"","format":"standard","meta":{"_et_pb_use_builder":"","_et_pb_old_content":"","_et_gb_content_width":"","footnotes":""},"categories":[3],"tags":[],"class_list":["post-4221","post","type-post","status-publish","format-standard","has-post-thumbnail","hentry","category-noticias"],"_links":{"self":[{"href":"https:\/\/colegiomariareina.cl\/2025\/wp-json\/wp\/v2\/posts\/4221","targetHints":{"allow":["GET"]}}],"collection":[{"href":"https:\/\/colegiomariareina.cl\/2025\/wp-json\/wp\/v2\/posts"}],"about":[{"href":"https:\/\/colegiomariareina.cl\/2025\/wp-json\/wp\/v2\/types\/post"}],"author":[{"embeddable":true,"href":"https:\/\/colegiomariareina.cl\/2025\/wp-json\/wp\/v2\/users\/1"}],"replies":[{"embeddable":true,"href":"https:\/\/colegiomariareina.cl\/2025\/wp-json\/wp\/v2\/comments?post=4221"}],"version-history":[{"count":0,"href":"https:\/\/colegiomariareina.cl\/2025\/wp-json\/wp\/v2\/posts\/4221\/revisions"}],"wp:featuredmedia":[{"embeddable":true,"href":"https:\/\/colegiomariareina.cl\/2025\/wp-json\/"}],"wp:attachment":[{"href":"https:\/\/colegiomariareina.cl\/2025\/wp-json\/wp\/v2\/media?parent=4221"}],"wp:term":[{"taxonomy":"category","embeddable":true,"href":"https:\/\/colegiomariareina.cl\/2025\/wp-json\/wp\/v2\/categories?post=4221"},{"taxonomy":"post_tag","embeddable":true,"href":"https:\/\/colegiomariareina.cl\/2025\/wp-json\/wp\/v2\/tags?post=4221"}],"curies":[{"name":"wp","href":"https:\/\/api.w.org\/{rel}","templated":true}]}}