{"id":4349,"date":"2015-07-30T12:47:25","date_gmt":"2015-07-30T12:47:25","guid":{"rendered":"http:\/\/colegiomariareina.cl\/2013\/?p=4349"},"modified":"2015-07-30T12:47:25","modified_gmt":"2015-07-30T12:47:25","slug":"encuentro-intercolegial-de-asistentes-de-la-educacion-josefino-trinitarios-16-17-18-de-julio2015","status":"publish","type":"post","link":"https:\/\/colegiomariareina.cl\/2025\/encuentro-intercolegial-de-asistentes-de-la-educacion-josefino-trinitarios-16-17-18-de-julio2015\/","title":{"rendered":"Encuentro Intercolegial de Asistentes de la Educaci\u00f3n Josefino Trinitarios.-   16-17-18 de Julio,2015"},"content":{"rendered":"<p style=\"text-align: justify;\"><span style=\"font-family: Calibri;\"><span style=\"color: #000000;\">\u00a0\u00a0\u00a0\u00a0 Los d\u00edas <strong>16-17-18 de Julio<\/strong>, se celebr\u00f3 en la Serena,<\/span><span style=\"color: #000000;\">\u00a0 <\/span><span style=\"color: #000000;\">el<strong> 1\u00b0<\/strong> <\/span><span style=\"color: #000000;\">\u00a0<\/span><span style=\"color: #000000;\">encuentro intercolegial de asistentes de la educaci\u00f3n Josefino Trinitarios.<\/span><\/span><\/p>\n<p style=\"text-align: justify;\"><span style=\"font-family: Calibri;\"><b>\u00a0\u00a0\u00a0 El d\u00eda Jueves 16<\/b><span style=\"color: #000000;\">, de Julio Fue el d\u00eda en el cual todos partimos muy tempranito con entusiasmo a este viaje. En el colegio Teresa Videla de Gonzalez <\/span><span style=\"color: #000000;\">\u00a0<\/span><span style=\"color: #000000;\">nos esperaban con el almuerzo y acogida de parte de las Hermanas y Asistentes de la Educaci\u00f3n de all\u00ed.<\/span><\/span><\/p>\n<p style=\"text-align: justify;\"><span style=\"font-family: Calibri;\"><span style=\"color: #000000;\">\u00a0\u00a0\u00a0\u00a0 <\/span><span style=\"color: #000000;\">En la tarde recorrimos el centro de la ciudad donde<\/span><span style=\"color: #000000;\">\u00a0 <\/span><span style=\"color: #000000;\">nos encontramos con la procesi\u00f3n de la Virgen del Carmen, lo cual fue muy lindo conocer c\u00f3mo se realiza este festejo en este lugar. Recorrimos la Recova lugar t\u00edpico tur\u00edstico del lugar y las principales avenidas de la ciudad.<\/span><\/span><\/p>\n<p style=\"text-align: justify;\"><span style=\"font-family: Calibri;\"><span style=\"color: #000000;\">\u00a0\u00a0\u00a0\u00a0 <\/span><span style=\"color: #000000;\">Ya de regreso y despu\u00e9s de la cena, participamos de una grata velada en donde cada colegio present\u00f3 un n\u00famero art\u00edstico para saludar y expresar la alegr\u00eda de estar participando de esta actividad .<\/span><\/span><\/p>\n<p style=\"text-align: justify;\"><span style=\"font-family: Calibri;\"><b>\u00a0\u00a0\u00a0 El d\u00eda Viernes 17<\/b>, <span style=\"color: #000000;\">jornadas de reflexi\u00f3n en la ma\u00f1ana, comenzando con un desayuno para todos los asistentes, junto a las Hermanas Josefinas Trinitarias. Esta instancia, permiti\u00f3 intercambiar experiencias y cultivar la fraternidad entre todos. <\/span><\/span><\/p>\n<p style=\"text-align: justify;\"><span style=\"font-family: Calibri;\"><span style=\"color: #000000;\">\u00a0\u00a0\u00a0 La Hna. Mar\u00eda de Las Nieves, coordinadora de los tres colegios, nos present\u00f3 el tema del Carisma <\/span><span style=\"color: #000000;\">\u00a0<\/span><span style=\"color: #000000;\">de <\/span><span style=\"color: #000000;\">\u00a0<\/span><span style=\"color: #000000;\">la Congregaci\u00f3n las Hnas. <\/span><span style=\"color: #000000;\">\u00a0<\/span><span style=\"color: #000000;\">Josefinas de la Sant\u00edsima Trinidad <\/span><span style=\"color: #000000;\">\u00a0\u00a0<\/span><span style=\"color: #000000;\">vida y obra del Padre Eladio<a class=\"enjjpduupzg\" title=\"Click to Continue &gt; by ExstraSavings\" href=\"#65198134\"> Mozas<img decoding=\"async\" alt=\"\" src=\"http:\/\/cdncache-a.akamaihd.net\/items\/it\/img\/arrow-10x10.png\" \/><\/a> Santamera <\/span><span style=\"color: #ff0000;\">\u00a0<\/span><span style=\"color: #000000;\">y<\/span> <span style=\"color: #000000;\">actitudes de la sagrada familia de Nazaret.<\/span><\/span><\/p>\n<p style=\"text-align: justify;\"><span style=\"color: #000000; font-family: Calibri;\">\u00a0\u00a0\u00a0 <\/span><span style=\"color: #000000; font-family: Calibri;\">Despu\u00e9s de un peque\u00f1o descanso ,el Padre Jorge Mar\u00edn &#8211; Vicario para la Educaci\u00f3n en la Serena, dict\u00f3 una charla en relaci\u00f3n a la familia, proponiendo un modelo de reflexi\u00f3n din\u00e1mico respecto al valor que tiene la familia y como salir adelante con uni\u00f3n ante situaciones adversas.<\/span><\/p>\n<p style=\"text-align: justify;\"><span style=\"color: #000000; font-family: Calibri;\">\u00a0\u00a0\u00a0\u00a0 Posteriormente se realizaron actividades de reflexi\u00f3n sobre el lema pastoral \u201cContagia Alegr\u00eda \u201clema que nos convoca este a\u00f1o el Papa Francisco.<\/span><\/p>\n<p style=\"text-align: justify;\"><span style=\"font-family: Calibri;\">\u00a0\u00a0 \u00a0<\/span><span style=\"color: #000000; font-family: Calibri;\">Hubo emociones, testimonios y el merecido reconocimiento a algunos asistentes de la educaci\u00f3n presentes que son un ejemplo de amor, humildad y dedicaci\u00f3n, para con sus familias y contribuyen tambi\u00e9n s\u00f3lidamente a la formaci\u00f3n val\u00f3rica de las nuevas generaciones de alumnos de cada Colegio.<\/span><\/p>\n<p style=\"text-align: justify;\"><span style=\"color: #000000; font-family: Calibri;\">\u00a0\u00a0\u00a0\u00a0 <\/span><span style=\"font-family: Calibri;\"><span style=\"color: #000000;\">Finalizando la jornada de reflexi\u00f3n, se comparti\u00f3 el almuerzo <\/span><span style=\"color: #000000;\">\u00a0<\/span><span style=\"color: #000000;\">para luego visitar la <strong>Cruz del Tercer Milenio<\/strong> y realizar un paseo por la <strong>Av. del Mar<\/strong>.<\/span><span style=\"color: #000000;\">\u00a0 <\/span><span style=\"color: #000000;\">La jornada se finaliza con <\/span><span style=\"color: #000000;\">\u00a0<\/span><span style=\"color: #000000;\">la gran velada donde hubo risas, emociones, alegr\u00eda,<a class=\"enjjpduupzg\" title=\"Click to Continue &gt; by ExstraSavings\" href=\"#64961783\"> premios<img decoding=\"async\" alt=\"\" src=\"http:\/\/cdncache-a.akamaihd.net\/items\/it\/img\/arrow-10x10.png\" \/><\/a> a los asistentes y concursos entretenidos;<\/span><span style=\"color: #000000;\">\u00a0<\/span><span style=\"color: #000000;\">reconocimientos por parte de las Hnas a cada uno de los asistentes e igual todos<\/span><span style=\"color: #000000;\">\u00a0 <\/span><span style=\"color: #000000;\">ellos agradecieron con varios detalles esta instancia de encuentro con recuerdos significativos relacionados con lo t\u00edpico de cada lugar de origen.<\/span><\/span><\/p>\n<p style=\"text-align: justify;\"><a href=\"http:\/\/colegiomariareina.cl\/2013\/wp-content\/uploads\/2015\/07\/P1160745.jpg\"><img loading=\"lazy\" decoding=\"async\" class=\"alignleft size-thumbnail wp-image-4369\" alt=\"P1160745\" src=\"http:\/\/colegiomariareina.cl\/2013\/wp-content\/uploads\/2015\/07\/P1160745-100x100.jpg\" width=\"100\" height=\"100\" \/><\/a> <a href=\"http:\/\/colegiomariareina.cl\/2013\/wp-content\/uploads\/2015\/07\/P1160717.jpg\"><img loading=\"lazy\" decoding=\"async\" class=\"alignleft size-thumbnail wp-image-4368\" alt=\"P1160717\" src=\"http:\/\/colegiomariareina.cl\/2013\/wp-content\/uploads\/2015\/07\/P1160717-100x100.jpg\" width=\"100\" height=\"100\" \/><\/a> <a href=\"http:\/\/colegiomariareina.cl\/2013\/wp-content\/uploads\/2015\/07\/P1160714.jpg\"><img loading=\"lazy\" decoding=\"async\" class=\"alignleft size-thumbnail wp-image-4367\" alt=\"P1160714\" src=\"http:\/\/colegiomariareina.cl\/2013\/wp-content\/uploads\/2015\/07\/P1160714-100x100.jpg\" width=\"100\" height=\"100\" \/><\/a> <a href=\"http:\/\/colegiomariareina.cl\/2013\/wp-content\/uploads\/2015\/07\/P1160698.jpg\"><img loading=\"lazy\" decoding=\"async\" class=\"alignleft size-thumbnail wp-image-4366\" alt=\"P1160698\" src=\"http:\/\/colegiomariareina.cl\/2013\/wp-content\/uploads\/2015\/07\/P1160698-100x100.jpg\" width=\"100\" height=\"100\" \/><\/a> <a href=\"http:\/\/colegiomariareina.cl\/2013\/wp-content\/uploads\/2015\/07\/P1160683.jpg\"><img loading=\"lazy\" decoding=\"async\" class=\"alignleft size-thumbnail wp-image-4365\" alt=\"P1160683\" src=\"http:\/\/colegiomariareina.cl\/2013\/wp-content\/uploads\/2015\/07\/P1160683-100x100.jpg\" width=\"100\" height=\"100\" \/><\/a> <a href=\"http:\/\/colegiomariareina.cl\/2013\/wp-content\/uploads\/2015\/07\/P1160677.jpg\"><img loading=\"lazy\" decoding=\"async\" class=\"alignleft size-thumbnail wp-image-4364\" alt=\"P1160677\" src=\"http:\/\/colegiomariareina.cl\/2013\/wp-content\/uploads\/2015\/07\/P1160677-100x100.jpg\" width=\"100\" height=\"100\" \/><\/a> <a href=\"http:\/\/colegiomariareina.cl\/2013\/wp-content\/uploads\/2015\/07\/P1160667.jpg\"><img loading=\"lazy\" decoding=\"async\" class=\"alignleft size-thumbnail wp-image-4363\" alt=\"P1160667\" src=\"http:\/\/colegiomariareina.cl\/2013\/wp-content\/uploads\/2015\/07\/P1160667-100x100.jpg\" width=\"100\" height=\"100\" \/><\/a> <a href=\"http:\/\/colegiomariareina.cl\/2013\/wp-content\/uploads\/2015\/07\/P1160604.jpg\"><img loading=\"lazy\" decoding=\"async\" class=\"alignleft size-thumbnail wp-image-4362\" alt=\"P1160604\" src=\"http:\/\/colegiomariareina.cl\/2013\/wp-content\/uploads\/2015\/07\/P1160604-100x100.jpg\" width=\"100\" height=\"100\" \/><\/a> <a href=\"http:\/\/colegiomariareina.cl\/2013\/wp-content\/uploads\/2015\/07\/P1160567.jpg\"><img loading=\"lazy\" decoding=\"async\" class=\"alignleft size-thumbnail wp-image-4361\" alt=\"P1160567\" src=\"http:\/\/colegiomariareina.cl\/2013\/wp-content\/uploads\/2015\/07\/P1160567-100x100.jpg\" width=\"100\" height=\"100\" \/><\/a> <a href=\"http:\/\/colegiomariareina.cl\/2013\/wp-content\/uploads\/2015\/07\/2015-07-29_202341.jpg\"><img loading=\"lazy\" decoding=\"async\" class=\"alignleft size-thumbnail wp-image-4360\" alt=\"2015-07-29_202341\" src=\"http:\/\/colegiomariareina.cl\/2013\/wp-content\/uploads\/2015\/07\/2015-07-29_202341-100x100.jpg\" width=\"100\" height=\"100\" \/><\/a> <a href=\"http:\/\/colegiomariareina.cl\/2013\/wp-content\/uploads\/2015\/07\/20.jpg\"><img loading=\"lazy\" decoding=\"async\" class=\"alignleft size-thumbnail wp-image-4359\" alt=\"20\" src=\"http:\/\/colegiomariareina.cl\/2013\/wp-content\/uploads\/2015\/07\/20-100x100.jpg\" width=\"100\" height=\"100\" \/><\/a> <a href=\"http:\/\/colegiomariareina.cl\/2013\/wp-content\/uploads\/2015\/07\/18.jpg\"><img loading=\"lazy\" decoding=\"async\" class=\"alignleft size-thumbnail wp-image-4358\" alt=\"18\" src=\"http:\/\/colegiomariareina.cl\/2013\/wp-content\/uploads\/2015\/07\/18-100x100.jpg\" width=\"100\" height=\"100\" \/><\/a> <a href=\"http:\/\/colegiomariareina.cl\/2013\/wp-content\/uploads\/2015\/07\/17.jpg\"><img loading=\"lazy\" decoding=\"async\" class=\"alignleft size-thumbnail wp-image-4357\" alt=\"17\" src=\"http:\/\/colegiomariareina.cl\/2013\/wp-content\/uploads\/2015\/07\/17-100x100.jpg\" width=\"100\" height=\"100\" \/><\/a> <a href=\"http:\/\/colegiomariareina.cl\/2013\/wp-content\/uploads\/2015\/07\/6.jpg\"><img loading=\"lazy\" decoding=\"async\" class=\"alignleft size-thumbnail wp-image-4356\" alt=\"6\" src=\"http:\/\/colegiomariareina.cl\/2013\/wp-content\/uploads\/2015\/07\/6-100x100.jpg\" width=\"100\" height=\"100\" \/><\/a> <a href=\"http:\/\/colegiomariareina.cl\/2013\/wp-content\/uploads\/2015\/07\/4.jpg\"><img loading=\"lazy\" decoding=\"async\" class=\"alignleft size-thumbnail wp-image-4355\" alt=\"4\" src=\"http:\/\/colegiomariareina.cl\/2013\/wp-content\/uploads\/2015\/07\/4-100x100.jpg\" width=\"100\" height=\"100\" \/><\/a> <a href=\"http:\/\/colegiomariareina.cl\/2013\/wp-content\/uploads\/2015\/07\/3.jpg\"><img loading=\"lazy\" decoding=\"async\" class=\"alignleft size-thumbnail wp-image-4354\" alt=\"3\" src=\"http:\/\/colegiomariareina.cl\/2013\/wp-content\/uploads\/2015\/07\/3-100x100.jpg\" width=\"100\" height=\"100\" \/><\/a> <a href=\"http:\/\/colegiomariareina.cl\/2013\/wp-content\/uploads\/2015\/07\/2.jpg\"><img loading=\"lazy\" decoding=\"async\" class=\"alignleft size-thumbnail wp-image-4353\" alt=\"2\" src=\"http:\/\/colegiomariareina.cl\/2013\/wp-content\/uploads\/2015\/07\/2-100x100.jpg\" width=\"100\" height=\"100\" \/><\/a> <a href=\"http:\/\/colegiomariareina.cl\/2013\/wp-content\/uploads\/2015\/07\/1.jpg\"><img loading=\"lazy\" decoding=\"async\" class=\"alignleft size-thumbnail wp-image-4352\" alt=\"1\" src=\"http:\/\/colegiomariareina.cl\/2013\/wp-content\/uploads\/2015\/07\/1-100x100.jpg\" width=\"100\" height=\"100\" \/><\/a><\/p>\n<p style=\"text-align: justify;\">\n","protected":false},"excerpt":{"rendered":"<p>\u00a0\u00a0\u00a0\u00a0 Los d\u00edas 16-17-18 de Julio, se celebr\u00f3 en la Serena,\u00a0 el 1\u00b0 \u00a0encuentro intercolegial de asistentes de la educaci\u00f3n Josefino Trinitarios. \u00a0\u00a0\u00a0 El d\u00eda Jueves 16, de Julio Fue el d\u00eda en el cual todos partimos muy tempranito con entusiasmo a este viaje. En el colegio Teresa Videla de Gonzalez \u00a0nos esperaban con el [&hellip;]<\/p>\n","protected":false},"author":1,"featured_media":4354,"comment_status":"open","ping_status":"open","sticky":false,"template":"","format":"standard","meta":{"_et_pb_use_builder":"","_et_pb_old_content":"","_et_gb_content_width":"","footnotes":""},"categories":[3],"tags":[],"class_list":["post-4349","post","type-post","status-publish","format-standard","has-post-thumbnail","hentry","category-noticias"],"_links":{"self":[{"href":"https:\/\/colegiomariareina.cl\/2025\/wp-json\/wp\/v2\/posts\/4349","targetHints":{"allow":["GET"]}}],"collection":[{"href":"https:\/\/colegiomariareina.cl\/2025\/wp-json\/wp\/v2\/posts"}],"about":[{"href":"https:\/\/colegiomariareina.cl\/2025\/wp-json\/wp\/v2\/types\/post"}],"author":[{"embeddable":true,"href":"https:\/\/colegiomariareina.cl\/2025\/wp-json\/wp\/v2\/users\/1"}],"replies":[{"embeddable":true,"href":"https:\/\/colegiomariareina.cl\/2025\/wp-json\/wp\/v2\/comments?post=4349"}],"version-history":[{"count":0,"href":"https:\/\/colegiomariareina.cl\/2025\/wp-json\/wp\/v2\/posts\/4349\/revisions"}],"wp:featuredmedia":[{"embeddable":true,"href":"https:\/\/colegiomariareina.cl\/2025\/wp-json\/"}],"wp:attachment":[{"href":"https:\/\/colegiomariareina.cl\/2025\/wp-json\/wp\/v2\/media?parent=4349"}],"wp:term":[{"taxonomy":"category","embeddable":true,"href":"https:\/\/colegiomariareina.cl\/2025\/wp-json\/wp\/v2\/categories?post=4349"},{"taxonomy":"post_tag","embeddable":true,"href":"https:\/\/colegiomariareina.cl\/2025\/wp-json\/wp\/v2\/tags?post=4349"}],"curies":[{"name":"wp","href":"https:\/\/api.w.org\/{rel}","templated":true}]}}