{"id":4534,"date":"2015-08-22T23:59:24","date_gmt":"2015-08-22T23:59:24","guid":{"rendered":"http:\/\/colegiomariareina.cl\/2013\/?p=4534"},"modified":"2018-06-08T21:34:05","modified_gmt":"2018-06-08T21:34:05","slug":"misa-maria-reina-inmaculada-19-de-agosto-de-2015","status":"publish","type":"post","link":"https:\/\/colegiomariareina.cl\/2025\/misa-maria-reina-inmaculada-19-de-agosto-de-2015\/","title":{"rendered":"MISA MAR\u00cdA REINA INMACULADA.- 19 de Agosto de 2015"},"content":{"rendered":"<p style=\"text-align: justify;\">\u00a0 \u00a0Celebrando a Mar\u00eda Reina Inmaculada, nuestra comunidad educativa vivi\u00f3 ayer desde 6\u00b0 B\u00e1sico hasta 4\u00b0Medio, una hermosa y emotiva eucarist\u00eda precedida por nuestro p\u00e1rroco y capell\u00e1n \u00a0Fernando Azocar. Canciones, signos y mucho respeto fue el marco de \u00e9sta linda misa que es la antesala de la gran eucarist\u00eda que viviremos este Viernes 21 de Agosto a las 19:30 horas con motivo de la festividad de Nuestra Se\u00f1ora de la Merced, en la cual la eucarist\u00eda estar\u00e1 dedicadas a nuestro colegio donde est\u00e1n todos cordialmente invitados.<\/p>\n<p style=\"text-align: justify;\"><a href=\"http:\/\/colegiomariareina.cl\/2013\/wp-content\/uploads\/2015\/08\/100_3600.jpg\"><img loading=\"lazy\" decoding=\"async\" class=\"alignleft size-thumbnail wp-image-4533\" alt=\"100_3600\" src=\"http:\/\/colegiomariareina.cl\/2013\/wp-content\/uploads\/2015\/08\/100_3600-100x100.jpg\" width=\"100\" height=\"100\" \/><\/a> <a href=\"http:\/\/colegiomariareina.cl\/2013\/wp-content\/uploads\/2015\/08\/100_3599.jpg\"><img loading=\"lazy\" decoding=\"async\" class=\"alignleft size-thumbnail wp-image-4532\" alt=\"100_3599\" src=\"http:\/\/colegiomariareina.cl\/2013\/wp-content\/uploads\/2015\/08\/100_3599-100x100.jpg\" width=\"100\" height=\"100\" \/><\/a> <a href=\"http:\/\/colegiomariareina.cl\/2013\/wp-content\/uploads\/2015\/08\/100_3597.jpg\"><img loading=\"lazy\" decoding=\"async\" class=\"alignleft size-thumbnail wp-image-4531\" alt=\"100_3597\" src=\"http:\/\/colegiomariareina.cl\/2013\/wp-content\/uploads\/2015\/08\/100_3597-100x100.jpg\" width=\"100\" height=\"100\" \/><\/a> <a href=\"http:\/\/colegiomariareina.cl\/2013\/wp-content\/uploads\/2015\/08\/100_3596.jpg\"><img loading=\"lazy\" decoding=\"async\" class=\"alignleft size-thumbnail wp-image-4530\" alt=\"100_3596\" src=\"http:\/\/colegiomariareina.cl\/2013\/wp-content\/uploads\/2015\/08\/100_3596-100x100.jpg\" width=\"100\" height=\"100\" \/><\/a> <a href=\"http:\/\/colegiomariareina.cl\/2013\/wp-content\/uploads\/2015\/08\/100_3595.jpg\"><img loading=\"lazy\" decoding=\"async\" class=\"alignleft size-thumbnail wp-image-4529\" alt=\"100_3595\" src=\"http:\/\/colegiomariareina.cl\/2013\/wp-content\/uploads\/2015\/08\/100_3595-100x100.jpg\" width=\"100\" height=\"100\" \/><\/a> <a href=\"http:\/\/colegiomariareina.cl\/2013\/wp-content\/uploads\/2015\/08\/100_3590.jpg\"><img loading=\"lazy\" decoding=\"async\" class=\"alignleft size-thumbnail wp-image-4528\" alt=\"100_3590\" src=\"http:\/\/colegiomariareina.cl\/2013\/wp-content\/uploads\/2015\/08\/100_3590-100x100.jpg\" width=\"100\" height=\"100\" \/><\/a> <a href=\"http:\/\/colegiomariareina.cl\/2013\/wp-content\/uploads\/2015\/08\/100_3587.jpg\"><img loading=\"lazy\" decoding=\"async\" class=\"alignleft size-thumbnail wp-image-4527\" alt=\"100_3587\" src=\"http:\/\/colegiomariareina.cl\/2013\/wp-content\/uploads\/2015\/08\/100_3587-100x100.jpg\" width=\"100\" height=\"100\" \/><\/a> <a href=\"http:\/\/colegiomariareina.cl\/2013\/wp-content\/uploads\/2015\/08\/100_3585.jpg\"><img loading=\"lazy\" decoding=\"async\" class=\"alignleft size-thumbnail wp-image-4526\" alt=\"100_3585\" src=\"http:\/\/colegiomariareina.cl\/2013\/wp-content\/uploads\/2015\/08\/100_3585-100x100.jpg\" width=\"100\" height=\"100\" \/><\/a> <a href=\"http:\/\/colegiomariareina.cl\/2013\/wp-content\/uploads\/2015\/08\/100_3581.jpg\"><img loading=\"lazy\" decoding=\"async\" class=\"alignleft size-thumbnail wp-image-4525\" alt=\"100_3581\" src=\"http:\/\/colegiomariareina.cl\/2013\/wp-content\/uploads\/2015\/08\/100_3581-100x100.jpg\" width=\"100\" height=\"100\" \/><\/a> <a href=\"http:\/\/colegiomariareina.cl\/2013\/wp-content\/uploads\/2015\/08\/100_3580.jpg\"><img loading=\"lazy\" decoding=\"async\" class=\"alignleft size-thumbnail wp-image-4524\" alt=\"100_3580\" src=\"http:\/\/colegiomariareina.cl\/2013\/wp-content\/uploads\/2015\/08\/100_3580-100x100.jpg\" width=\"100\" height=\"100\" \/><\/a> <a href=\"http:\/\/colegiomariareina.cl\/2013\/wp-content\/uploads\/2015\/08\/100_3575.jpg\"><img loading=\"lazy\" decoding=\"async\" class=\"alignleft size-thumbnail wp-image-4523\" alt=\"100_3575\" src=\"http:\/\/colegiomariareina.cl\/2013\/wp-content\/uploads\/2015\/08\/100_3575-100x100.jpg\" width=\"100\" height=\"100\" \/><\/a> <a href=\"http:\/\/colegiomariareina.cl\/2013\/wp-content\/uploads\/2015\/08\/100_3572.jpg\"><img loading=\"lazy\" decoding=\"async\" class=\"alignleft size-thumbnail wp-image-4522\" alt=\"100_3572\" src=\"http:\/\/colegiomariareina.cl\/2013\/wp-content\/uploads\/2015\/08\/100_3572-100x100.jpg\" width=\"100\" height=\"100\" \/><\/a> <a href=\"http:\/\/colegiomariareina.cl\/2013\/wp-content\/uploads\/2015\/08\/100_3571.jpg\"><img loading=\"lazy\" decoding=\"async\" class=\"alignleft size-thumbnail wp-image-4521\" alt=\"100_3571\" src=\"http:\/\/colegiomariareina.cl\/2013\/wp-content\/uploads\/2015\/08\/100_3571-100x100.jpg\" width=\"100\" height=\"100\" \/><\/a> <a href=\"http:\/\/colegiomariareina.cl\/2013\/wp-content\/uploads\/2015\/08\/100_3566.jpg\"><img loading=\"lazy\" decoding=\"async\" class=\"alignleft size-thumbnail wp-image-4520\" alt=\"100_3566\" src=\"http:\/\/colegiomariareina.cl\/2013\/wp-content\/uploads\/2015\/08\/100_3566-100x100.jpg\" width=\"100\" height=\"100\" \/><\/a> <a href=\"http:\/\/colegiomariareina.cl\/2013\/wp-content\/uploads\/2015\/08\/100_3563.jpg\"><img loading=\"lazy\" decoding=\"async\" class=\"alignleft size-thumbnail wp-image-4519\" alt=\"100_3563\" src=\"http:\/\/colegiomariareina.cl\/2013\/wp-content\/uploads\/2015\/08\/100_3563-100x100.jpg\" width=\"100\" height=\"100\" \/><\/a> <a href=\"http:\/\/colegiomariareina.cl\/2013\/wp-content\/uploads\/2015\/08\/100_3558.jpg\"><img loading=\"lazy\" decoding=\"async\" class=\"alignleft size-thumbnail wp-image-4518\" alt=\"100_3558\" src=\"http:\/\/colegiomariareina.cl\/2013\/wp-content\/uploads\/2015\/08\/100_3558-100x100.jpg\" width=\"100\" height=\"100\" \/><\/a> <a href=\"http:\/\/colegiomariareina.cl\/2013\/wp-content\/uploads\/2015\/08\/100_3556.jpg\"><img loading=\"lazy\" decoding=\"async\" class=\"alignleft size-thumbnail wp-image-4517\" alt=\"100_3556\" src=\"http:\/\/colegiomariareina.cl\/2013\/wp-content\/uploads\/2015\/08\/100_3556-100x100.jpg\" width=\"100\" height=\"100\" \/><\/a> <a href=\"http:\/\/colegiomariareina.cl\/2013\/wp-content\/uploads\/2015\/08\/100_3552.jpg\"><img loading=\"lazy\" decoding=\"async\" class=\"alignleft size-thumbnail wp-image-4516\" alt=\"100_3552\" src=\"http:\/\/colegiomariareina.cl\/2013\/wp-content\/uploads\/2015\/08\/100_3552-100x100.jpg\" width=\"100\" height=\"100\" \/><\/a> <a href=\"http:\/\/colegiomariareina.cl\/2013\/wp-content\/uploads\/2015\/08\/100_3551.jpg\"><img loading=\"lazy\" decoding=\"async\" class=\"alignleft size-thumbnail wp-image-4515\" alt=\"100_3551\" src=\"http:\/\/colegiomariareina.cl\/2013\/wp-content\/uploads\/2015\/08\/100_3551-100x100.jpg\" width=\"100\" height=\"100\" \/><\/a> <a href=\"http:\/\/colegiomariareina.cl\/2013\/wp-content\/uploads\/2015\/08\/100_3540.jpg\"><img loading=\"lazy\" decoding=\"async\" class=\"alignleft size-thumbnail wp-image-4514\" alt=\"100_3540\" src=\"http:\/\/colegiomariareina.cl\/2013\/wp-content\/uploads\/2015\/08\/100_3540-100x100.jpg\" width=\"100\" height=\"100\" \/><\/a> <a href=\"http:\/\/colegiomariareina.cl\/2013\/wp-content\/uploads\/2015\/08\/100_3537.jpg\"><img loading=\"lazy\" decoding=\"async\" class=\"alignleft size-thumbnail wp-image-4513\" alt=\"100_3537\" src=\"http:\/\/colegiomariareina.cl\/2013\/wp-content\/uploads\/2015\/08\/100_3537-100x100.jpg\" width=\"100\" height=\"100\" \/><\/a><\/p>\n","protected":false},"excerpt":{"rendered":"<p>\u00a0 \u00a0Celebrando a Mar\u00eda Reina Inmaculada, nuestra comunidad educativa vivi\u00f3 ayer desde 6\u00b0 B\u00e1sico hasta 4\u00b0Medio, una hermosa y emotiva eucarist\u00eda precedida por nuestro p\u00e1rroco y capell\u00e1n \u00a0Fernando Azocar. Canciones, signos y mucho respeto fue el marco de \u00e9sta linda misa que es la antesala de la gran eucarist\u00eda que viviremos este Viernes 21 de [&hellip;]<\/p>\n","protected":false},"author":1,"featured_media":4519,"comment_status":"open","ping_status":"open","sticky":false,"template":"","format":"standard","meta":{"_et_pb_use_builder":"","_et_pb_old_content":"","_et_gb_content_width":"","footnotes":""},"categories":[3],"tags":[],"class_list":["post-4534","post","type-post","status-publish","format-standard","has-post-thumbnail","hentry","category-noticias"],"_links":{"self":[{"href":"https:\/\/colegiomariareina.cl\/2025\/wp-json\/wp\/v2\/posts\/4534","targetHints":{"allow":["GET"]}}],"collection":[{"href":"https:\/\/colegiomariareina.cl\/2025\/wp-json\/wp\/v2\/posts"}],"about":[{"href":"https:\/\/colegiomariareina.cl\/2025\/wp-json\/wp\/v2\/types\/post"}],"author":[{"embeddable":true,"href":"https:\/\/colegiomariareina.cl\/2025\/wp-json\/wp\/v2\/users\/1"}],"replies":[{"embeddable":true,"href":"https:\/\/colegiomariareina.cl\/2025\/wp-json\/wp\/v2\/comments?post=4534"}],"version-history":[{"count":1,"href":"https:\/\/colegiomariareina.cl\/2025\/wp-json\/wp\/v2\/posts\/4534\/revisions"}],"predecessor-version":[{"id":10585,"href":"https:\/\/colegiomariareina.cl\/2025\/wp-json\/wp\/v2\/posts\/4534\/revisions\/10585"}],"wp:featuredmedia":[{"embeddable":true,"href":"https:\/\/colegiomariareina.cl\/2025\/wp-json\/"}],"wp:attachment":[{"href":"https:\/\/colegiomariareina.cl\/2025\/wp-json\/wp\/v2\/media?parent=4534"}],"wp:term":[{"taxonomy":"category","embeddable":true,"href":"https:\/\/colegiomariareina.cl\/2025\/wp-json\/wp\/v2\/categories?post=4534"},{"taxonomy":"post_tag","embeddable":true,"href":"https:\/\/colegiomariareina.cl\/2025\/wp-json\/wp\/v2\/tags?post=4534"}],"curies":[{"name":"wp","href":"https:\/\/api.w.org\/{rel}","templated":true}]}}