{"id":4629,"date":"2015-09-09T16:56:47","date_gmt":"2015-09-09T16:56:47","guid":{"rendered":"http:\/\/colegiomariareina.cl\/2013\/?p=4629"},"modified":"2015-09-09T16:56:47","modified_gmt":"2015-09-09T16:56:47","slug":"horarios-de-salida-semana-del-lunes-14-al-jueves-17-de-septiembre","status":"publish","type":"post","link":"https:\/\/colegiomariareina.cl\/2025\/horarios-de-salida-semana-del-lunes-14-al-jueves-17-de-septiembre\/","title":{"rendered":"HORARIOS DE SALIDA .- Semana del Lunes 14 al Jueves 17 de Septiembre"},"content":{"rendered":"<p><strong>SE\u00d1OR APODERADO:<\/strong><\/p>\n<p>\u00a0\u00a0 Queremos informar que durante la pr\u00f3xima semana nuestro colegio realizar\u00e1 distintas actividades relacionadas con <strong>nuestras fiestas patrias<\/strong> , por esto los horarios de salida se modificar\u00e1n de la siguiente manera:<\/p>\n<p><strong>Lunes 14 y Martes 15\u00a0 :\u00a0<\/strong>\u00a0 15:40 Horas<\/p>\n<p><strong>Mi\u00e9rcoles 16\u00a0\u00a0\u00a0\u00a0\u00a0\u00a0\u00a0\u00a0\u00a0\u00a0\u00a0\u00a0\u00a0\u00a0\u00a0\u00a0\u00a0\u00a0 \u00a0:<\/strong>\u00a0\u00a0\u00a0\u00a013:15 Horas<\/p>\n<p><strong>Jueves 17\u00a0\u00a0\u00a0\u00a0\u00a0\u00a0\u00a0\u00a0\u00a0\u00a0\u00a0\u00a0\u00a0\u00a0\u00a0\u00a0\u00a0\u00a0\u00a0\u00a0\u00a0\u00a0\u00a0\u00a0\u00a0 :<\/strong>\u00a0\u00a0\u00a0\u00a0 No hay clases ( D\u00eda recuperado con Anterioridad )<\/p>\n<p>\u00a0\u00a0 \u00a0Aquellos cursos que por horario se retiren antes de lo informado lo mantendr\u00e1n normalmente.<\/p>\n<p>Atte.<\/p>\n<h2><strong>INSPECTOR\u00cdA GENERAL<\/strong><\/h2>\n<p>_________________________________________________________________________<\/p>\n<p>&nbsp;<\/p>\n","protected":false},"excerpt":{"rendered":"<p>SE\u00d1OR APODERADO: \u00a0\u00a0 Queremos informar que durante la pr\u00f3xima semana nuestro colegio realizar\u00e1 distintas actividades relacionadas con nuestras fiestas patrias , por esto los horarios de salida se modificar\u00e1n de la siguiente manera: Lunes 14 y Martes 15\u00a0 :\u00a0\u00a0 15:40 Horas Mi\u00e9rcoles 16\u00a0\u00a0\u00a0\u00a0\u00a0\u00a0\u00a0\u00a0\u00a0\u00a0\u00a0\u00a0\u00a0\u00a0\u00a0\u00a0\u00a0\u00a0 \u00a0:\u00a0\u00a0\u00a0\u00a013:15 Horas Jueves 17\u00a0\u00a0\u00a0\u00a0\u00a0\u00a0\u00a0\u00a0\u00a0\u00a0\u00a0\u00a0\u00a0\u00a0\u00a0\u00a0\u00a0\u00a0\u00a0\u00a0\u00a0\u00a0\u00a0\u00a0\u00a0 :\u00a0\u00a0\u00a0\u00a0 No hay clases ( D\u00eda recuperado con [&hellip;]<\/p>\n","protected":false},"author":1,"featured_media":4631,"comment_status":"open","ping_status":"open","sticky":false,"template":"","format":"standard","meta":{"_et_pb_use_builder":"","_et_pb_old_content":"","_et_gb_content_width":"","footnotes":""},"categories":[3],"tags":[],"class_list":["post-4629","post","type-post","status-publish","format-standard","has-post-thumbnail","hentry","category-noticias"],"_links":{"self":[{"href":"https:\/\/colegiomariareina.cl\/2025\/wp-json\/wp\/v2\/posts\/4629","targetHints":{"allow":["GET"]}}],"collection":[{"href":"https:\/\/colegiomariareina.cl\/2025\/wp-json\/wp\/v2\/posts"}],"about":[{"href":"https:\/\/colegiomariareina.cl\/2025\/wp-json\/wp\/v2\/types\/post"}],"author":[{"embeddable":true,"href":"https:\/\/colegiomariareina.cl\/2025\/wp-json\/wp\/v2\/users\/1"}],"replies":[{"embeddable":true,"href":"https:\/\/colegiomariareina.cl\/2025\/wp-json\/wp\/v2\/comments?post=4629"}],"version-history":[{"count":0,"href":"https:\/\/colegiomariareina.cl\/2025\/wp-json\/wp\/v2\/posts\/4629\/revisions"}],"wp:featuredmedia":[{"embeddable":true,"href":"https:\/\/colegiomariareina.cl\/2025\/wp-json\/"}],"wp:attachment":[{"href":"https:\/\/colegiomariareina.cl\/2025\/wp-json\/wp\/v2\/media?parent=4629"}],"wp:term":[{"taxonomy":"category","embeddable":true,"href":"https:\/\/colegiomariareina.cl\/2025\/wp-json\/wp\/v2\/categories?post=4629"},{"taxonomy":"post_tag","embeddable":true,"href":"https:\/\/colegiomariareina.cl\/2025\/wp-json\/wp\/v2\/tags?post=4629"}],"curies":[{"name":"wp","href":"https:\/\/api.w.org\/{rel}","templated":true}]}}