{"id":4642,"date":"2015-09-08T18:47:06","date_gmt":"2015-09-08T18:47:06","guid":{"rendered":"http:\/\/colegiomariareina.cl\/2013\/?p=4642"},"modified":"2015-09-08T18:47:06","modified_gmt":"2015-09-08T18:47:06","slug":"i-encuentro-alumnos-de-fundacion-irarrazaval-2015-3-de-septiembre-2015","status":"publish","type":"post","link":"https:\/\/colegiomariareina.cl\/2025\/i-encuentro-alumnos-de-fundacion-irarrazaval-2015-3-de-septiembre-2015\/","title":{"rendered":"I Encuentro Alumnos de Fundaci\u00f3n Irarr\u00e1zaval 2015.-     3 de Septiembre 2015"},"content":{"rendered":"<p style=\"text-align: justify;\">\u00a0 El d\u00eda 03 de septiembre se realiz\u00f3 el primer Encuentro de ex estudiantes de los colegios que componen la RED de la Fundaci\u00f3n Irarr\u00e1zaval\u00a0 en el Hotel Crowne Plaza de Santiago, con el objeto de conformar una asociaci\u00f3n de antiguos alumnos.<\/p>\n<p style=\"text-align: justify;\">\u00a0 La actividad estuvo centrada en el emprendimiento y las exposiciones estuvieron a cargo de Acci\u00f3n Emprendedora, una corporaci\u00f3n sin fines de lucro que desde 2002 tiene como misi\u00f3n servir a emprendedores y microempresas que \u201csue\u00f1an con crecer\u201d.<\/p>\n<p style=\"text-align: justify;\">\u00a0\u00a0 Por su parte, An\u00edbal Vial, Gerente General de la Fundaci\u00f3n Irarr\u00e1zaval, hizo una invitaci\u00f3n a crear esta RED y manifest\u00f3 la disposici\u00f3n de Fundaci\u00f3n para recibir ideas y propuestas. \u201cEste encuentro me ha parecido interesant\u00edsimo y advierto gran inter\u00e9s en desarrollar proyectos.\u00a0 Lo que estamos haciendo aqu\u00ed es sembrar y vamos a ver c\u00f3mo se concreta esto\u201d, concluy\u00f3.\u00a0<\/p>\n<p style=\"text-align: justify;\">\u00a0\u00a0 Nuestro Colegio estuvo representado por el docente <strong>Sr. Marcos Silva<\/strong> ex alumno de la especialidad de Procesamiento de la Madera, La <strong>Srta. Francisca Barahona<\/strong> y el <strong>Sr Carlos Roco<\/strong> ex alumnos de la especialidad de electr\u00f3nica, la <strong>Srta. Fernanda Soto<\/strong> ex alumna de la especialidad Atenci\u00f3n al Adulto Mayor y la <strong>Srta. Bel\u00e9n \u00a0P\u00e9rez<\/strong> ex alumna de la especialidad de Servicios de Turismo, a quienes agradecemos su participaci\u00f3n.<\/p>\n<p style=\"text-align: justify;\"><a href=\"http:\/\/colegiomariareina.cl\/2013\/wp-content\/uploads\/2015\/09\/ALUMNI-CMRI.jpg\"><img loading=\"lazy\" decoding=\"async\" class=\"alignleft size-thumbnail wp-image-4643\" alt=\"ALUMNI CMRI\" src=\"http:\/\/colegiomariareina.cl\/2013\/wp-content\/uploads\/2015\/09\/ALUMNI-CMRI-100x100.jpg\" width=\"100\" height=\"100\" \/><\/a><\/p>\n","protected":false},"excerpt":{"rendered":"<p>\u00a0 El d\u00eda 03 de septiembre se realiz\u00f3 el primer Encuentro de ex estudiantes de los colegios que componen la RED de la Fundaci\u00f3n Irarr\u00e1zaval\u00a0 en el Hotel Crowne Plaza de Santiago, con el objeto de conformar una asociaci\u00f3n de antiguos alumnos. \u00a0 La actividad estuvo centrada en el emprendimiento y las exposiciones estuvieron a [&hellip;]<\/p>\n","protected":false},"author":1,"featured_media":4643,"comment_status":"open","ping_status":"open","sticky":false,"template":"","format":"standard","meta":{"_et_pb_use_builder":"","_et_pb_old_content":"","_et_gb_content_width":"","footnotes":""},"categories":[3],"tags":[],"class_list":["post-4642","post","type-post","status-publish","format-standard","has-post-thumbnail","hentry","category-noticias"],"_links":{"self":[{"href":"https:\/\/colegiomariareina.cl\/2025\/wp-json\/wp\/v2\/posts\/4642","targetHints":{"allow":["GET"]}}],"collection":[{"href":"https:\/\/colegiomariareina.cl\/2025\/wp-json\/wp\/v2\/posts"}],"about":[{"href":"https:\/\/colegiomariareina.cl\/2025\/wp-json\/wp\/v2\/types\/post"}],"author":[{"embeddable":true,"href":"https:\/\/colegiomariareina.cl\/2025\/wp-json\/wp\/v2\/users\/1"}],"replies":[{"embeddable":true,"href":"https:\/\/colegiomariareina.cl\/2025\/wp-json\/wp\/v2\/comments?post=4642"}],"version-history":[{"count":0,"href":"https:\/\/colegiomariareina.cl\/2025\/wp-json\/wp\/v2\/posts\/4642\/revisions"}],"wp:featuredmedia":[{"embeddable":true,"href":"https:\/\/colegiomariareina.cl\/2025\/wp-json\/"}],"wp:attachment":[{"href":"https:\/\/colegiomariareina.cl\/2025\/wp-json\/wp\/v2\/media?parent=4642"}],"wp:term":[{"taxonomy":"category","embeddable":true,"href":"https:\/\/colegiomariareina.cl\/2025\/wp-json\/wp\/v2\/categories?post=4642"},{"taxonomy":"post_tag","embeddable":true,"href":"https:\/\/colegiomariareina.cl\/2025\/wp-json\/wp\/v2\/tags?post=4642"}],"curies":[{"name":"wp","href":"https:\/\/api.w.org\/{rel}","templated":true}]}}