{"id":4653,"date":"2015-09-09T18:55:49","date_gmt":"2015-09-09T18:55:49","guid":{"rendered":"http:\/\/colegiomariareina.cl\/2013\/?p=4653"},"modified":"2015-09-09T18:55:49","modified_gmt":"2015-09-09T18:55:49","slug":"eucaristia-toma-de-alba-de-un-ex-alumno-domingo-06-de-septiembre","status":"publish","type":"post","link":"https:\/\/colegiomariareina.cl\/2025\/eucaristia-toma-de-alba-de-un-ex-alumno-domingo-06-de-septiembre\/","title":{"rendered":"EUCARIST\u00cdA ENTREGA DEL ALBA DE UN EX ALUMNO.- Domingo 06 de Septiembre"},"content":{"rendered":"<p style=\"text-align: justify;\">\u00a0\u00a0\u00a0 El d\u00eda domingo 06 de septiembre en el Seminario Pontificio de la Florida, en una emotiva Eucarist\u00eda presidida por Monse\u00f1or Pedro Ossand\u00f3n Buljevic, Obispo Auxiliar de Santiago nuestro ex alumno <b><i>Miguel Aguilera Pe\u00f1a<\/i><\/b> de la especialidad de Atenci\u00f3n al Adulto mayor(Promoci\u00f3n 2010), recibi\u00f3 el alba como signo de compromiso en este camino de vocaci\u00f3n sacerdotal que ha iniciado, felicitamos a Miguel y tambi\u00e9n a su familia que lo ha apoyado y ha dado ejemplo de una entrega incondicional al llamado del Se\u00f1or.<\/p>\n<p style=\"text-align: justify;\"><a href=\"http:\/\/colegiomariareina.cl\/2013\/wp-content\/uploads\/2015\/09\/familia-miguel1.jpg\"><img loading=\"lazy\" decoding=\"async\" class=\"alignleft size-thumbnail wp-image-4657\" alt=\"familia miguel\" src=\"http:\/\/colegiomariareina.cl\/2013\/wp-content\/uploads\/2015\/09\/familia-miguel1-100x100.jpg\" width=\"100\" height=\"100\" \/><\/a> <a href=\"http:\/\/colegiomariareina.cl\/2013\/wp-content\/uploads\/2015\/09\/en-iglesia.jpg\"><img loading=\"lazy\" decoding=\"async\" class=\"alignleft size-thumbnail wp-image-4656\" alt=\"en iglesia\" src=\"http:\/\/colegiomariareina.cl\/2013\/wp-content\/uploads\/2015\/09\/en-iglesia-100x100.jpg\" width=\"100\" height=\"100\" \/><\/a> <a href=\"http:\/\/colegiomariareina.cl\/2013\/wp-content\/uploads\/2015\/09\/amigos-miguel.jpg\"><img loading=\"lazy\" decoding=\"async\" class=\"alignleft size-thumbnail wp-image-4655\" alt=\"amigos miguel\" src=\"http:\/\/colegiomariareina.cl\/2013\/wp-content\/uploads\/2015\/09\/amigos-miguel-100x100.jpg\" width=\"100\" height=\"100\" \/><\/a><\/p>\n","protected":false},"excerpt":{"rendered":"<p>\u00a0\u00a0\u00a0 El d\u00eda domingo 06 de septiembre en el Seminario Pontificio de la Florida, en una emotiva Eucarist\u00eda presidida por Monse\u00f1or Pedro Ossand\u00f3n Buljevic, Obispo Auxiliar de Santiago nuestro ex alumno Miguel Aguilera Pe\u00f1a de la especialidad de Atenci\u00f3n al Adulto mayor(Promoci\u00f3n 2010), recibi\u00f3 el alba como signo de compromiso en este camino de vocaci\u00f3n [&hellip;]<\/p>\n","protected":false},"author":1,"featured_media":4654,"comment_status":"open","ping_status":"open","sticky":false,"template":"","format":"standard","meta":{"_et_pb_use_builder":"","_et_pb_old_content":"","_et_gb_content_width":"","footnotes":""},"categories":[3],"tags":[],"class_list":["post-4653","post","type-post","status-publish","format-standard","has-post-thumbnail","hentry","category-noticias"],"_links":{"self":[{"href":"https:\/\/colegiomariareina.cl\/2025\/wp-json\/wp\/v2\/posts\/4653","targetHints":{"allow":["GET"]}}],"collection":[{"href":"https:\/\/colegiomariareina.cl\/2025\/wp-json\/wp\/v2\/posts"}],"about":[{"href":"https:\/\/colegiomariareina.cl\/2025\/wp-json\/wp\/v2\/types\/post"}],"author":[{"embeddable":true,"href":"https:\/\/colegiomariareina.cl\/2025\/wp-json\/wp\/v2\/users\/1"}],"replies":[{"embeddable":true,"href":"https:\/\/colegiomariareina.cl\/2025\/wp-json\/wp\/v2\/comments?post=4653"}],"version-history":[{"count":0,"href":"https:\/\/colegiomariareina.cl\/2025\/wp-json\/wp\/v2\/posts\/4653\/revisions"}],"wp:featuredmedia":[{"embeddable":true,"href":"https:\/\/colegiomariareina.cl\/2025\/wp-json\/"}],"wp:attachment":[{"href":"https:\/\/colegiomariareina.cl\/2025\/wp-json\/wp\/v2\/media?parent=4653"}],"wp:term":[{"taxonomy":"category","embeddable":true,"href":"https:\/\/colegiomariareina.cl\/2025\/wp-json\/wp\/v2\/categories?post=4653"},{"taxonomy":"post_tag","embeddable":true,"href":"https:\/\/colegiomariareina.cl\/2025\/wp-json\/wp\/v2\/tags?post=4653"}],"curies":[{"name":"wp","href":"https:\/\/api.w.org\/{rel}","templated":true}]}}