{"id":4742,"date":"2015-09-21T19:51:45","date_gmt":"2015-09-21T19:51:45","guid":{"rendered":"http:\/\/colegiomariareina.cl\/2013\/?p=4742"},"modified":"2015-09-21T19:51:45","modified_gmt":"2015-09-21T19:51:45","slug":"los-ninos-y-ninas-de-infancia-y-adolescencia-misionera-han-recibido-2-distintivos-que-los-identifica-como-grupo-11-de-septiembre","status":"publish","type":"post","link":"https:\/\/colegiomariareina.cl\/2025\/los-ninos-y-ninas-de-infancia-y-adolescencia-misionera-han-recibido-2-distintivos-que-los-identifica-como-grupo-11-de-septiembre\/","title":{"rendered":"LOS NI\u00d1OS Y NI\u00d1AS DE INFANCIA Y ADOLESCENCIA  MISIONERA HAN RECIBIDO 2 DISTINTIVOS QUE LOS IDENTIFICA COMO GRUPO.- 11 de Septiembre"},"content":{"rendered":"<p align=\"center\"><b>\u201cDE LOS NI\u00d1OS DEL MUNDO SIEMPRE AMIGOS\u201d<\/b><\/p>\n<p><strong>LA CHAPITA Y EL PA\u00d1OLIN<\/strong><\/p>\n<p><span style=\"color: #ffffff;\">.<\/span><br \/>\n<span style=\"color: #ff00ff;\"><strong>1. LA CHAPITA:<\/strong> <\/span><span style=\"color: #ff00ff;\">ES LA INSIGNIA Y DISTINTIVO DE LA OBRA MISIONERA EN CHILE. EN ESTE PEQUE\u00d1O ESCUDO, SE MUESTRA A TRES NI\u00d1OS QUE REPRESENTAN LAS DISTINTAS RAZAS DE LA TIERRA TOMADOS DE LA MANO. QUIEREN LLEVAR LA CRUZ DE CRISTO, EL EVANGELIO AL MUNDO ENTERO.<\/span><\/p>\n<p><a href=\"http:\/\/colegiomariareina.cl\/2013\/wp-content\/uploads\/2015\/09\/DSC09854.jpg\"><img loading=\"lazy\" decoding=\"async\" class=\"size-thumbnail wp-image-4685 aligncenter\" alt=\"DSC09854\" src=\"http:\/\/colegiomariareina.cl\/2013\/wp-content\/uploads\/2015\/09\/DSC09854-100x100.jpg\" width=\"100\" height=\"100\" \/><\/a><\/p>\n<p><span style=\"color: #ff6600;\"><strong>2. EL PA\u00d1OLIN:<\/strong><\/span> <span style=\"color: #ff6600;\">ES DE COLOR AMARILLO, CON RIBETE AZUL Y EL LOGO IMPRESO EN EL \u00c1NGULO RECTO. EL AMARILLO LO IDENTIFICA CON LA IGLESIA UNIVERSAL.<\/span><\/p>\n<p><span style=\"color: #ff6600;\">EL AZUL REPRESENTA EL INTER\u00c9S DEL NI\u00d1O PARA QUE LOS DEM\u00c1S NI\u00d1OS DEL MUNDO LLEGUEN A CONOCER A JES\u00daS.<\/span><\/p>\n<p><a href=\"http:\/\/colegiomariareina.cl\/2013\/wp-content\/uploads\/2015\/09\/DSC09909.jpg\"><img loading=\"lazy\" decoding=\"async\" class=\"size-thumbnail wp-image-4737 aligncenter\" alt=\"DSC09909\" src=\"http:\/\/colegiomariareina.cl\/2013\/wp-content\/uploads\/2015\/09\/DSC09909-100x100.jpg\" width=\"100\" height=\"100\" \/><\/a><\/p>\n<p>&nbsp;<\/p>\n<h4 style=\"text-align: center;\">EL LOGO REVELA SU IDENTIDAD CON LA INFANCIA MISIONERA.<\/h4>\n<p><span style=\"color: #00ff00;\"><b>LA CELEBRACI\u00d3N DE LA ENTREGA DEL PA\u00d1OLIN Y LA CHAPITA SE REALIZ\u00d3 EN LA CAPILLA DEL COLEGIO,\u00a0 JUNTO A LA FAMILIAS DE LOS NI\u00d1OS\/AS, QUIENES HICIERON ENTREGA LOS 2 DISTINTIVOS.<\/b><\/span><\/p>\n<p><span style=\"color: #3366ff;\"><a href=\"http:\/\/colegiomariareina.cl\/2013\/?p=4744\"><span style=\"color: #3366ff;\"><b>Entrega de Pa\u00f1olin y Chapita &#8211; Familias<\/b><\/span><\/a><\/span><\/p>\n<p><b>LOS NI\u00d1OS SE COMPROMETIERON A:<\/b><\/p>\n<ul>\n<li style=\"text-align: center;\"><span style=\"color: #ff6600;\"><b>\u00a0SER AMIGOS DE JES\u00daS Y DE MAR\u00cdA MISIONERA.<\/b><\/span><\/li>\n<li style=\"text-align: center;\"><span style=\"color: #ff6600;\"><b>CUMPLIR ALEGREMENTE SUS DEBERES CRISTIANOS POR AMOR A JES\u00daS Y AL PR\u00d3JIMO.<\/b><\/span><\/li>\n<li style=\"text-align: center;\"><span style=\"color: #ff6600;\"><b>LLEVAR CON AMOR Y RESPETO EL PA\u00d1OLIN QUE LOS DISITNGUE COMO MIEMBROS ACTIVOS DE LA INFANCIA MISIONERA.<\/b><\/span><\/li>\n<\/ul>\n<p align=\"center\"><span style=\"color: #800080;\"><b>\u201cPRESENTE MISIONERO\/A SIEMPRE\u201d<\/b><\/span><\/p>\n<p align=\"center\"><a href=\"http:\/\/colegiomariareina.cl\/2013\/wp-content\/uploads\/2015\/09\/DSC09848.jpg\"><img loading=\"lazy\" decoding=\"async\" class=\"size-thumbnail wp-image-4680 alignleft\" alt=\"DSC09848\" src=\"http:\/\/colegiomariareina.cl\/2013\/wp-content\/uploads\/2015\/09\/DSC09848-100x100.jpg\" width=\"100\" height=\"100\" \/><\/a><\/p>\n<p>&nbsp;<\/p>\n<p>&nbsp;<\/p>\n<p>&nbsp;<\/p>\n<p><span style=\"color: #993366;\"><b>SE AGRADECE LA COLABORACI\u00d3N Y EL APOYO INCONDICIONAL DE LAS PROFESORAS QUE ACOMPA\u00d1AN A LOS NI\u00d1OS EN LOS ENCUENTROS LOS D\u00cdAS VIERNES.<\/b><\/span><\/p>\n<p><span style=\"color: #993366;\"><b>PROFESORA CLAUDIA, MAR\u00cdA IN\u00c9S, MARCELA ROGR\u00cdGUEZ, YENIFFER Y HERMANA ARCELIA.\u00a0<\/b><\/span><\/p>\n<p><a href=\"http:\/\/colegiomariareina.cl\/2013\/wp-content\/uploads\/2015\/09\/DSC09846.jpg\"><img loading=\"lazy\" decoding=\"async\" class=\"size-thumbnail wp-image-4678 aligncenter\" alt=\"DSC09846\" src=\"http:\/\/colegiomariareina.cl\/2013\/wp-content\/uploads\/2015\/09\/DSC09846-100x100.jpg\" width=\"100\" height=\"100\" \/><\/a><\/p>\n<p><b>\u00a0<\/b><\/p>\n","protected":false},"excerpt":{"rendered":"<p>\u201cDE LOS NI\u00d1OS DEL MUNDO SIEMPRE AMIGOS\u201d LA CHAPITA Y EL PA\u00d1OLIN . 1. LA CHAPITA: ES LA INSIGNIA Y DISTINTIVO DE LA OBRA MISIONERA EN CHILE. EN ESTE PEQUE\u00d1O ESCUDO, SE MUESTRA A TRES NI\u00d1OS QUE REPRESENTAN LAS DISTINTAS RAZAS DE LA TIERRA TOMADOS DE LA MANO. QUIEREN LLEVAR LA CRUZ DE CRISTO, EL [&hellip;]<\/p>\n","protected":false},"author":1,"featured_media":4686,"comment_status":"open","ping_status":"open","sticky":false,"template":"","format":"standard","meta":{"_et_pb_use_builder":"","_et_pb_old_content":"","_et_gb_content_width":"","footnotes":""},"categories":[3],"tags":[],"class_list":["post-4742","post","type-post","status-publish","format-standard","has-post-thumbnail","hentry","category-noticias"],"_links":{"self":[{"href":"https:\/\/colegiomariareina.cl\/2025\/wp-json\/wp\/v2\/posts\/4742","targetHints":{"allow":["GET"]}}],"collection":[{"href":"https:\/\/colegiomariareina.cl\/2025\/wp-json\/wp\/v2\/posts"}],"about":[{"href":"https:\/\/colegiomariareina.cl\/2025\/wp-json\/wp\/v2\/types\/post"}],"author":[{"embeddable":true,"href":"https:\/\/colegiomariareina.cl\/2025\/wp-json\/wp\/v2\/users\/1"}],"replies":[{"embeddable":true,"href":"https:\/\/colegiomariareina.cl\/2025\/wp-json\/wp\/v2\/comments?post=4742"}],"version-history":[{"count":0,"href":"https:\/\/colegiomariareina.cl\/2025\/wp-json\/wp\/v2\/posts\/4742\/revisions"}],"wp:featuredmedia":[{"embeddable":true,"href":"https:\/\/colegiomariareina.cl\/2025\/wp-json\/"}],"wp:attachment":[{"href":"https:\/\/colegiomariareina.cl\/2025\/wp-json\/wp\/v2\/media?parent=4742"}],"wp:term":[{"taxonomy":"category","embeddable":true,"href":"https:\/\/colegiomariareina.cl\/2025\/wp-json\/wp\/v2\/categories?post=4742"},{"taxonomy":"post_tag","embeddable":true,"href":"https:\/\/colegiomariareina.cl\/2025\/wp-json\/wp\/v2\/tags?post=4742"}],"curies":[{"name":"wp","href":"https:\/\/api.w.org\/{rel}","templated":true}]}}