{"id":4860,"date":"2015-09-25T00:39:20","date_gmt":"2015-09-25T00:39:20","guid":{"rendered":"http:\/\/colegiomariareina.cl\/2013\/?p=4860"},"modified":"2015-09-25T00:39:20","modified_gmt":"2015-09-25T00:39:20","slug":"fiesta-de-la-chilenidad-colegio-maria-reina-inmaculada-14-y-15-de-septiembre-de-2015","status":"publish","type":"post","link":"https:\/\/colegiomariareina.cl\/2025\/fiesta-de-la-chilenidad-colegio-maria-reina-inmaculada-14-y-15-de-septiembre-de-2015\/","title":{"rendered":"FIESTA DE LA CHILENIDAD COLEGIO MAR\u00cdA REINA INMACULADA.-14 y 15 de Septiembre de 2015"},"content":{"rendered":"<p style=\"text-align: justify;\">\u00a0 \u00a0Los d\u00edas 14 y 15 del presente mes se desarroll\u00f3 en nuestra comunidad educativa la fiesta de la Chilenidad 2015, en ella pudimos\u00a0 apreciar el entusiasmo de nuestros estudiantes en las representaciones de grandes artistas chilenos como por ejemplo: Los Tres, V\u00edctor Jara, Los Jaivas, Quilapallun, Gabriela Mistral, Mazap\u00e1n y Violeta Parra.<\/p>\n<p style=\"text-align: justify;\">\u00a0 \u00a0Se rindi\u00f3 homenaje a estos grandes representantes de la m\u00fasica y cultura chilena a trav\u00e9s de coloridas y cuidadas coreograf\u00edas, a toda nuestra comunidad educativa en una velada llena de organizaci\u00f3n, m\u00fasica, color y MUCHA ALEGR\u00cdA.<\/p>\n<p style=\"text-align: justify;\">\u00a0 \u00a0Felicitaciones a todos los estudiantes y profesores por la gran dedicaci\u00f3n y compromiso que han puesto en la presentaci\u00f3n de sus cursos.<\/p>\n<p style=\"text-align: justify;\"><a href=\"http:\/\/colegiomariareina.cl\/2013\/wp-content\/uploads\/2015\/09\/DSC00382.jpg\"><img loading=\"lazy\" decoding=\"async\" class=\"alignleft size-thumbnail wp-image-4891\" alt=\"DSC00382\" src=\"http:\/\/colegiomariareina.cl\/2013\/wp-content\/uploads\/2015\/09\/DSC00382-100x100.jpg\" width=\"100\" height=\"100\" \/><\/a> <a href=\"http:\/\/colegiomariareina.cl\/2013\/wp-content\/uploads\/2015\/09\/DSC00370.jpg\"><img loading=\"lazy\" decoding=\"async\" class=\"alignleft size-thumbnail wp-image-4890\" alt=\"DSC00370\" src=\"http:\/\/colegiomariareina.cl\/2013\/wp-content\/uploads\/2015\/09\/DSC00370-100x100.jpg\" width=\"100\" height=\"100\" \/><\/a> <a href=\"http:\/\/colegiomariareina.cl\/2013\/wp-content\/uploads\/2015\/09\/DSC00367.jpg\"><img loading=\"lazy\" decoding=\"async\" class=\"alignleft size-thumbnail wp-image-4889\" alt=\"DSC00367\" src=\"http:\/\/colegiomariareina.cl\/2013\/wp-content\/uploads\/2015\/09\/DSC00367-100x100.jpg\" width=\"100\" height=\"100\" \/><\/a> <a href=\"http:\/\/colegiomariareina.cl\/2013\/wp-content\/uploads\/2015\/09\/DSC00364.jpg\"><img loading=\"lazy\" decoding=\"async\" class=\"alignleft size-thumbnail wp-image-4888\" alt=\"DSC00364\" src=\"http:\/\/colegiomariareina.cl\/2013\/wp-content\/uploads\/2015\/09\/DSC00364-100x100.jpg\" width=\"100\" height=\"100\" \/><\/a> <a href=\"http:\/\/colegiomariareina.cl\/2013\/wp-content\/uploads\/2015\/09\/DSC00362.jpg\"><img loading=\"lazy\" decoding=\"async\" class=\"alignleft size-thumbnail wp-image-4887\" alt=\"DSC00362\" src=\"http:\/\/colegiomariareina.cl\/2013\/wp-content\/uploads\/2015\/09\/DSC00362-100x100.jpg\" width=\"100\" height=\"100\" \/><\/a> <a href=\"http:\/\/colegiomariareina.cl\/2013\/wp-content\/uploads\/2015\/09\/DSC00359.jpg\"><img loading=\"lazy\" decoding=\"async\" class=\"alignleft size-thumbnail wp-image-4886\" alt=\"DSC00359\" src=\"http:\/\/colegiomariareina.cl\/2013\/wp-content\/uploads\/2015\/09\/DSC00359-100x100.jpg\" width=\"100\" height=\"100\" \/><\/a> <a href=\"http:\/\/colegiomariareina.cl\/2013\/wp-content\/uploads\/2015\/09\/DSC00358.jpg\"><img loading=\"lazy\" decoding=\"async\" class=\"alignleft size-thumbnail wp-image-4885\" alt=\"DSC00358\" src=\"http:\/\/colegiomariareina.cl\/2013\/wp-content\/uploads\/2015\/09\/DSC00358-100x100.jpg\" width=\"100\" height=\"100\" \/><\/a> <a href=\"http:\/\/colegiomariareina.cl\/2013\/wp-content\/uploads\/2015\/09\/DSC00357.jpg\"><img loading=\"lazy\" decoding=\"async\" class=\"alignleft size-thumbnail wp-image-4884\" alt=\"DSC00357\" src=\"http:\/\/colegiomariareina.cl\/2013\/wp-content\/uploads\/2015\/09\/DSC00357-100x100.jpg\" width=\"100\" height=\"100\" \/><\/a> <a href=\"http:\/\/colegiomariareina.cl\/2013\/wp-content\/uploads\/2015\/09\/DSC00355.jpg\"><img loading=\"lazy\" decoding=\"async\" class=\"alignleft size-thumbnail wp-image-4883\" alt=\"DSC00355\" src=\"http:\/\/colegiomariareina.cl\/2013\/wp-content\/uploads\/2015\/09\/DSC00355-100x100.jpg\" width=\"100\" height=\"100\" \/><\/a> <a href=\"http:\/\/colegiomariareina.cl\/2013\/wp-content\/uploads\/2015\/09\/DSC00353.jpg\"><img loading=\"lazy\" decoding=\"async\" class=\"alignleft size-thumbnail wp-image-4882\" alt=\"DSC00353\" src=\"http:\/\/colegiomariareina.cl\/2013\/wp-content\/uploads\/2015\/09\/DSC00353-100x100.jpg\" width=\"100\" height=\"100\" \/><\/a> <a href=\"http:\/\/colegiomariareina.cl\/2013\/wp-content\/uploads\/2015\/09\/DSC00351.jpg\"><img loading=\"lazy\" decoding=\"async\" class=\"alignleft size-thumbnail wp-image-4881\" alt=\"DSC00351\" src=\"http:\/\/colegiomariareina.cl\/2013\/wp-content\/uploads\/2015\/09\/DSC00351-100x100.jpg\" width=\"100\" height=\"100\" \/><\/a> <a href=\"http:\/\/colegiomariareina.cl\/2013\/wp-content\/uploads\/2015\/09\/DSC00343.jpg\"><img loading=\"lazy\" decoding=\"async\" class=\"alignleft size-thumbnail wp-image-4880\" alt=\"DSC00343\" src=\"http:\/\/colegiomariareina.cl\/2013\/wp-content\/uploads\/2015\/09\/DSC00343-100x100.jpg\" width=\"100\" height=\"100\" \/><\/a> <a href=\"http:\/\/colegiomariareina.cl\/2013\/wp-content\/uploads\/2015\/09\/DSC00341.jpg\"><img loading=\"lazy\" decoding=\"async\" class=\"alignleft size-thumbnail wp-image-4879\" alt=\"DSC00341\" src=\"http:\/\/colegiomariareina.cl\/2013\/wp-content\/uploads\/2015\/09\/DSC00341-100x100.jpg\" width=\"100\" height=\"100\" \/><\/a> <a href=\"http:\/\/colegiomariareina.cl\/2013\/wp-content\/uploads\/2015\/09\/DSC00340.jpg\"><img loading=\"lazy\" decoding=\"async\" class=\"alignleft size-thumbnail wp-image-4878\" alt=\"DSC00340\" src=\"http:\/\/colegiomariareina.cl\/2013\/wp-content\/uploads\/2015\/09\/DSC00340-100x100.jpg\" width=\"100\" height=\"100\" \/><\/a> <a href=\"http:\/\/colegiomariareina.cl\/2013\/wp-content\/uploads\/2015\/09\/DSC00327.jpg\"><img loading=\"lazy\" decoding=\"async\" class=\"alignleft size-thumbnail wp-image-4877\" alt=\"DSC00327\" src=\"http:\/\/colegiomariareina.cl\/2013\/wp-content\/uploads\/2015\/09\/DSC00327-100x100.jpg\" width=\"100\" height=\"100\" \/><\/a> <a href=\"http:\/\/colegiomariareina.cl\/2013\/wp-content\/uploads\/2015\/09\/DSC00307.jpg\"><img loading=\"lazy\" decoding=\"async\" class=\"alignleft size-thumbnail wp-image-4876\" alt=\"DSC00307\" src=\"http:\/\/colegiomariareina.cl\/2013\/wp-content\/uploads\/2015\/09\/DSC00307-100x100.jpg\" width=\"100\" height=\"100\" \/><\/a> <a href=\"http:\/\/colegiomariareina.cl\/2013\/wp-content\/uploads\/2015\/09\/DSC00305.jpg\"><img loading=\"lazy\" decoding=\"async\" class=\"alignleft size-thumbnail wp-image-4875\" alt=\"DSC00305\" src=\"http:\/\/colegiomariareina.cl\/2013\/wp-content\/uploads\/2015\/09\/DSC00305-100x100.jpg\" width=\"100\" height=\"100\" \/><\/a> <a href=\"http:\/\/colegiomariareina.cl\/2013\/wp-content\/uploads\/2015\/09\/DSC00302.jpg\"><img loading=\"lazy\" decoding=\"async\" class=\"alignleft size-thumbnail wp-image-4874\" alt=\"DSC00302\" src=\"http:\/\/colegiomariareina.cl\/2013\/wp-content\/uploads\/2015\/09\/DSC00302-100x100.jpg\" width=\"100\" height=\"100\" \/><\/a> <a href=\"http:\/\/colegiomariareina.cl\/2013\/wp-content\/uploads\/2015\/09\/DSC00296.jpg\"><img loading=\"lazy\" decoding=\"async\" class=\"alignleft size-thumbnail wp-image-4873\" alt=\"DSC00296\" src=\"http:\/\/colegiomariareina.cl\/2013\/wp-content\/uploads\/2015\/09\/DSC00296-100x100.jpg\" width=\"100\" height=\"100\" \/><\/a> <a href=\"http:\/\/colegiomariareina.cl\/2013\/wp-content\/uploads\/2015\/09\/DSC00295.jpg\"><img loading=\"lazy\" decoding=\"async\" class=\"alignleft size-thumbnail wp-image-4872\" alt=\"DSC00295\" src=\"http:\/\/colegiomariareina.cl\/2013\/wp-content\/uploads\/2015\/09\/DSC00295-100x100.jpg\" width=\"100\" height=\"100\" \/><\/a> <a href=\"http:\/\/colegiomariareina.cl\/2013\/wp-content\/uploads\/2015\/09\/DSC00283.jpg\"><img loading=\"lazy\" decoding=\"async\" class=\"alignleft size-thumbnail wp-image-4871\" alt=\"DSC00283\" src=\"http:\/\/colegiomariareina.cl\/2013\/wp-content\/uploads\/2015\/09\/DSC00283-100x100.jpg\" width=\"100\" height=\"100\" \/><\/a> <a href=\"http:\/\/colegiomariareina.cl\/2013\/wp-content\/uploads\/2015\/09\/DSC00281.jpg\"><img loading=\"lazy\" decoding=\"async\" class=\"alignleft size-thumbnail wp-image-4870\" alt=\"DSC00281\" src=\"http:\/\/colegiomariareina.cl\/2013\/wp-content\/uploads\/2015\/09\/DSC00281-100x100.jpg\" width=\"100\" height=\"100\" \/><\/a> <a href=\"http:\/\/colegiomariareina.cl\/2013\/wp-content\/uploads\/2015\/09\/DSC00128.jpg\"><img loading=\"lazy\" decoding=\"async\" class=\"alignleft size-thumbnail wp-image-4869\" alt=\"DSC00128\" src=\"http:\/\/colegiomariareina.cl\/2013\/wp-content\/uploads\/2015\/09\/DSC00128-100x100.jpg\" width=\"100\" height=\"100\" \/><\/a> <a href=\"http:\/\/colegiomariareina.cl\/2013\/wp-content\/uploads\/2015\/09\/DSC00118.jpg\"><img loading=\"lazy\" decoding=\"async\" class=\"alignleft size-thumbnail wp-image-4868\" alt=\"DSC00118\" src=\"http:\/\/colegiomariareina.cl\/2013\/wp-content\/uploads\/2015\/09\/DSC00118-100x100.jpg\" width=\"100\" height=\"100\" \/><\/a> <a href=\"http:\/\/colegiomariareina.cl\/2013\/wp-content\/uploads\/2015\/09\/DSC00116.jpg\"><img loading=\"lazy\" decoding=\"async\" class=\"alignleft size-thumbnail wp-image-4867\" alt=\"DSC00116\" src=\"http:\/\/colegiomariareina.cl\/2013\/wp-content\/uploads\/2015\/09\/DSC00116-100x100.jpg\" width=\"100\" height=\"100\" \/><\/a> <a href=\"http:\/\/colegiomariareina.cl\/2013\/wp-content\/uploads\/2015\/09\/DSC00101.jpg\"><img loading=\"lazy\" decoding=\"async\" class=\"alignleft size-thumbnail wp-image-4866\" alt=\"DSC00101\" src=\"http:\/\/colegiomariareina.cl\/2013\/wp-content\/uploads\/2015\/09\/DSC00101-100x100.jpg\" width=\"100\" height=\"100\" \/><\/a> <a href=\"http:\/\/colegiomariareina.cl\/2013\/wp-content\/uploads\/2015\/09\/DSC00092.jpg\"><img loading=\"lazy\" decoding=\"async\" class=\"alignleft size-thumbnail wp-image-4865\" alt=\"DSC00092\" src=\"http:\/\/colegiomariareina.cl\/2013\/wp-content\/uploads\/2015\/09\/DSC00092-100x100.jpg\" width=\"100\" height=\"100\" \/><\/a> <a href=\"http:\/\/colegiomariareina.cl\/2013\/wp-content\/uploads\/2015\/09\/DSC00068.jpg\"><img loading=\"lazy\" decoding=\"async\" class=\"alignleft size-thumbnail wp-image-4864\" alt=\"DSC00068\" src=\"http:\/\/colegiomariareina.cl\/2013\/wp-content\/uploads\/2015\/09\/DSC00068-100x100.jpg\" width=\"100\" height=\"100\" \/><\/a> <a href=\"http:\/\/colegiomariareina.cl\/2013\/wp-content\/uploads\/2015\/09\/DSC00042.jpg\"><img loading=\"lazy\" decoding=\"async\" class=\"alignleft size-thumbnail wp-image-4863\" alt=\"DSC00042\" src=\"http:\/\/colegiomariareina.cl\/2013\/wp-content\/uploads\/2015\/09\/DSC00042-100x100.jpg\" width=\"100\" height=\"100\" \/><\/a> <a href=\"http:\/\/colegiomariareina.cl\/2013\/wp-content\/uploads\/2015\/09\/DSC00030.jpg\"><img loading=\"lazy\" decoding=\"async\" class=\"alignleft size-thumbnail wp-image-4862\" alt=\"DSC00030\" src=\"http:\/\/colegiomariareina.cl\/2013\/wp-content\/uploads\/2015\/09\/DSC00030-100x100.jpg\" width=\"100\" height=\"100\" \/><\/a> <a href=\"http:\/\/colegiomariareina.cl\/2013\/wp-content\/uploads\/2015\/09\/DSC00024.jpg\"><img loading=\"lazy\" decoding=\"async\" class=\"alignleft size-thumbnail wp-image-4861\" alt=\"DSC00024\" src=\"http:\/\/colegiomariareina.cl\/2013\/wp-content\/uploads\/2015\/09\/DSC00024-100x100.jpg\" width=\"100\" height=\"100\" \/><\/a><\/p>\n<p style=\"text-align: justify;\">\n","protected":false},"excerpt":{"rendered":"<p>\u00a0 \u00a0Los d\u00edas 14 y 15 del presente mes se desarroll\u00f3 en nuestra comunidad educativa la fiesta de la Chilenidad 2015, en ella pudimos\u00a0 apreciar el entusiasmo de nuestros estudiantes en las representaciones de grandes artistas chilenos como por ejemplo: Los Tres, V\u00edctor Jara, Los Jaivas, Quilapallun, Gabriela Mistral, Mazap\u00e1n y Violeta Parra. \u00a0 \u00a0Se [&hellip;]<\/p>\n","protected":false},"author":1,"featured_media":4883,"comment_status":"open","ping_status":"open","sticky":false,"template":"","format":"standard","meta":{"_et_pb_use_builder":"","_et_pb_old_content":"","_et_gb_content_width":"","footnotes":""},"categories":[3],"tags":[],"class_list":["post-4860","post","type-post","status-publish","format-standard","has-post-thumbnail","hentry","category-noticias"],"_links":{"self":[{"href":"https:\/\/colegiomariareina.cl\/2025\/wp-json\/wp\/v2\/posts\/4860","targetHints":{"allow":["GET"]}}],"collection":[{"href":"https:\/\/colegiomariareina.cl\/2025\/wp-json\/wp\/v2\/posts"}],"about":[{"href":"https:\/\/colegiomariareina.cl\/2025\/wp-json\/wp\/v2\/types\/post"}],"author":[{"embeddable":true,"href":"https:\/\/colegiomariareina.cl\/2025\/wp-json\/wp\/v2\/users\/1"}],"replies":[{"embeddable":true,"href":"https:\/\/colegiomariareina.cl\/2025\/wp-json\/wp\/v2\/comments?post=4860"}],"version-history":[{"count":0,"href":"https:\/\/colegiomariareina.cl\/2025\/wp-json\/wp\/v2\/posts\/4860\/revisions"}],"wp:featuredmedia":[{"embeddable":true,"href":"https:\/\/colegiomariareina.cl\/2025\/wp-json\/"}],"wp:attachment":[{"href":"https:\/\/colegiomariareina.cl\/2025\/wp-json\/wp\/v2\/media?parent=4860"}],"wp:term":[{"taxonomy":"category","embeddable":true,"href":"https:\/\/colegiomariareina.cl\/2025\/wp-json\/wp\/v2\/categories?post=4860"},{"taxonomy":"post_tag","embeddable":true,"href":"https:\/\/colegiomariareina.cl\/2025\/wp-json\/wp\/v2\/tags?post=4860"}],"curies":[{"name":"wp","href":"https:\/\/api.w.org\/{rel}","templated":true}]}}