{"id":4933,"date":"2015-10-14T19:08:00","date_gmt":"2015-10-14T19:08:00","guid":{"rendered":"http:\/\/colegiomariareina.cl\/2013\/?p=4933"},"modified":"2015-10-14T19:08:00","modified_gmt":"2015-10-14T19:08:00","slug":"concurso-literario-cmri-ano-2015","status":"publish","type":"post","link":"https:\/\/colegiomariareina.cl\/2025\/concurso-literario-cmri-ano-2015\/","title":{"rendered":"CONCURSO LITERARIO CMRI.- 8 de Octubre A\u00f1o 2015"},"content":{"rendered":"<p style=\"text-align: justify;\">\u00a0 \u00a0 Con una convocatoria no esperada se ha realizado en nuestro colegio el CONCURSO LITERARIO a\u00f1o 2015, \u00a0los alumnos desde pre-b\u00e1sica hasta ense\u00f1anza media participaron enviando sus obras po\u00e9ticas inspiradas desde la familia, mascotas, nuestro pa\u00eds, el amor y m\u00faltiples fuentes inspiradoras.<\/p>\n<p style=\"text-align: justify;\">\u00a0 \u00a0 Con un equipo de jurado conformado por coordinadores, orientadores y profesores se llev\u00f3 a cabo la premiaci\u00f3n de este concurso organizado y ejecutado por la profesora de lenguaje Marcela Rodr\u00edguez, en la premiaci\u00f3n nuestra directora ha felicitado y homenajeado\u00a0 a cada uno de los ganadores con un peque\u00f1o obsequio incentiv\u00e1ndoles a seguir trabajando en sus fuentes inspiradoras.<\/p>\n<p style=\"text-align: justify;\"><a href=\"http:\/\/colegiomariareina.cl\/2013\/wp-content\/uploads\/2015\/10\/DSC00901.jpg\"><img loading=\"lazy\" decoding=\"async\" class=\"alignleft size-thumbnail wp-image-4932\" alt=\"DSC00901\" src=\"http:\/\/colegiomariareina.cl\/2013\/wp-content\/uploads\/2015\/10\/DSC00901-100x100.jpg\" width=\"100\" height=\"100\" \/><\/a> <a href=\"http:\/\/colegiomariareina.cl\/2013\/wp-content\/uploads\/2015\/10\/DSC00900.jpg\"><img loading=\"lazy\" decoding=\"async\" class=\"alignleft size-thumbnail wp-image-4931\" alt=\"DSC00900\" src=\"http:\/\/colegiomariareina.cl\/2013\/wp-content\/uploads\/2015\/10\/DSC00900-100x100.jpg\" width=\"100\" height=\"100\" \/><\/a> <a href=\"http:\/\/colegiomariareina.cl\/2013\/wp-content\/uploads\/2015\/10\/DSC00898.jpg\"><img loading=\"lazy\" decoding=\"async\" class=\"alignleft size-thumbnail wp-image-4930\" alt=\"DSC00898\" src=\"http:\/\/colegiomariareina.cl\/2013\/wp-content\/uploads\/2015\/10\/DSC00898-100x100.jpg\" width=\"100\" height=\"100\" \/><\/a> <a href=\"http:\/\/colegiomariareina.cl\/2013\/wp-content\/uploads\/2015\/10\/DSC00894.jpg\"><img loading=\"lazy\" decoding=\"async\" class=\"alignleft size-thumbnail wp-image-4929\" alt=\"DSC00894\" src=\"http:\/\/colegiomariareina.cl\/2013\/wp-content\/uploads\/2015\/10\/DSC00894-100x100.jpg\" width=\"100\" height=\"100\" \/><\/a> <a href=\"http:\/\/colegiomariareina.cl\/2013\/wp-content\/uploads\/2015\/10\/DSC00886.jpg\"><img loading=\"lazy\" decoding=\"async\" class=\"alignleft size-thumbnail wp-image-4928\" alt=\"DSC00886\" src=\"http:\/\/colegiomariareina.cl\/2013\/wp-content\/uploads\/2015\/10\/DSC00886-100x100.jpg\" width=\"100\" height=\"100\" \/><\/a> <a href=\"http:\/\/colegiomariareina.cl\/2013\/wp-content\/uploads\/2015\/10\/DSC00882.jpg\"><img loading=\"lazy\" decoding=\"async\" class=\"alignleft size-thumbnail wp-image-4927\" alt=\"DSC00882\" src=\"http:\/\/colegiomariareina.cl\/2013\/wp-content\/uploads\/2015\/10\/DSC00882-100x100.jpg\" width=\"100\" height=\"100\" \/><\/a> <a href=\"http:\/\/colegiomariareina.cl\/2013\/wp-content\/uploads\/2015\/10\/DSC00881.jpg\"><img loading=\"lazy\" decoding=\"async\" class=\"alignleft size-thumbnail wp-image-4926\" alt=\"DSC00881\" src=\"http:\/\/colegiomariareina.cl\/2013\/wp-content\/uploads\/2015\/10\/DSC00881-100x100.jpg\" width=\"100\" height=\"100\" \/><\/a> <a href=\"http:\/\/colegiomariareina.cl\/2013\/wp-content\/uploads\/2015\/10\/DSC00868.jpg\"><img loading=\"lazy\" decoding=\"async\" class=\"alignleft size-thumbnail wp-image-4925\" alt=\"DSC00868\" src=\"http:\/\/colegiomariareina.cl\/2013\/wp-content\/uploads\/2015\/10\/DSC00868-100x100.jpg\" width=\"100\" height=\"100\" \/><\/a><\/p>\n","protected":false},"excerpt":{"rendered":"<p>\u00a0 \u00a0 Con una convocatoria no esperada se ha realizado en nuestro colegio el CONCURSO LITERARIO a\u00f1o 2015, \u00a0los alumnos desde pre-b\u00e1sica hasta ense\u00f1anza media participaron enviando sus obras po\u00e9ticas inspiradas desde la familia, mascotas, nuestro pa\u00eds, el amor y m\u00faltiples fuentes inspiradoras. \u00a0 \u00a0 Con un equipo de jurado conformado por coordinadores, orientadores y [&hellip;]<\/p>\n","protected":false},"author":1,"featured_media":4925,"comment_status":"open","ping_status":"open","sticky":false,"template":"","format":"standard","meta":{"_et_pb_use_builder":"","_et_pb_old_content":"","_et_gb_content_width":"","footnotes":""},"categories":[3],"tags":[],"class_list":["post-4933","post","type-post","status-publish","format-standard","has-post-thumbnail","hentry","category-noticias"],"_links":{"self":[{"href":"https:\/\/colegiomariareina.cl\/2025\/wp-json\/wp\/v2\/posts\/4933","targetHints":{"allow":["GET"]}}],"collection":[{"href":"https:\/\/colegiomariareina.cl\/2025\/wp-json\/wp\/v2\/posts"}],"about":[{"href":"https:\/\/colegiomariareina.cl\/2025\/wp-json\/wp\/v2\/types\/post"}],"author":[{"embeddable":true,"href":"https:\/\/colegiomariareina.cl\/2025\/wp-json\/wp\/v2\/users\/1"}],"replies":[{"embeddable":true,"href":"https:\/\/colegiomariareina.cl\/2025\/wp-json\/wp\/v2\/comments?post=4933"}],"version-history":[{"count":0,"href":"https:\/\/colegiomariareina.cl\/2025\/wp-json\/wp\/v2\/posts\/4933\/revisions"}],"wp:featuredmedia":[{"embeddable":true,"href":"https:\/\/colegiomariareina.cl\/2025\/wp-json\/"}],"wp:attachment":[{"href":"https:\/\/colegiomariareina.cl\/2025\/wp-json\/wp\/v2\/media?parent=4933"}],"wp:term":[{"taxonomy":"category","embeddable":true,"href":"https:\/\/colegiomariareina.cl\/2025\/wp-json\/wp\/v2\/categories?post=4933"},{"taxonomy":"post_tag","embeddable":true,"href":"https:\/\/colegiomariareina.cl\/2025\/wp-json\/wp\/v2\/tags?post=4933"}],"curies":[{"name":"wp","href":"https:\/\/api.w.org\/{rel}","templated":true}]}}