{"id":4957,"date":"2015-11-10T20:45:24","date_gmt":"2015-11-10T20:45:24","guid":{"rendered":"http:\/\/colegiomariareina.cl\/2013\/?p=4957"},"modified":"2018-06-08T21:33:33","modified_gmt":"2018-06-08T21:33:33","slug":"inicio-mes-de-maria-3-de-noviembre-2015","status":"publish","type":"post","link":"https:\/\/colegiomariareina.cl\/2025\/inicio-mes-de-maria-3-de-noviembre-2015\/","title":{"rendered":"INICIO MES DE MAR\u00cdA.- 3 de Noviembre 2015.-"},"content":{"rendered":"<p style=\"text-align: justify;\">\u00a0 \u00a0Con la Santa Misa nuestra comunidad educativa dio el inicio el d\u00eda de hoy\u00a0 al Mes de Mar\u00eda, en el cual cada oraci\u00f3n de la ma\u00f1ana ser\u00e1 centrada en la figura de Mar\u00eda Sant\u00edsima,\u00a0 la primera misionera de Cristo.<\/p>\n<p style=\"text-align: justify;\">\u00a0 \u00a0En \u00e9sta hermosa celebraci\u00f3n vivimos dos momentos de gran emoci\u00f3n, la primera comuni\u00f3n de dos de nuestros alumnos de ense\u00f1anza media Cristian Fuentes de 4\u00b0Medio Adulto Mayor y Sebasti\u00e1n L\u00f3pez de 4\u00b0Medio Procesamiento de la Madera quienes durante todo este a\u00f1o se prepararon para este importante momento, y la segunda es que nuestros alumnos de 4\u00b0 medios de las cuatro especialidades vivieron su \u00faltima misa del Mes de Mar\u00eda.<\/p>\n<p style=\"text-align: justify;\">\u00a0 \u00a0Sin lugar a dudas las emociones fueron muchas.<\/p>\n<p style=\"text-align: justify;\"><a href=\"http:\/\/colegiomariareina.cl\/2013\/wp-content\/uploads\/2015\/11\/IMG-20151104-WA0012.jpg\"><img loading=\"lazy\" decoding=\"async\" class=\"alignleft size-thumbnail wp-image-4956\" alt=\"IMG-20151104-WA0012\" src=\"http:\/\/colegiomariareina.cl\/2013\/wp-content\/uploads\/2015\/11\/IMG-20151104-WA0012-100x100.jpg\" width=\"100\" height=\"100\" \/><\/a> <a href=\"http:\/\/colegiomariareina.cl\/2013\/wp-content\/uploads\/2015\/11\/IMG-20151104-WA0011.jpg\"><img loading=\"lazy\" decoding=\"async\" class=\"alignleft size-thumbnail wp-image-4955\" alt=\"IMG-20151104-WA0011\" src=\"http:\/\/colegiomariareina.cl\/2013\/wp-content\/uploads\/2015\/11\/IMG-20151104-WA0011-100x100.jpg\" width=\"100\" height=\"100\" \/><\/a> <a href=\"http:\/\/colegiomariareina.cl\/2013\/wp-content\/uploads\/2015\/11\/IMG-20151104-WA0010.jpg\"><img loading=\"lazy\" decoding=\"async\" class=\"alignleft size-thumbnail wp-image-4954\" alt=\"IMG-20151104-WA0010\" src=\"http:\/\/colegiomariareina.cl\/2013\/wp-content\/uploads\/2015\/11\/IMG-20151104-WA0010-100x100.jpg\" width=\"100\" height=\"100\" \/><\/a> <a href=\"http:\/\/colegiomariareina.cl\/2013\/wp-content\/uploads\/2015\/11\/IMG-20151104-WA0009.jpg\"><img loading=\"lazy\" decoding=\"async\" class=\"alignleft size-thumbnail wp-image-4953\" alt=\"IMG-20151104-WA0009\" src=\"http:\/\/colegiomariareina.cl\/2013\/wp-content\/uploads\/2015\/11\/IMG-20151104-WA0009-100x100.jpg\" width=\"100\" height=\"100\" \/><\/a> <a href=\"http:\/\/colegiomariareina.cl\/2013\/wp-content\/uploads\/2015\/11\/IMG-20151104-WA0008.jpg\"><img loading=\"lazy\" decoding=\"async\" class=\"alignleft size-thumbnail wp-image-4952\" alt=\"IMG-20151104-WA0008\" src=\"http:\/\/colegiomariareina.cl\/2013\/wp-content\/uploads\/2015\/11\/IMG-20151104-WA0008-100x100.jpg\" width=\"100\" height=\"100\" \/><\/a> <a href=\"http:\/\/colegiomariareina.cl\/2013\/wp-content\/uploads\/2015\/11\/IMG-20151104-WA0007.jpg\"><img loading=\"lazy\" decoding=\"async\" class=\"alignleft size-thumbnail wp-image-4951\" alt=\"IMG-20151104-WA0007\" src=\"http:\/\/colegiomariareina.cl\/2013\/wp-content\/uploads\/2015\/11\/IMG-20151104-WA0007-100x100.jpg\" width=\"100\" height=\"100\" \/><\/a> <a href=\"http:\/\/colegiomariareina.cl\/2013\/wp-content\/uploads\/2015\/11\/IMG-20151104-WA0006.jpg\"><img loading=\"lazy\" decoding=\"async\" class=\"alignleft size-thumbnail wp-image-4950\" alt=\"IMG-20151104-WA0006\" src=\"http:\/\/colegiomariareina.cl\/2013\/wp-content\/uploads\/2015\/11\/IMG-20151104-WA0006-100x100.jpg\" width=\"100\" height=\"100\" \/><\/a> <a href=\"http:\/\/colegiomariareina.cl\/2013\/wp-content\/uploads\/2015\/11\/IMG-20151104-WA0005.jpg\"><img loading=\"lazy\" decoding=\"async\" class=\"alignleft size-thumbnail wp-image-4949\" alt=\"IMG-20151104-WA0005\" src=\"http:\/\/colegiomariareina.cl\/2013\/wp-content\/uploads\/2015\/11\/IMG-20151104-WA0005-100x100.jpg\" width=\"100\" height=\"100\" \/><\/a> <a href=\"http:\/\/colegiomariareina.cl\/2013\/wp-content\/uploads\/2015\/11\/IMG-20151104-WA0004.jpg\"><img loading=\"lazy\" decoding=\"async\" class=\"alignleft size-thumbnail wp-image-4948\" alt=\"IMG-20151104-WA0004\" src=\"http:\/\/colegiomariareina.cl\/2013\/wp-content\/uploads\/2015\/11\/IMG-20151104-WA0004-100x100.jpg\" width=\"100\" height=\"100\" \/><\/a> <a href=\"http:\/\/colegiomariareina.cl\/2013\/wp-content\/uploads\/2015\/11\/IMG-20151104-WA0003.jpg\"><img loading=\"lazy\" decoding=\"async\" class=\"alignleft size-thumbnail wp-image-4947\" alt=\"IMG-20151104-WA0003\" src=\"http:\/\/colegiomariareina.cl\/2013\/wp-content\/uploads\/2015\/11\/IMG-20151104-WA0003-100x100.jpg\" width=\"100\" height=\"100\" \/><\/a> <a href=\"http:\/\/colegiomariareina.cl\/2013\/wp-content\/uploads\/2015\/11\/IMG-20151104-WA0002.jpg\"><img loading=\"lazy\" decoding=\"async\" class=\"alignleft size-thumbnail wp-image-4946\" alt=\"IMG-20151104-WA0002\" src=\"http:\/\/colegiomariareina.cl\/2013\/wp-content\/uploads\/2015\/11\/IMG-20151104-WA0002-100x100.jpg\" width=\"100\" height=\"100\" \/><\/a> <a href=\"http:\/\/colegiomariareina.cl\/2013\/wp-content\/uploads\/2015\/11\/IMG-20151104-WA0001.jpg\"><img loading=\"lazy\" decoding=\"async\" class=\"alignleft size-thumbnail wp-image-4945\" alt=\"IMG-20151104-WA0001\" src=\"http:\/\/colegiomariareina.cl\/2013\/wp-content\/uploads\/2015\/11\/IMG-20151104-WA0001-100x100.jpg\" width=\"100\" height=\"100\" \/><\/a> <a href=\"http:\/\/colegiomariareina.cl\/2013\/wp-content\/uploads\/2015\/11\/IMG-20151104-WA0000.jpg\"><img loading=\"lazy\" decoding=\"async\" class=\"alignleft size-thumbnail wp-image-4944\" alt=\"IMG-20151104-WA0000\" src=\"http:\/\/colegiomariareina.cl\/2013\/wp-content\/uploads\/2015\/11\/IMG-20151104-WA0000-100x100.jpg\" width=\"100\" height=\"100\" \/><\/a><\/p>\n","protected":false},"excerpt":{"rendered":"<p>\u00a0 \u00a0Con la Santa Misa nuestra comunidad educativa dio el inicio el d\u00eda de hoy\u00a0 al Mes de Mar\u00eda, en el cual cada oraci\u00f3n de la ma\u00f1ana ser\u00e1 centrada en la figura de Mar\u00eda Sant\u00edsima,\u00a0 la primera misionera de Cristo. \u00a0 \u00a0En \u00e9sta hermosa celebraci\u00f3n vivimos dos momentos de gran emoci\u00f3n, la primera comuni\u00f3n de [&hellip;]<\/p>\n","protected":false},"author":1,"featured_media":4949,"comment_status":"open","ping_status":"open","sticky":false,"template":"","format":"standard","meta":{"_et_pb_use_builder":"","_et_pb_old_content":"","_et_gb_content_width":"","footnotes":""},"categories":[3],"tags":[],"class_list":["post-4957","post","type-post","status-publish","format-standard","has-post-thumbnail","hentry","category-noticias"],"_links":{"self":[{"href":"https:\/\/colegiomariareina.cl\/2025\/wp-json\/wp\/v2\/posts\/4957","targetHints":{"allow":["GET"]}}],"collection":[{"href":"https:\/\/colegiomariareina.cl\/2025\/wp-json\/wp\/v2\/posts"}],"about":[{"href":"https:\/\/colegiomariareina.cl\/2025\/wp-json\/wp\/v2\/types\/post"}],"author":[{"embeddable":true,"href":"https:\/\/colegiomariareina.cl\/2025\/wp-json\/wp\/v2\/users\/1"}],"replies":[{"embeddable":true,"href":"https:\/\/colegiomariareina.cl\/2025\/wp-json\/wp\/v2\/comments?post=4957"}],"version-history":[{"count":1,"href":"https:\/\/colegiomariareina.cl\/2025\/wp-json\/wp\/v2\/posts\/4957\/revisions"}],"predecessor-version":[{"id":10581,"href":"https:\/\/colegiomariareina.cl\/2025\/wp-json\/wp\/v2\/posts\/4957\/revisions\/10581"}],"wp:featuredmedia":[{"embeddable":true,"href":"https:\/\/colegiomariareina.cl\/2025\/wp-json\/"}],"wp:attachment":[{"href":"https:\/\/colegiomariareina.cl\/2025\/wp-json\/wp\/v2\/media?parent=4957"}],"wp:term":[{"taxonomy":"category","embeddable":true,"href":"https:\/\/colegiomariareina.cl\/2025\/wp-json\/wp\/v2\/categories?post=4957"},{"taxonomy":"post_tag","embeddable":true,"href":"https:\/\/colegiomariareina.cl\/2025\/wp-json\/wp\/v2\/tags?post=4957"}],"curies":[{"name":"wp","href":"https:\/\/api.w.org\/{rel}","templated":true}]}}