{"id":4963,"date":"2015-11-16T19:02:08","date_gmt":"2015-11-16T19:02:08","guid":{"rendered":"http:\/\/colegiomariareina.cl\/2013\/?p=4963"},"modified":"2015-11-16T19:02:08","modified_gmt":"2015-11-16T19:02:08","slug":"experiencia-misionera-del-grupo-de-iam-26-al-30-de-octubre","status":"publish","type":"post","link":"https:\/\/colegiomariareina.cl\/2025\/experiencia-misionera-del-grupo-de-iam-26-al-30-de-octubre\/","title":{"rendered":"EXPERIENCIA MISIONERA DEL GRUPO DE IAM.- 26 al 30 de Octubre"},"content":{"rendered":"<p align=\"center\"><b>\u201cPeque\u00f1os colaboradores, pero grandes evangelizadores\u201d<\/b><\/p>\n<p align=\"center\"><b>El grupo de IAM, Infancia y Adolescencia Misionera se proyect\u00f3 vivir 3 objetivos durante la semana de la misi\u00f3n.<\/b><\/p>\n<p><b>1.- Difundir el mensaje de Jes\u00fas a toda la comunidad educativa.<\/b><\/p>\n<p><b>2.- Contagiar a otros ni\u00f1os la alegr\u00eda de ser misioneros de Jes\u00fas.<\/b><\/p>\n<p><b>3.- Motivar a otros ni\u00f1os\/as a ser amigos de Jes\u00fas, ser misioneros.<\/b><\/p>\n<p><b>Algunas actividades que se realizaron:<\/b><\/p>\n<ul>\n<li><b>Entregar mensajes del dec\u00e1logo del ni\u00f1o misionero y de las obras de misericordia. (\u00e1rbol del amor)<\/b><\/li>\n<\/ul>\n<p><a href=\"http:\/\/colegiomariareina.cl\/2013\/wp-content\/uploads\/2015\/11\/DSC014031.jpg\"><img loading=\"lazy\" decoding=\"async\" class=\"size-thumbnail wp-image-4964 aligncenter\" alt=\"DSC01403\" src=\"http:\/\/colegiomariareina.cl\/2013\/wp-content\/uploads\/2015\/11\/DSC014031-100x100.jpg\" width=\"100\" height=\"100\" \/><\/a><\/p>\n<p><b>\u00a0<\/b><\/p>\n<ul>\n<li><b>Visitar cursos: De Pre- K\u00ednder a 6\u00b0 b\u00e1sico para dar a conocer la vida de 3 santos:<\/b><\/li>\n<\/ul>\n<p>&nbsp;<\/p>\n<p>1-\u00a0\u00a0 San Alberto Hurtado.<\/p>\n<p>2-\u00a0\u00a0 Santa Teresa de los Andes<\/p>\n<p>3-\u00a0\u00a0 Venerable Padre Eladio Mozas Santamera<\/p>\n<p>&nbsp;<\/p>\n<p><a href=\"http:\/\/colegiomariareina.cl\/2013\/wp-content\/uploads\/2015\/11\/DSC01423.jpg\"><img loading=\"lazy\" decoding=\"async\" class=\"size-thumbnail wp-image-4965 aligncenter\" alt=\"DSC01423\" src=\"http:\/\/colegiomariareina.cl\/2013\/wp-content\/uploads\/2015\/11\/DSC01423-100x100.jpg\" width=\"100\" height=\"100\" \/><\/a><\/p>\n<p>&nbsp;<\/p>\n<ul>\n<li><b>Difusi\u00f3n del esp\u00edritu misionero a trav\u00e9s del RINC\u00d3N MISIONERO, con afiches, carteles, murales, juegos, distintivos, exposici\u00f3n de material misionero.<\/b><\/li>\n<\/ul>\n<p><a href=\"http:\/\/colegiomariareina.cl\/2013\/wp-content\/uploads\/2015\/11\/DSC01448.jpg\"><img loading=\"lazy\" decoding=\"async\" class=\"size-thumbnail wp-image-4967 aligncenter\" alt=\"DSC01448\" src=\"http:\/\/colegiomariareina.cl\/2013\/wp-content\/uploads\/2015\/11\/DSC01448-100x100.jpg\" width=\"100\" height=\"100\" \/><\/a><\/p>\n<p>&nbsp;<\/p>\n<p><b>Todos podemos ser misioneros partiendo por casa, con la familia, en el Colegio, con tus compa\u00f1eros, en tu ciudad, con tus vecinos.<\/b><\/p>\n<p><b>\u00a0<\/b><\/p>\n<p align=\"center\"><b>\u201cCON JES\u00daS Y MAR\u00cdA MISIONEROS, TODO EL D\u00cdA\u201d<\/b><\/p>\n<p align=\"center\"><a href=\"http:\/\/colegiomariareina.cl\/2013\/wp-content\/uploads\/2015\/11\/DSC01396.jpg\"><img loading=\"lazy\" decoding=\"async\" class=\"alignleft size-thumbnail wp-image-4969\" alt=\"DSC01396\" src=\"http:\/\/colegiomariareina.cl\/2013\/wp-content\/uploads\/2015\/11\/DSC01396-100x100.jpg\" width=\"100\" height=\"100\" \/><\/a> <a href=\"http:\/\/colegiomariareina.cl\/2013\/wp-content\/uploads\/2015\/11\/DSC01397.jpg\"><img loading=\"lazy\" decoding=\"async\" class=\"alignleft size-thumbnail wp-image-4970\" alt=\"DSC01397\" src=\"http:\/\/colegiomariareina.cl\/2013\/wp-content\/uploads\/2015\/11\/DSC01397-100x100.jpg\" width=\"100\" height=\"100\" \/><\/a> <a href=\"http:\/\/colegiomariareina.cl\/2013\/wp-content\/uploads\/2015\/11\/DSC01402.jpg\"><img loading=\"lazy\" decoding=\"async\" class=\"alignleft size-thumbnail wp-image-4973\" alt=\"DSC01402\" src=\"http:\/\/colegiomariareina.cl\/2013\/wp-content\/uploads\/2015\/11\/DSC01402-100x100.jpg\" width=\"100\" height=\"100\" \/><\/a> <a href=\"http:\/\/colegiomariareina.cl\/2013\/wp-content\/uploads\/2015\/11\/DSC01404.jpg\"><img loading=\"lazy\" decoding=\"async\" class=\"alignleft size-thumbnail wp-image-4974\" alt=\"DSC01404\" src=\"http:\/\/colegiomariareina.cl\/2013\/wp-content\/uploads\/2015\/11\/DSC01404-100x100.jpg\" width=\"100\" height=\"100\" \/><\/a> <a href=\"http:\/\/colegiomariareina.cl\/2013\/wp-content\/uploads\/2015\/11\/DSC01406.jpg\"><img loading=\"lazy\" decoding=\"async\" class=\"alignleft size-thumbnail wp-image-4976\" alt=\"DSC01406\" src=\"http:\/\/colegiomariareina.cl\/2013\/wp-content\/uploads\/2015\/11\/DSC01406-100x100.jpg\" width=\"100\" height=\"100\" \/><\/a> <a href=\"http:\/\/colegiomariareina.cl\/2013\/wp-content\/uploads\/2015\/11\/DSC01413.jpg\"><img loading=\"lazy\" decoding=\"async\" class=\"alignleft size-thumbnail wp-image-4978\" alt=\"DSC01413\" src=\"http:\/\/colegiomariareina.cl\/2013\/wp-content\/uploads\/2015\/11\/DSC01413-100x100.jpg\" width=\"100\" height=\"100\" \/><\/a> <a href=\"http:\/\/colegiomariareina.cl\/2013\/wp-content\/uploads\/2015\/11\/DSC01420.jpg\"><img loading=\"lazy\" decoding=\"async\" class=\"alignleft size-thumbnail wp-image-4984\" alt=\"DSC01420\" src=\"http:\/\/colegiomariareina.cl\/2013\/wp-content\/uploads\/2015\/11\/DSC01420-100x100.jpg\" width=\"100\" height=\"100\" \/><\/a> <a href=\"http:\/\/colegiomariareina.cl\/2013\/wp-content\/uploads\/2015\/11\/DSC014231.jpg\"><img loading=\"lazy\" decoding=\"async\" class=\"alignleft size-thumbnail wp-image-4985\" alt=\"DSC01423\" src=\"http:\/\/colegiomariareina.cl\/2013\/wp-content\/uploads\/2015\/11\/DSC014231-100x100.jpg\" width=\"100\" height=\"100\" \/><\/a> <a href=\"http:\/\/colegiomariareina.cl\/2013\/wp-content\/uploads\/2015\/11\/DSC01426.jpg\"><img loading=\"lazy\" decoding=\"async\" class=\"alignleft size-thumbnail wp-image-4988\" alt=\"DSC01426\" src=\"http:\/\/colegiomariareina.cl\/2013\/wp-content\/uploads\/2015\/11\/DSC01426-100x100.jpg\" width=\"100\" height=\"100\" \/><\/a> <a href=\"http:\/\/colegiomariareina.cl\/2013\/wp-content\/uploads\/2015\/11\/DSC01427.jpg\"><img loading=\"lazy\" decoding=\"async\" class=\"alignleft size-thumbnail wp-image-4989\" alt=\"DSC01427\" src=\"http:\/\/colegiomariareina.cl\/2013\/wp-content\/uploads\/2015\/11\/DSC01427-100x100.jpg\" width=\"100\" height=\"100\" \/><\/a> <a href=\"http:\/\/colegiomariareina.cl\/2013\/wp-content\/uploads\/2015\/11\/DSC01431.jpg\"><img loading=\"lazy\" decoding=\"async\" class=\"alignleft size-thumbnail wp-image-4990\" alt=\"DSC01431\" src=\"http:\/\/colegiomariareina.cl\/2013\/wp-content\/uploads\/2015\/11\/DSC01431-100x100.jpg\" width=\"100\" height=\"100\" \/><\/a> <a href=\"http:\/\/colegiomariareina.cl\/2013\/wp-content\/uploads\/2015\/11\/DSC01437.jpg\"><img loading=\"lazy\" decoding=\"async\" class=\"alignleft size-thumbnail wp-image-4991\" alt=\"DSC01437\" src=\"http:\/\/colegiomariareina.cl\/2013\/wp-content\/uploads\/2015\/11\/DSC01437-100x100.jpg\" width=\"100\" height=\"100\" \/><\/a> <a href=\"http:\/\/colegiomariareina.cl\/2013\/wp-content\/uploads\/2015\/11\/DSC01438.jpg\"><img loading=\"lazy\" decoding=\"async\" class=\"alignleft size-thumbnail wp-image-4992\" alt=\"DSC01438\" src=\"http:\/\/colegiomariareina.cl\/2013\/wp-content\/uploads\/2015\/11\/DSC01438-100x100.jpg\" width=\"100\" height=\"100\" \/><\/a> <a href=\"http:\/\/colegiomariareina.cl\/2013\/wp-content\/uploads\/2015\/11\/DSC01442.jpg\"><img loading=\"lazy\" decoding=\"async\" class=\"alignleft size-thumbnail wp-image-4993\" alt=\"DSC01442\" src=\"http:\/\/colegiomariareina.cl\/2013\/wp-content\/uploads\/2015\/11\/DSC01442-100x100.jpg\" width=\"100\" height=\"100\" \/><\/a> <a href=\"http:\/\/colegiomariareina.cl\/2013\/wp-content\/uploads\/2015\/11\/DSC01446.jpg\"><img loading=\"lazy\" decoding=\"async\" class=\"alignleft size-thumbnail wp-image-4994\" alt=\"DSC01446\" src=\"http:\/\/colegiomariareina.cl\/2013\/wp-content\/uploads\/2015\/11\/DSC01446-100x100.jpg\" width=\"100\" height=\"100\" \/><\/a> <a href=\"http:\/\/colegiomariareina.cl\/2013\/wp-content\/uploads\/2015\/11\/DSC01449.jpg\"><img loading=\"lazy\" decoding=\"async\" class=\"alignleft size-thumbnail wp-image-4995\" alt=\"DSC01449\" src=\"http:\/\/colegiomariareina.cl\/2013\/wp-content\/uploads\/2015\/11\/DSC01449-100x100.jpg\" width=\"100\" height=\"100\" \/><\/a> <a href=\"http:\/\/colegiomariareina.cl\/2013\/wp-content\/uploads\/2015\/11\/DSC01452.jpg\"><img loading=\"lazy\" decoding=\"async\" class=\"alignleft size-thumbnail wp-image-4996\" alt=\"DSC01452\" src=\"http:\/\/colegiomariareina.cl\/2013\/wp-content\/uploads\/2015\/11\/DSC01452-100x100.jpg\" width=\"100\" height=\"100\" \/><\/a> <a href=\"http:\/\/colegiomariareina.cl\/2013\/wp-content\/uploads\/2015\/11\/DSC01455.jpg\"><img loading=\"lazy\" decoding=\"async\" class=\"alignleft size-thumbnail wp-image-4997\" alt=\"DSC01455\" src=\"http:\/\/colegiomariareina.cl\/2013\/wp-content\/uploads\/2015\/11\/DSC01455-100x100.jpg\" width=\"100\" height=\"100\" \/><\/a> <a href=\"http:\/\/colegiomariareina.cl\/2013\/wp-content\/uploads\/2015\/11\/DSC01462.jpg\"><img loading=\"lazy\" decoding=\"async\" class=\"alignleft size-thumbnail wp-image-4998\" alt=\"DSC01462\" src=\"http:\/\/colegiomariareina.cl\/2013\/wp-content\/uploads\/2015\/11\/DSC01462-100x100.jpg\" width=\"100\" height=\"100\" \/><\/a><\/p>\n","protected":false},"excerpt":{"rendered":"<p>\u201cPeque\u00f1os colaboradores, pero grandes evangelizadores\u201d El grupo de IAM, Infancia y Adolescencia Misionera se proyect\u00f3 vivir 3 objetivos durante la semana de la misi\u00f3n. 1.- Difundir el mensaje de Jes\u00fas a toda la comunidad educativa. 2.- Contagiar a otros ni\u00f1os la alegr\u00eda de ser misioneros de Jes\u00fas. 3.- Motivar a otros ni\u00f1os\/as a ser amigos [&hellip;]<\/p>\n","protected":false},"author":1,"featured_media":4984,"comment_status":"open","ping_status":"open","sticky":false,"template":"","format":"standard","meta":{"_et_pb_use_builder":"","_et_pb_old_content":"","_et_gb_content_width":"","footnotes":""},"categories":[3],"tags":[],"class_list":["post-4963","post","type-post","status-publish","format-standard","has-post-thumbnail","hentry","category-noticias"],"_links":{"self":[{"href":"https:\/\/colegiomariareina.cl\/2025\/wp-json\/wp\/v2\/posts\/4963","targetHints":{"allow":["GET"]}}],"collection":[{"href":"https:\/\/colegiomariareina.cl\/2025\/wp-json\/wp\/v2\/posts"}],"about":[{"href":"https:\/\/colegiomariareina.cl\/2025\/wp-json\/wp\/v2\/types\/post"}],"author":[{"embeddable":true,"href":"https:\/\/colegiomariareina.cl\/2025\/wp-json\/wp\/v2\/users\/1"}],"replies":[{"embeddable":true,"href":"https:\/\/colegiomariareina.cl\/2025\/wp-json\/wp\/v2\/comments?post=4963"}],"version-history":[{"count":0,"href":"https:\/\/colegiomariareina.cl\/2025\/wp-json\/wp\/v2\/posts\/4963\/revisions"}],"wp:featuredmedia":[{"embeddable":true,"href":"https:\/\/colegiomariareina.cl\/2025\/wp-json\/"}],"wp:attachment":[{"href":"https:\/\/colegiomariareina.cl\/2025\/wp-json\/wp\/v2\/media?parent=4963"}],"wp:term":[{"taxonomy":"category","embeddable":true,"href":"https:\/\/colegiomariareina.cl\/2025\/wp-json\/wp\/v2\/categories?post=4963"},{"taxonomy":"post_tag","embeddable":true,"href":"https:\/\/colegiomariareina.cl\/2025\/wp-json\/wp\/v2\/tags?post=4963"}],"curies":[{"name":"wp","href":"https:\/\/api.w.org\/{rel}","templated":true}]}}