{"id":5030,"date":"2015-11-23T16:04:43","date_gmt":"2015-11-23T16:04:43","guid":{"rendered":"http:\/\/colegiomariareina.cl\/2013\/?p=5030"},"modified":"2015-11-23T16:04:43","modified_gmt":"2015-11-23T16:04:43","slug":"primer-concurso-de-debate-18-de-noviembre-de-2015","status":"publish","type":"post","link":"https:\/\/colegiomariareina.cl\/2025\/primer-concurso-de-debate-18-de-noviembre-de-2015\/","title":{"rendered":"PRIMER CONCURSO DE DEBATE.- 18 de Noviembre de 2015"},"content":{"rendered":"<p align=\"center\"><b><i><span style=\"text-decoration: underline;\">PRIMER CONCURSO DE DEBATE<\/span><\/i><\/b><\/p>\n<p style=\"text-align: justify;\">\u00a0 \u00a0En el mes de octubre reci\u00e9n pasado tuvo lugar en el Colegio Mar\u00eda Reina Inmaculada el Primer Torneo de Debate, organizado por el Departamento de Lenguaje.<\/p>\n<p style=\"text-align: justify;\">\u00a0 \u00a0En esta oportunidad participaron estudiantes desde 7\u00b0 b\u00e1sico a 4\u00b0 medio, quienes se vieron enfrentados a tem\u00e1ticas como: \u201cSe debe prohibir la caza de perros salvajes en Chile\u201d; \u201cChile debe dar una salida al mar a Bolivia\u201d y \u201cEducaci\u00f3n gratuita\u201d los diversos equipos tuvieron que defender posturas a favor o en contra seg\u00fan lo decidiera el azar.<\/p>\n<p style=\"text-align: justify;\">\u00a0 \u00a0Todos los participantes, nuevos en el mundo del debate, mostraron un gran nivel inicial. Tras una re\u00f1ida ronda clasificatoria y una emocionante final, los equipos ganadores fueron de 7\u00b0 b\u00e1sico, 2\u00b0 y 3\u00b0 medio.<\/p>\n<p style=\"text-align: justify;\">\u00a0 \u00a0Estos torneos de debate tienen como funci\u00f3n ayudar a los estudiantes en el arte de la Oratoria, en sus herramientas y estrategias, as\u00ed como el facilitarles el aprender a hablar en p\u00fablico y a desenvolverse delante de otras personas. Son estas aptitudes que sin duda les servir\u00e1n en el d\u00eda de ma\u00f1ana para desenvolverse en el mundo laboral.<\/p>\n<p style=\"text-align: justify;\"><a href=\"http:\/\/colegiomariareina.cl\/2013\/wp-content\/uploads\/2015\/11\/DSC01385.jpg\"><img loading=\"lazy\" decoding=\"async\" class=\"alignleft size-thumbnail wp-image-5029\" alt=\"DSC01385\" src=\"http:\/\/colegiomariareina.cl\/2013\/wp-content\/uploads\/2015\/11\/DSC01385-100x100.jpg\" width=\"100\" height=\"100\" \/><\/a> <a href=\"http:\/\/colegiomariareina.cl\/2013\/wp-content\/uploads\/2015\/11\/DSC01382.jpg\"><img loading=\"lazy\" decoding=\"async\" class=\"alignleft size-thumbnail wp-image-5028\" alt=\"DSC01382\" src=\"http:\/\/colegiomariareina.cl\/2013\/wp-content\/uploads\/2015\/11\/DSC01382-100x100.jpg\" width=\"100\" height=\"100\" \/><\/a> <a href=\"http:\/\/colegiomariareina.cl\/2013\/wp-content\/uploads\/2015\/11\/DSC01379.jpg\"><img loading=\"lazy\" decoding=\"async\" class=\"alignleft size-thumbnail wp-image-5027\" alt=\"DSC01379\" src=\"http:\/\/colegiomariareina.cl\/2013\/wp-content\/uploads\/2015\/11\/DSC01379-100x100.jpg\" width=\"100\" height=\"100\" \/><\/a> <a href=\"http:\/\/colegiomariareina.cl\/2013\/wp-content\/uploads\/2015\/11\/DSC01376.jpg\"><img loading=\"lazy\" decoding=\"async\" class=\"alignleft size-thumbnail wp-image-5026\" alt=\"DSC01376\" src=\"http:\/\/colegiomariareina.cl\/2013\/wp-content\/uploads\/2015\/11\/DSC01376-100x100.jpg\" width=\"100\" height=\"100\" \/><\/a> <a href=\"http:\/\/colegiomariareina.cl\/2013\/wp-content\/uploads\/2015\/11\/DSC01373.jpg\"><img loading=\"lazy\" decoding=\"async\" class=\"alignleft size-thumbnail wp-image-5025\" alt=\"DSC01373\" src=\"http:\/\/colegiomariareina.cl\/2013\/wp-content\/uploads\/2015\/11\/DSC01373-100x100.jpg\" width=\"100\" height=\"100\" \/><\/a> <a href=\"http:\/\/colegiomariareina.cl\/2013\/wp-content\/uploads\/2015\/11\/DSC01353.jpg\"><img loading=\"lazy\" decoding=\"async\" class=\"alignleft size-thumbnail wp-image-5024\" alt=\"DSC01353\" src=\"http:\/\/colegiomariareina.cl\/2013\/wp-content\/uploads\/2015\/11\/DSC01353-100x100.jpg\" width=\"100\" height=\"100\" \/><\/a> <a href=\"http:\/\/colegiomariareina.cl\/2013\/wp-content\/uploads\/2015\/11\/DSC01351.jpg\"><img loading=\"lazy\" decoding=\"async\" class=\"alignleft size-thumbnail wp-image-5023\" alt=\"DSC01351\" src=\"http:\/\/colegiomariareina.cl\/2013\/wp-content\/uploads\/2015\/11\/DSC01351-100x100.jpg\" width=\"100\" height=\"100\" \/><\/a> <a href=\"http:\/\/colegiomariareina.cl\/2013\/wp-content\/uploads\/2015\/11\/DSC01338.jpg\"><img loading=\"lazy\" decoding=\"async\" class=\"alignleft size-thumbnail wp-image-5022\" alt=\"DSC01338\" src=\"http:\/\/colegiomariareina.cl\/2013\/wp-content\/uploads\/2015\/11\/DSC01338-100x100.jpg\" width=\"100\" height=\"100\" \/><\/a> <a href=\"http:\/\/colegiomariareina.cl\/2013\/wp-content\/uploads\/2015\/11\/DSC01331.jpg\"><img loading=\"lazy\" decoding=\"async\" class=\"alignleft size-thumbnail wp-image-5021\" alt=\"DSC01331\" src=\"http:\/\/colegiomariareina.cl\/2013\/wp-content\/uploads\/2015\/11\/DSC01331-100x100.jpg\" width=\"100\" height=\"100\" \/><\/a> <a href=\"http:\/\/colegiomariareina.cl\/2013\/wp-content\/uploads\/2015\/11\/DSC01328.jpg\"><img loading=\"lazy\" decoding=\"async\" class=\"alignleft size-thumbnail wp-image-5020\" alt=\"DSC01328\" src=\"http:\/\/colegiomariareina.cl\/2013\/wp-content\/uploads\/2015\/11\/DSC01328-100x100.jpg\" width=\"100\" height=\"100\" \/><\/a> <a href=\"http:\/\/colegiomariareina.cl\/2013\/wp-content\/uploads\/2015\/11\/DSC01326.jpg\"><img loading=\"lazy\" decoding=\"async\" class=\"alignleft size-thumbnail wp-image-5019\" alt=\"DSC01326\" src=\"http:\/\/colegiomariareina.cl\/2013\/wp-content\/uploads\/2015\/11\/DSC01326-100x100.jpg\" width=\"100\" height=\"100\" \/><\/a> <a href=\"http:\/\/colegiomariareina.cl\/2013\/wp-content\/uploads\/2015\/11\/DSC01316.jpg\"><img loading=\"lazy\" decoding=\"async\" class=\"alignleft size-thumbnail wp-image-5018\" alt=\"DSC01316\" src=\"http:\/\/colegiomariareina.cl\/2013\/wp-content\/uploads\/2015\/11\/DSC01316-100x100.jpg\" width=\"100\" height=\"100\" \/><\/a> <a href=\"http:\/\/colegiomariareina.cl\/2013\/wp-content\/uploads\/2015\/11\/DSC01313.jpg\"><img loading=\"lazy\" decoding=\"async\" class=\"alignleft size-thumbnail wp-image-5017\" alt=\"DSC01313\" src=\"http:\/\/colegiomariareina.cl\/2013\/wp-content\/uploads\/2015\/11\/DSC01313-100x100.jpg\" width=\"100\" height=\"100\" \/><\/a> <a href=\"http:\/\/colegiomariareina.cl\/2013\/wp-content\/uploads\/2015\/11\/DSC01311.jpg\"><img loading=\"lazy\" decoding=\"async\" class=\"alignleft size-thumbnail wp-image-5016\" alt=\"DSC01311\" src=\"http:\/\/colegiomariareina.cl\/2013\/wp-content\/uploads\/2015\/11\/DSC01311-100x100.jpg\" width=\"100\" height=\"100\" \/><\/a> <a href=\"http:\/\/colegiomariareina.cl\/2013\/wp-content\/uploads\/2015\/11\/DSC01308.jpg\"><img loading=\"lazy\" decoding=\"async\" class=\"alignleft size-thumbnail wp-image-5015\" alt=\"DSC01308\" src=\"http:\/\/colegiomariareina.cl\/2013\/wp-content\/uploads\/2015\/11\/DSC01308-100x100.jpg\" width=\"100\" height=\"100\" \/><\/a> <a href=\"http:\/\/colegiomariareina.cl\/2013\/wp-content\/uploads\/2015\/11\/DSC01304.jpg\"><img loading=\"lazy\" decoding=\"async\" class=\"alignleft size-thumbnail wp-image-5014\" alt=\"DSC01304\" src=\"http:\/\/colegiomariareina.cl\/2013\/wp-content\/uploads\/2015\/11\/DSC01304-100x100.jpg\" width=\"100\" height=\"100\" \/><\/a> <a href=\"http:\/\/colegiomariareina.cl\/2013\/wp-content\/uploads\/2015\/11\/DSC01302.jpg\"><img loading=\"lazy\" decoding=\"async\" class=\"alignleft size-thumbnail wp-image-5013\" alt=\"DSC01302\" src=\"http:\/\/colegiomariareina.cl\/2013\/wp-content\/uploads\/2015\/11\/DSC01302-100x100.jpg\" width=\"100\" height=\"100\" \/><\/a> <a href=\"http:\/\/colegiomariareina.cl\/2013\/wp-content\/uploads\/2015\/11\/DSC01301.jpg\"><img loading=\"lazy\" decoding=\"async\" class=\"alignleft size-thumbnail wp-image-5012\" alt=\"DSC01301\" src=\"http:\/\/colegiomariareina.cl\/2013\/wp-content\/uploads\/2015\/11\/DSC01301-100x100.jpg\" width=\"100\" height=\"100\" \/><\/a><\/p>\n","protected":false},"excerpt":{"rendered":"<p>PRIMER CONCURSO DE DEBATE \u00a0 \u00a0En el mes de octubre reci\u00e9n pasado tuvo lugar en el Colegio Mar\u00eda Reina Inmaculada el Primer Torneo de Debate, organizado por el Departamento de Lenguaje. \u00a0 \u00a0En esta oportunidad participaron estudiantes desde 7\u00b0 b\u00e1sico a 4\u00b0 medio, quienes se vieron enfrentados a tem\u00e1ticas como: \u201cSe debe prohibir la caza [&hellip;]<\/p>\n","protected":false},"author":1,"featured_media":5024,"comment_status":"open","ping_status":"open","sticky":false,"template":"","format":"standard","meta":{"_et_pb_use_builder":"","_et_pb_old_content":"","_et_gb_content_width":"","footnotes":""},"categories":[3],"tags":[],"class_list":["post-5030","post","type-post","status-publish","format-standard","has-post-thumbnail","hentry","category-noticias"],"_links":{"self":[{"href":"https:\/\/colegiomariareina.cl\/2025\/wp-json\/wp\/v2\/posts\/5030","targetHints":{"allow":["GET"]}}],"collection":[{"href":"https:\/\/colegiomariareina.cl\/2025\/wp-json\/wp\/v2\/posts"}],"about":[{"href":"https:\/\/colegiomariareina.cl\/2025\/wp-json\/wp\/v2\/types\/post"}],"author":[{"embeddable":true,"href":"https:\/\/colegiomariareina.cl\/2025\/wp-json\/wp\/v2\/users\/1"}],"replies":[{"embeddable":true,"href":"https:\/\/colegiomariareina.cl\/2025\/wp-json\/wp\/v2\/comments?post=5030"}],"version-history":[{"count":0,"href":"https:\/\/colegiomariareina.cl\/2025\/wp-json\/wp\/v2\/posts\/5030\/revisions"}],"wp:featuredmedia":[{"embeddable":true,"href":"https:\/\/colegiomariareina.cl\/2025\/wp-json\/"}],"wp:attachment":[{"href":"https:\/\/colegiomariareina.cl\/2025\/wp-json\/wp\/v2\/media?parent=5030"}],"wp:term":[{"taxonomy":"category","embeddable":true,"href":"https:\/\/colegiomariareina.cl\/2025\/wp-json\/wp\/v2\/categories?post=5030"},{"taxonomy":"post_tag","embeddable":true,"href":"https:\/\/colegiomariareina.cl\/2025\/wp-json\/wp\/v2\/tags?post=5030"}],"curies":[{"name":"wp","href":"https:\/\/api.w.org\/{rel}","templated":true}]}}