{"id":5048,"date":"2015-11-23T16:32:43","date_gmt":"2015-11-23T16:32:43","guid":{"rendered":"http:\/\/colegiomariareina.cl\/2013\/?p=5048"},"modified":"2018-06-08T21:33:23","modified_gmt":"2018-06-08T21:33:23","slug":"dia-de-la-educacion-parvularia-y-del-educador-de-parvulos-16-de-noviembre-de-2015","status":"publish","type":"post","link":"https:\/\/colegiomariareina.cl\/2025\/dia-de-la-educacion-parvularia-y-del-educador-de-parvulos-16-de-noviembre-de-2015\/","title":{"rendered":"D\u00eda de la Educaci\u00f3n Parvularia y del Educador de P\u00e1rvulos.- 16 de Noviembre de 2015"},"content":{"rendered":"<p><iframe loading=\"lazy\" src=\"https:\/\/www.youtube.com\/embed\/XBQOHxl78CU\" height=\"315\" width=\"560\" allowfullscreen=\"\" frameborder=\"0\"><\/iframe><\/p>\n<div>\n<p style=\"text-align: justify;\">Con un emotivo Acto C\u00edvico se celebr\u00f3 el d\u00eda de hoy a nuestras Educadoras de P\u00e1rvulos. \u00c9ste d\u00eda, oficialmente\u00a0 se celebra el\u00a0<a title=\"22 de noviembre\" href=\"https:\/\/es.wikipedia.org\/wiki\/22_de_noviembre\">22 de noviembre<\/a>, fecha que corresponde a la creaci\u00f3n, en\u00a0<a title=\"1944\" href=\"https:\/\/es.wikipedia.org\/wiki\/1944\">1944<\/a>, de la primera escuela de\u00a0<a title=\"Educaci\u00f3n Parvularia (a\u00fan no redactado)\" href=\"https:\/\/es.wikipedia.org\/w\/index.php?title=Educaci%C3%B3n_Parvularia&amp;action=edit&amp;redlink=1\">Educaci\u00f3n Parvularia<\/a>\u00a0en la\u00a0<a title=\"Universidad de Chile\" href=\"https:\/\/es.wikipedia.org\/wiki\/Universidad_de_Chile\">Universidad de Chile<\/a>.<\/p>\n<\/div>\n<p style=\"text-align: justify;\">\u00a0 En esta ocasi\u00f3n, los segundos b\u00e1sicos de nuestro colegio homenajearon a\u00a0 unas emocionadas t\u00edas que vieron dirigir, animar y bailar a sus ex alumnos. De manos de nuestro Inspector General profesor Alejandro Allendes recibieron un hermoso ramo de flores y terminaron emocion\u00e1ndose viendo un lindo video con su historia en el colegio y\u00a0 diversos saludos de ex alumnos e hijos.<\/p>\n<p style=\"text-align: justify;\">\u00a0 \u00a0Felicidades a todas nuestras Educadoras de P\u00e1rvulos por su importante trabajo y dedicaci\u00f3n.<\/p>\n<p style=\"text-align: justify;\"><a href=\"http:\/\/colegiomariareina.cl\/2013\/wp-content\/uploads\/2015\/11\/DSC01635.jpg\"><img loading=\"lazy\" decoding=\"async\" class=\"alignleft size-thumbnail wp-image-5047\" alt=\"DSC01635\" src=\"http:\/\/colegiomariareina.cl\/2013\/wp-content\/uploads\/2015\/11\/DSC01635-100x100.jpg\" width=\"100\" height=\"100\" \/><\/a> <a href=\"http:\/\/colegiomariareina.cl\/2013\/wp-content\/uploads\/2015\/11\/DSC01634.jpg\"><img loading=\"lazy\" decoding=\"async\" class=\"alignleft size-thumbnail wp-image-5046\" alt=\"DSC01634\" src=\"http:\/\/colegiomariareina.cl\/2013\/wp-content\/uploads\/2015\/11\/DSC01634-100x100.jpg\" width=\"100\" height=\"100\" \/><\/a> <a href=\"http:\/\/colegiomariareina.cl\/2013\/wp-content\/uploads\/2015\/11\/DSC01631.jpg\"><img loading=\"lazy\" decoding=\"async\" class=\"alignleft size-thumbnail wp-image-5045\" alt=\"DSC01631\" src=\"http:\/\/colegiomariareina.cl\/2013\/wp-content\/uploads\/2015\/11\/DSC01631-100x100.jpg\" width=\"100\" height=\"100\" \/><\/a> <a href=\"http:\/\/colegiomariareina.cl\/2013\/wp-content\/uploads\/2015\/11\/DSC01629.jpg\"><img loading=\"lazy\" decoding=\"async\" class=\"alignleft size-thumbnail wp-image-5044\" alt=\"DSC01629\" src=\"http:\/\/colegiomariareina.cl\/2013\/wp-content\/uploads\/2015\/11\/DSC01629-100x100.jpg\" width=\"100\" height=\"100\" \/><\/a> <a href=\"http:\/\/colegiomariareina.cl\/2013\/wp-content\/uploads\/2015\/11\/DSC01627.jpg\"><img loading=\"lazy\" decoding=\"async\" class=\"alignleft size-thumbnail wp-image-5043\" alt=\"DSC01627\" src=\"http:\/\/colegiomariareina.cl\/2013\/wp-content\/uploads\/2015\/11\/DSC01627-100x100.jpg\" width=\"100\" height=\"100\" \/><\/a> <a href=\"http:\/\/colegiomariareina.cl\/2013\/wp-content\/uploads\/2015\/11\/DSC01620.jpg\"><img loading=\"lazy\" decoding=\"async\" class=\"alignleft size-thumbnail wp-image-5042\" alt=\"DSC01620\" src=\"http:\/\/colegiomariareina.cl\/2013\/wp-content\/uploads\/2015\/11\/DSC01620-100x100.jpg\" width=\"100\" height=\"100\" \/><\/a> <a href=\"http:\/\/colegiomariareina.cl\/2013\/wp-content\/uploads\/2015\/11\/DSC01617.jpg\"><img loading=\"lazy\" decoding=\"async\" class=\"alignleft size-thumbnail wp-image-5041\" alt=\"DSC01617\" src=\"http:\/\/colegiomariareina.cl\/2013\/wp-content\/uploads\/2015\/11\/DSC01617-100x100.jpg\" width=\"100\" height=\"100\" \/><\/a> <a href=\"http:\/\/colegiomariareina.cl\/2013\/wp-content\/uploads\/2015\/11\/DSC01613.jpg\"><img loading=\"lazy\" decoding=\"async\" class=\"alignleft size-thumbnail wp-image-5040\" alt=\"DSC01613\" src=\"http:\/\/colegiomariareina.cl\/2013\/wp-content\/uploads\/2015\/11\/DSC01613-100x100.jpg\" width=\"100\" height=\"100\" \/><\/a> <a href=\"http:\/\/colegiomariareina.cl\/2013\/wp-content\/uploads\/2015\/11\/DSC01612.jpg\"><img loading=\"lazy\" decoding=\"async\" class=\"alignleft size-thumbnail wp-image-5039\" alt=\"DSC01612\" src=\"http:\/\/colegiomariareina.cl\/2013\/wp-content\/uploads\/2015\/11\/DSC01612-100x100.jpg\" width=\"100\" height=\"100\" \/><\/a> <a href=\"http:\/\/colegiomariareina.cl\/2013\/wp-content\/uploads\/2015\/11\/DSC01611.jpg\"><img loading=\"lazy\" decoding=\"async\" class=\"alignleft size-thumbnail wp-image-5038\" alt=\"DSC01611\" src=\"http:\/\/colegiomariareina.cl\/2013\/wp-content\/uploads\/2015\/11\/DSC01611-100x100.jpg\" width=\"100\" height=\"100\" \/><\/a> <a href=\"http:\/\/colegiomariareina.cl\/2013\/wp-content\/uploads\/2015\/11\/DSC01606.jpg\"><img loading=\"lazy\" decoding=\"async\" class=\"alignleft size-thumbnail wp-image-5037\" alt=\"DSC01606\" src=\"http:\/\/colegiomariareina.cl\/2013\/wp-content\/uploads\/2015\/11\/DSC01606-100x100.jpg\" width=\"100\" height=\"100\" \/><\/a> <a href=\"http:\/\/colegiomariareina.cl\/2013\/wp-content\/uploads\/2015\/11\/DSC01604.jpg\"><img loading=\"lazy\" decoding=\"async\" class=\"alignleft size-thumbnail wp-image-5036\" alt=\"DSC01604\" src=\"http:\/\/colegiomariareina.cl\/2013\/wp-content\/uploads\/2015\/11\/DSC01604-100x100.jpg\" width=\"100\" height=\"100\" \/><\/a><\/p>\n","protected":false},"excerpt":{"rendered":"<p>Con un emotivo Acto C\u00edvico se celebr\u00f3 el d\u00eda de hoy a nuestras Educadoras de P\u00e1rvulos. \u00c9ste d\u00eda, oficialmente\u00a0 se celebra el\u00a022 de noviembre, fecha que corresponde a la creaci\u00f3n, en\u00a01944, de la primera escuela de\u00a0Educaci\u00f3n Parvularia\u00a0en la\u00a0Universidad de Chile. \u00a0 En esta ocasi\u00f3n, los segundos b\u00e1sicos de nuestro colegio homenajearon a\u00a0 unas emocionadas t\u00edas [&hellip;]<\/p>\n","protected":false},"author":1,"featured_media":5045,"comment_status":"open","ping_status":"open","sticky":false,"template":"","format":"standard","meta":{"_et_pb_use_builder":"","_et_pb_old_content":"","_et_gb_content_width":"","footnotes":""},"categories":[3],"tags":[],"class_list":["post-5048","post","type-post","status-publish","format-standard","has-post-thumbnail","hentry","category-noticias"],"_links":{"self":[{"href":"https:\/\/colegiomariareina.cl\/2025\/wp-json\/wp\/v2\/posts\/5048","targetHints":{"allow":["GET"]}}],"collection":[{"href":"https:\/\/colegiomariareina.cl\/2025\/wp-json\/wp\/v2\/posts"}],"about":[{"href":"https:\/\/colegiomariareina.cl\/2025\/wp-json\/wp\/v2\/types\/post"}],"author":[{"embeddable":true,"href":"https:\/\/colegiomariareina.cl\/2025\/wp-json\/wp\/v2\/users\/1"}],"replies":[{"embeddable":true,"href":"https:\/\/colegiomariareina.cl\/2025\/wp-json\/wp\/v2\/comments?post=5048"}],"version-history":[{"count":1,"href":"https:\/\/colegiomariareina.cl\/2025\/wp-json\/wp\/v2\/posts\/5048\/revisions"}],"predecessor-version":[{"id":10580,"href":"https:\/\/colegiomariareina.cl\/2025\/wp-json\/wp\/v2\/posts\/5048\/revisions\/10580"}],"wp:featuredmedia":[{"embeddable":true,"href":"https:\/\/colegiomariareina.cl\/2025\/wp-json\/"}],"wp:attachment":[{"href":"https:\/\/colegiomariareina.cl\/2025\/wp-json\/wp\/v2\/media?parent=5048"}],"wp:term":[{"taxonomy":"category","embeddable":true,"href":"https:\/\/colegiomariareina.cl\/2025\/wp-json\/wp\/v2\/categories?post=5048"},{"taxonomy":"post_tag","embeddable":true,"href":"https:\/\/colegiomariareina.cl\/2025\/wp-json\/wp\/v2\/tags?post=5048"}],"curies":[{"name":"wp","href":"https:\/\/api.w.org\/{rel}","templated":true}]}}