{"id":5373,"date":"2016-03-10T14:54:47","date_gmt":"2016-03-10T14:54:47","guid":{"rendered":"http:\/\/colegiomariareina.cl\/2013\/?p=5373"},"modified":"2018-06-08T21:32:51","modified_gmt":"2018-06-08T21:32:51","slug":"envio-comunicacion-para-reunion-de-apoderado","status":"publish","type":"post","link":"https:\/\/colegiomariareina.cl\/2025\/envio-comunicacion-para-reunion-de-apoderado\/","title":{"rendered":"COMUNICACI\u00d3N PARA REUNI\u00d3N DE APODERADO"},"content":{"rendered":"<h2 style=\"text-align: center;\">\u00a0<span style=\"color: #3366ff;\"><a href=\"http:\/\/colegiomariareina.cl\/2013\/wp-content\/uploads\/2016\/03\/PRIMERA-REUNION.png\"><span style=\"color: #3366ff;\">COMUNICACI\u00d3N PARA REUNI\u00d3N DE APODERADO<\/span><\/a><\/span><\/h2>\n<p style=\"text-align: left;\">Se\u00f1or apoderado:<\/p>\n<p style=\"text-align: justify;\">\u00a0 \u00a0 \u00a0Antes que todo queremos desear un a\u00f1o lleno de \u00e9xitos tanto familiares como personales.<\/p>\n<p style=\"text-align: justify;\">\u00a0 \u00a0 \u00a0 \u00a0 Queremos extender la siguiente comunicaci\u00f3n para informar a usted que este Mi\u00e9rcoles <strong>16 de Marzo<\/strong>, se realizar\u00e1 la primera reuni\u00f3n de apoderado a las <strong>19:00 \u00a0<\/strong>horas.<\/p>\n<p style=\"text-align: justify;\">\u00a0 \u00a0 \u00a0 Por \u00faltimo, queremos invitarlos a participar de la Eucarist\u00eda de inicio de a\u00f1o escolar en conmemoraci\u00f3n del patrono San Jos\u00e9, junto a todos los alumnos y personal del colegio, el pr\u00f3ximo Viernes <strong>18 de Marzo<\/strong>, a las <strong>08:30<\/strong> horas. Venga y sea parte de este especial momento.<\/p>\n<p style=\"text-align: center;\">\u00a0 \u00a0 \u00a0 \u00a0 \u00a0 \u00a0 \u00a0 <span style=\"color: #ffffff;\">.<\/span><\/p>\n<p style=\"text-align: center;\">\u00a0 \u00a0 \u00a0 \u00a0 \u00a0 \u00a0 \u00a0 \u00a0Saluda atentamente a usted<\/p>\n<h4 style=\"text-align: center;\">\u00a0 \u00a0 \u00a0 \u00a0 \u00a0 \u00a0 Inspector General<\/h4>\n<address style=\"text-align: center; padding-left: 60px;\">\u00a0<\/address>\n<address style=\"text-align: center; padding-left: 60px;\"><b><i>Alejandro Allendes Rojas<\/i><\/b><\/address>\n<address style=\"text-align: center; padding-left: 60px;\"><b><i> Profesor General B\u00e1sico<\/i><\/b><\/address>\n<address style=\"text-align: center; padding-left: 60px;\"><b><i>Magister en Educaci\u00f3n Art\u00edstica<\/i><\/b><\/address>\n","protected":false},"excerpt":{"rendered":"<p>\u00a0COMUNICACI\u00d3N PARA REUNI\u00d3N DE APODERADO Se\u00f1or apoderado: \u00a0 \u00a0 \u00a0Antes que todo queremos desear un a\u00f1o lleno de \u00e9xitos tanto familiares como personales. \u00a0 \u00a0 \u00a0 \u00a0 Queremos extender la siguiente comunicaci\u00f3n para informar a usted que este Mi\u00e9rcoles 16 de Marzo, se realizar\u00e1 la primera reuni\u00f3n de apoderado a las 19:00 \u00a0horas. \u00a0 \u00a0 [&hellip;]<\/p>\n","protected":false},"author":1,"featured_media":5383,"comment_status":"open","ping_status":"open","sticky":false,"template":"","format":"standard","meta":{"_et_pb_use_builder":"","_et_pb_old_content":"","_et_gb_content_width":"","footnotes":""},"categories":[3],"tags":[],"class_list":["post-5373","post","type-post","status-publish","format-standard","has-post-thumbnail","hentry","category-noticias"],"_links":{"self":[{"href":"https:\/\/colegiomariareina.cl\/2025\/wp-json\/wp\/v2\/posts\/5373","targetHints":{"allow":["GET"]}}],"collection":[{"href":"https:\/\/colegiomariareina.cl\/2025\/wp-json\/wp\/v2\/posts"}],"about":[{"href":"https:\/\/colegiomariareina.cl\/2025\/wp-json\/wp\/v2\/types\/post"}],"author":[{"embeddable":true,"href":"https:\/\/colegiomariareina.cl\/2025\/wp-json\/wp\/v2\/users\/1"}],"replies":[{"embeddable":true,"href":"https:\/\/colegiomariareina.cl\/2025\/wp-json\/wp\/v2\/comments?post=5373"}],"version-history":[{"count":1,"href":"https:\/\/colegiomariareina.cl\/2025\/wp-json\/wp\/v2\/posts\/5373\/revisions"}],"predecessor-version":[{"id":10576,"href":"https:\/\/colegiomariareina.cl\/2025\/wp-json\/wp\/v2\/posts\/5373\/revisions\/10576"}],"wp:featuredmedia":[{"embeddable":true,"href":"https:\/\/colegiomariareina.cl\/2025\/wp-json\/"}],"wp:attachment":[{"href":"https:\/\/colegiomariareina.cl\/2025\/wp-json\/wp\/v2\/media?parent=5373"}],"wp:term":[{"taxonomy":"category","embeddable":true,"href":"https:\/\/colegiomariareina.cl\/2025\/wp-json\/wp\/v2\/categories?post=5373"},{"taxonomy":"post_tag","embeddable":true,"href":"https:\/\/colegiomariareina.cl\/2025\/wp-json\/wp\/v2\/tags?post=5373"}],"curies":[{"name":"wp","href":"https:\/\/api.w.org\/{rel}","templated":true}]}}