{"id":5413,"date":"2016-03-21T16:16:52","date_gmt":"2016-03-21T16:16:52","guid":{"rendered":"http:\/\/colegiomariareina.cl\/2013\/?p=5413"},"modified":"2018-06-08T21:32:59","modified_gmt":"2018-06-08T21:32:59","slug":"invitacion-a-cuenta-publica","status":"publish","type":"post","link":"https:\/\/colegiomariareina.cl\/2025\/invitacion-a-cuenta-publica\/","title":{"rendered":"INVITACI\u00d3N A CUENTA P\u00daBLICA &#8211; Mi\u00e9rcoles 23 de Marzo"},"content":{"rendered":"<p style=\"text-align: center;\"><a href=\"http:\/\/colegiomariareina.cl\/2013\/wp-content\/uploads\/2016\/03\/invitaci\u00f3n-a-cuenta-p\u00fablica.docx\">BAJAR CIRCULAR DE \u00a0INVITACI\u00d3N A CUENTA P\u00daBLICA<\/a><\/p>\n<p style=\"text-align: justify;\">Nuevamente les hacemos esta convocatoria para asistir el <strong>Mi\u00e9rcoles 23 de marzo a las 18:30 hrs.<\/strong> a la presentaci\u00f3n de la \u201cCuenta P\u00fablica\u201d a\u00f1o 2015 y a continuaci\u00f3n a la Asamblea general del Centro de Padres y Apoderados donde Ustedes son pilares importantes para la buena marcha del colegio apoyando nuestro quehacer formativo con cada uno de sus hijos e hijas.<\/p>\n<p style=\"text-align: justify;\">\u00a0 \u00a0 Contamos con su presencia y que Dios rico en misericordia, fortalezca a sus familias.<\/p>\n<h3 style=\"text-align: center;\">Hna. M\u00b0 Dolores Alija Rodr\u00edguez<br \/>\nDirectora<\/h3>\n","protected":false},"excerpt":{"rendered":"<p>BAJAR CIRCULAR DE \u00a0INVITACI\u00d3N A CUENTA P\u00daBLICA Nuevamente les hacemos esta convocatoria para asistir el Mi\u00e9rcoles 23 de marzo a las 18:30 hrs. a la presentaci\u00f3n de la \u201cCuenta P\u00fablica\u201d a\u00f1o 2015 y a continuaci\u00f3n a la Asamblea general del Centro de Padres y Apoderados donde Ustedes son pilares importantes para la buena marcha del [&hellip;]<\/p>\n","protected":false},"author":1,"featured_media":5414,"comment_status":"open","ping_status":"open","sticky":false,"template":"","format":"standard","meta":{"_et_pb_use_builder":"","_et_pb_old_content":"","_et_gb_content_width":"","footnotes":""},"categories":[3],"tags":[],"class_list":["post-5413","post","type-post","status-publish","format-standard","has-post-thumbnail","hentry","category-noticias"],"_links":{"self":[{"href":"https:\/\/colegiomariareina.cl\/2025\/wp-json\/wp\/v2\/posts\/5413","targetHints":{"allow":["GET"]}}],"collection":[{"href":"https:\/\/colegiomariareina.cl\/2025\/wp-json\/wp\/v2\/posts"}],"about":[{"href":"https:\/\/colegiomariareina.cl\/2025\/wp-json\/wp\/v2\/types\/post"}],"author":[{"embeddable":true,"href":"https:\/\/colegiomariareina.cl\/2025\/wp-json\/wp\/v2\/users\/1"}],"replies":[{"embeddable":true,"href":"https:\/\/colegiomariareina.cl\/2025\/wp-json\/wp\/v2\/comments?post=5413"}],"version-history":[{"count":1,"href":"https:\/\/colegiomariareina.cl\/2025\/wp-json\/wp\/v2\/posts\/5413\/revisions"}],"predecessor-version":[{"id":10577,"href":"https:\/\/colegiomariareina.cl\/2025\/wp-json\/wp\/v2\/posts\/5413\/revisions\/10577"}],"wp:featuredmedia":[{"embeddable":true,"href":"https:\/\/colegiomariareina.cl\/2025\/wp-json\/"}],"wp:attachment":[{"href":"https:\/\/colegiomariareina.cl\/2025\/wp-json\/wp\/v2\/media?parent=5413"}],"wp:term":[{"taxonomy":"category","embeddable":true,"href":"https:\/\/colegiomariareina.cl\/2025\/wp-json\/wp\/v2\/categories?post=5413"},{"taxonomy":"post_tag","embeddable":true,"href":"https:\/\/colegiomariareina.cl\/2025\/wp-json\/wp\/v2\/tags?post=5413"}],"curies":[{"name":"wp","href":"https:\/\/api.w.org\/{rel}","templated":true}]}}