{"id":5428,"date":"2016-04-19T12:44:20","date_gmt":"2016-04-19T12:44:20","guid":{"rendered":"http:\/\/colegiomariareina.cl\/2013\/?p=5428"},"modified":"2016-04-19T12:44:20","modified_gmt":"2016-04-19T12:44:20","slug":"5428-2","status":"publish","type":"post","link":"https:\/\/colegiomariareina.cl\/2025\/5428-2\/","title":{"rendered":"INFORMACI\u00d3N DEL CRA.- JUEVES 21 DE ABRIL DE 2016 (Se traslad\u00f3 del 18 al 21, por suspensi\u00f3n de clases)"},"content":{"rendered":"<h2 style=\"text-align: center;\"><b>INFORMACI\u00d3N DEL CRA<\/b><\/h2>\n<p style=\"text-align: center;\"><b>\u00a0<\/b><b>RECITAL PO\u00c9TICO \u201cGABRIELA MISTRAL\u201d<\/b><\/p>\n<p style=\"text-align: center;\"><b>\u00a0<\/b><b>JUEVES 21 DE ABRIL DE 2016 (Se traslad\u00f3 del 18 al 21, por suspensi\u00f3n de clases)<\/b><\/p>\n<p style=\"text-align: center;\"><b>Como homenaje a Gabriela Mistral en el mes de su nacimiento, y encuadrado dentro de la Semana del Libro, nuestro Colegio \u201cMar\u00eda Reina Inmaculada\u201d organiza un RECITAL PO\u00c9TICO, con la participaci\u00f3n de todos los cursos. La distribuci\u00f3n horaria es la siguiente:<\/b><\/p>\n<p style=\"text-align: center;\"><b><span style=\"text-decoration: underline;\">Primera sesi\u00f3n:<\/span><\/b><b> Prekinder, Kinder, 1\u00b0, 2\u00b0, 3\u00b0 y 4\u00b0 B\u00e1sicos (Coordinan D. Nelson y Hna. M. Cruz)<\/b><\/p>\n<p style=\"text-align: center;\"><b>Hora: 08:30 a 9:30<\/b><\/p>\n<ul style=\"text-align: center;\">\n<li><b><span style=\"text-decoration: underline;\">Segunda sesi\u00f3n:<\/span><\/b><b> 5\u00b0, 6\u00b0, 7\u00b0 y 8\u00b0 B\u00e1sicos (Coordina la profesora Marcela Rodr\u00edguez)<\/b><\/li>\n<\/ul>\n<p style=\"text-align: center;\"><b>Hora: 10:30 a 11:30<\/b><\/p>\n<ul style=\"text-align: center;\">\n<li><b><span style=\"text-decoration: underline;\">Tercera sesi\u00f3n:<\/span><\/b><b> 1\u00b0, 2\u00b0, 3\u00b0 y 4\u00b0 Medios (Coordinan D. Nelson y Hna. M. Cruz)<\/b><\/li>\n<\/ul>\n<p style=\"text-align: center;\"><b>Hora: 11:45 a 13:00<\/b><\/p>\n","protected":false},"excerpt":{"rendered":"<p>INFORMACI\u00d3N DEL CRA \u00a0RECITAL PO\u00c9TICO \u201cGABRIELA MISTRAL\u201d \u00a0JUEVES 21 DE ABRIL DE 2016 (Se traslad\u00f3 del 18 al 21, por suspensi\u00f3n de clases) Como homenaje a Gabriela Mistral en el mes de su nacimiento, y encuadrado dentro de la Semana del Libro, nuestro Colegio \u201cMar\u00eda Reina Inmaculada\u201d organiza un RECITAL PO\u00c9TICO, con la participaci\u00f3n de [&hellip;]<\/p>\n","protected":false},"author":1,"featured_media":5437,"comment_status":"open","ping_status":"open","sticky":false,"template":"","format":"standard","meta":{"_et_pb_use_builder":"","_et_pb_old_content":"","_et_gb_content_width":"","footnotes":""},"categories":[3],"tags":[],"class_list":["post-5428","post","type-post","status-publish","format-standard","has-post-thumbnail","hentry","category-noticias"],"_links":{"self":[{"href":"https:\/\/colegiomariareina.cl\/2025\/wp-json\/wp\/v2\/posts\/5428","targetHints":{"allow":["GET"]}}],"collection":[{"href":"https:\/\/colegiomariareina.cl\/2025\/wp-json\/wp\/v2\/posts"}],"about":[{"href":"https:\/\/colegiomariareina.cl\/2025\/wp-json\/wp\/v2\/types\/post"}],"author":[{"embeddable":true,"href":"https:\/\/colegiomariareina.cl\/2025\/wp-json\/wp\/v2\/users\/1"}],"replies":[{"embeddable":true,"href":"https:\/\/colegiomariareina.cl\/2025\/wp-json\/wp\/v2\/comments?post=5428"}],"version-history":[{"count":0,"href":"https:\/\/colegiomariareina.cl\/2025\/wp-json\/wp\/v2\/posts\/5428\/revisions"}],"wp:featuredmedia":[{"embeddable":true,"href":"https:\/\/colegiomariareina.cl\/2025\/wp-json\/"}],"wp:attachment":[{"href":"https:\/\/colegiomariareina.cl\/2025\/wp-json\/wp\/v2\/media?parent=5428"}],"wp:term":[{"taxonomy":"category","embeddable":true,"href":"https:\/\/colegiomariareina.cl\/2025\/wp-json\/wp\/v2\/categories?post=5428"},{"taxonomy":"post_tag","embeddable":true,"href":"https:\/\/colegiomariareina.cl\/2025\/wp-json\/wp\/v2\/tags?post=5428"}],"curies":[{"name":"wp","href":"https:\/\/api.w.org\/{rel}","templated":true}]}}