{"id":5445,"date":"2016-04-17T23:24:25","date_gmt":"2016-04-17T23:24:25","guid":{"rendered":"http:\/\/colegiomariareina.cl\/2013\/?p=5445"},"modified":"2018-06-08T21:32:44","modified_gmt":"2018-06-08T21:32:44","slug":"suspension-de-clases-por-inclemencia-de-tiempo-lunes-18-de-abril","status":"publish","type":"post","link":"https:\/\/colegiomariareina.cl\/2025\/suspension-de-clases-por-inclemencia-de-tiempo-lunes-18-de-abril\/","title":{"rendered":"SUSPENSI\u00d3N DE CLASES POR INCLEMENCIA DE TIEMPO .- Lunes 18 de Abril"},"content":{"rendered":"<h2 style=\"text-align: justify;\">\u00a0 \u00a0 Informamos a toda la Comunidad Educativa del Colegio M\u00b0 Reina Inmaculada, que dada las inclemencias del tiempo, la Direcci\u00f3n del Colegio ha tomado la decisi\u00f3n de suspender las clases por el d\u00eda de ma\u00f1ana <span style=\"color: #ff0000;\"><strong>L<\/strong><strong>unes 18 de Abril<\/strong><\/span> y se retoman el d\u00eda <span style=\"color: #000000;\"><strong>Martes 19<\/strong><\/span> del presente.<\/h2>\n<h2 style=\"text-align: justify;\">\u00a0 \u00a0 El personal que <strong>no tenga problema de llegar<\/strong> , deben asisitir a su trabajo.<\/h2>\n<p>&nbsp;<\/p>\n<p>&nbsp;<\/p>\n<h2 style=\"text-align: center;\">Saludos<\/h2>\n<p>&nbsp;<\/p>\n<h2 style=\"text-align: center;\">Hna. M\u00b0 Dolores Alija J.T.<\/h2>\n<h2 style=\"text-align: center;\">Colegio M\u00b0 Reina Inmaculada<\/h2>\n","protected":false},"excerpt":{"rendered":"<p>\u00a0 \u00a0 Informamos a toda la Comunidad Educativa del Colegio M\u00b0 Reina Inmaculada, que dada las inclemencias del tiempo, la Direcci\u00f3n del Colegio ha tomado la decisi\u00f3n de suspender las clases por el d\u00eda de ma\u00f1ana Lunes 18 de Abril y se retoman el d\u00eda Martes 19 del presente. \u00a0 \u00a0 El personal que no [&hellip;]<\/p>\n","protected":false},"author":1,"featured_media":5458,"comment_status":"open","ping_status":"open","sticky":false,"template":"","format":"standard","meta":{"_et_pb_use_builder":"","_et_pb_old_content":"","_et_gb_content_width":"","footnotes":""},"categories":[3],"tags":[],"class_list":["post-5445","post","type-post","status-publish","format-standard","has-post-thumbnail","hentry","category-noticias"],"_links":{"self":[{"href":"https:\/\/colegiomariareina.cl\/2025\/wp-json\/wp\/v2\/posts\/5445","targetHints":{"allow":["GET"]}}],"collection":[{"href":"https:\/\/colegiomariareina.cl\/2025\/wp-json\/wp\/v2\/posts"}],"about":[{"href":"https:\/\/colegiomariareina.cl\/2025\/wp-json\/wp\/v2\/types\/post"}],"author":[{"embeddable":true,"href":"https:\/\/colegiomariareina.cl\/2025\/wp-json\/wp\/v2\/users\/1"}],"replies":[{"embeddable":true,"href":"https:\/\/colegiomariareina.cl\/2025\/wp-json\/wp\/v2\/comments?post=5445"}],"version-history":[{"count":1,"href":"https:\/\/colegiomariareina.cl\/2025\/wp-json\/wp\/v2\/posts\/5445\/revisions"}],"predecessor-version":[{"id":10575,"href":"https:\/\/colegiomariareina.cl\/2025\/wp-json\/wp\/v2\/posts\/5445\/revisions\/10575"}],"wp:featuredmedia":[{"embeddable":true,"href":"https:\/\/colegiomariareina.cl\/2025\/wp-json\/"}],"wp:attachment":[{"href":"https:\/\/colegiomariareina.cl\/2025\/wp-json\/wp\/v2\/media?parent=5445"}],"wp:term":[{"taxonomy":"category","embeddable":true,"href":"https:\/\/colegiomariareina.cl\/2025\/wp-json\/wp\/v2\/categories?post=5445"},{"taxonomy":"post_tag","embeddable":true,"href":"https:\/\/colegiomariareina.cl\/2025\/wp-json\/wp\/v2\/tags?post=5445"}],"curies":[{"name":"wp","href":"https:\/\/api.w.org\/{rel}","templated":true}]}}