{"id":5494,"date":"2016-05-16T19:12:16","date_gmt":"2016-05-16T19:12:16","guid":{"rendered":"http:\/\/colegiomariareina.cl\/2013\/?p=5494"},"modified":"2018-06-08T21:32:23","modified_gmt":"2018-06-08T21:32:23","slug":"invitacion-eucaristia-santisima-trinidad","status":"publish","type":"post","link":"https:\/\/colegiomariareina.cl\/2025\/invitacion-eucaristia-santisima-trinidad\/","title":{"rendered":"INVITACI\u00d3N EUCARIST\u00cdA SANT\u00cdSIMA TRINIDAD"},"content":{"rendered":"<p align=\"center\"><b>\u00a0\u00a0Hemos recibido un Carisma de Alabanza.<\/b><\/p>\n<p align=\"center\"><b>Demos gloria al Dios Trinidad con el coraz\u00f3n y con la\u00a0 vida.(P.E)<\/b><\/p>\n<p align=\"center\"><b>\u00a0<\/b><\/p>\n<p align=\"center\"><b>SEMANA TRINITARIA<\/b><\/p>\n<p style=\"text-align: justify;\">Estimadas familias:<\/p>\n<p style=\"text-align: justify;\">\u00a0\u00a0\u00a0\u00a0\u00a0\u00a0\u00a0\u00a0\u00a0\u00a0\u00a0 El Carisma de familia que brota de la Espiritualidad que nos dej\u00f3 nuestro fundador, venerable Padre Eladio Mozas, \u00a0se hace realidad cada vez que participamos con alegr\u00eda \u00a0y entusiasmo en las distintas actividades a las que somos convocados por el Colegio a trav\u00e9s de sus Estamentos.<\/p>\n<p style=\"text-align: justify;\">\u00a0\u00a0\u00a0\u00a0\u00a0\u00a0\u00a0\u00a0\u00a0\u00a0\u00a0 El domingo 22 de mayo, la Iglesia\u00a0 Cat\u00f3lica celebra la festividad de la Stma. Trinidad,\u00a0 que forma parte de\u00a0 la espiritualidad que impregna nuestro Proyecto Educativo como colegio de Iglesia.<\/p>\n<p style=\"text-align: justify;\"><b>Este\u00a0 viernes 20 a las 18,30 hrs. \u00a0les invitamos a celebra esta gran fiesta con una Solemne Eucarist\u00eda en\u00a0 el gimnasio de nuestro Colegio , junto a las\u00a0 Religiosas , Docentes,\u00a0 Asistentes de la Educaci\u00f3n y todos los integrantes de nuestras pastorales: Infancia Misionera, Pre-juvenil, Sacramental, ,Pastoral familiar, Laicos J.T.<\/b><\/p>\n<p style=\"text-align: justify;\">Deseamos contar con su presencia donde Dios Trinidad- Dios Familia, \u00a0nos re\u00fane para fortalecer la unidad \u00a0y el amor familiar participando en \u00a0la mesa de su Pan y su Palabra.<\/p>\n<p style=\"text-align: justify;\"><b>PD. Este mi\u00e9rcoles 18,\u00a0 todos los alumnos se retirar\u00e1n a las 10,45 hrs. por cambio de actividad indicada por el Ministerio de Educaci\u00f3n, donde todos los Docentes realizar\u00e1n una reflexi\u00f3n al interior de cada Establecimiento, sobre el \u201cMarco de la Buena Ense\u00f1anza\u201d. Solicitamos sean puntuales en hacer el retiro de sus hijos\/as.<\/b><\/p>\n<p style=\"text-align: justify;\">Implorando la bendici\u00f3n del Se\u00f1or para sus familias, saluda atentamente.<\/p>\n<p align=\"center\">Hna. M\u00b0 Dolores Ailja R.<\/p>\n<p>\u00a0\u00a0\u00a0\u00a0\u00a0\u00a0\u00a0\u00a0\u00a0\u00a0\u00a0\u00a0\u00a0\u00a0\u00a0\u00a0\u00a0\u00a0\u00a0\u00a0\u00a0\u00a0\u00a0\u00a0\u00a0\u00a0\u00a0\u00a0\u00a0\u00a0\u00a0\u00a0\u00a0\u00a0\u00a0\u00a0\u00a0\u00a0\u00a0\u00a0\u00a0\u00a0\u00a0\u00a0\u00a0\u00a0\u00a0\u00a0\u00a0\u00a0\u00a0\u00a0\u00a0\u00a0\u00a0\u00a0\u00a0 Directora<\/p>\n","protected":false},"excerpt":{"rendered":"<p>\u00a0\u00a0Hemos recibido un Carisma de Alabanza. Demos gloria al Dios Trinidad con el coraz\u00f3n y con la\u00a0 vida.(P.E) \u00a0 SEMANA TRINITARIA Estimadas familias: \u00a0\u00a0\u00a0\u00a0\u00a0\u00a0\u00a0\u00a0\u00a0\u00a0\u00a0 El Carisma de familia que brota de la Espiritualidad que nos dej\u00f3 nuestro fundador, venerable Padre Eladio Mozas, \u00a0se hace realidad cada vez que participamos con alegr\u00eda \u00a0y entusiasmo en las [&hellip;]<\/p>\n","protected":false},"author":1,"featured_media":5429,"comment_status":"open","ping_status":"open","sticky":false,"template":"","format":"standard","meta":{"_et_pb_use_builder":"","_et_pb_old_content":"","_et_gb_content_width":"","footnotes":""},"categories":[3],"tags":[],"class_list":["post-5494","post","type-post","status-publish","format-standard","has-post-thumbnail","hentry","category-noticias"],"_links":{"self":[{"href":"https:\/\/colegiomariareina.cl\/2025\/wp-json\/wp\/v2\/posts\/5494","targetHints":{"allow":["GET"]}}],"collection":[{"href":"https:\/\/colegiomariareina.cl\/2025\/wp-json\/wp\/v2\/posts"}],"about":[{"href":"https:\/\/colegiomariareina.cl\/2025\/wp-json\/wp\/v2\/types\/post"}],"author":[{"embeddable":true,"href":"https:\/\/colegiomariareina.cl\/2025\/wp-json\/wp\/v2\/users\/1"}],"replies":[{"embeddable":true,"href":"https:\/\/colegiomariareina.cl\/2025\/wp-json\/wp\/v2\/comments?post=5494"}],"version-history":[{"count":1,"href":"https:\/\/colegiomariareina.cl\/2025\/wp-json\/wp\/v2\/posts\/5494\/revisions"}],"predecessor-version":[{"id":10573,"href":"https:\/\/colegiomariareina.cl\/2025\/wp-json\/wp\/v2\/posts\/5494\/revisions\/10573"}],"wp:featuredmedia":[{"embeddable":true,"href":"https:\/\/colegiomariareina.cl\/2025\/wp-json\/"}],"wp:attachment":[{"href":"https:\/\/colegiomariareina.cl\/2025\/wp-json\/wp\/v2\/media?parent=5494"}],"wp:term":[{"taxonomy":"category","embeddable":true,"href":"https:\/\/colegiomariareina.cl\/2025\/wp-json\/wp\/v2\/categories?post=5494"},{"taxonomy":"post_tag","embeddable":true,"href":"https:\/\/colegiomariareina.cl\/2025\/wp-json\/wp\/v2\/tags?post=5494"}],"curies":[{"name":"wp","href":"https:\/\/api.w.org\/{rel}","templated":true}]}}