{"id":5513,"date":"2016-05-25T00:30:41","date_gmt":"2016-05-25T00:30:41","guid":{"rendered":"http:\/\/colegiomariareina.cl\/2013\/?p=5513"},"modified":"2018-06-08T21:32:15","modified_gmt":"2018-06-08T21:32:15","slug":"trilogia-latinoamericana-cuentacuentos-titeres-y-teatro-de-sombras-viernes-27-de-mayo","status":"publish","type":"post","link":"https:\/\/colegiomariareina.cl\/2025\/trilogia-latinoamericana-cuentacuentos-titeres-y-teatro-de-sombras-viernes-27-de-mayo\/","title":{"rendered":"Trilog\u00eda Latinoamericana (Cuentacuentos, T\u00edteres y Teatro de sombras) .-Viernes, 27 de Mayo"},"content":{"rendered":"<h1 style=\"text-align: center;\">INFORMACI\u00d3N DEL CRA<\/h1>\n<p style=\"text-align: center;\">La Compa\u00f1\u00eda \u201cTel\u00f3n Negro\u201d (Cuentacuentos, T\u00edteres y Teatro de sombras\u201d) representar\u00e1, para nuestros alumnos de 4\u00b0 Medio, la <b>Trilog\u00eda Latinoamericana<\/b>:<\/p>\n<ul style=\"text-align: center;\">\n<li>\u201cSolo vine a llamar por tel\u00e9fono\u201d de <span style=\"color: #0000ff;\"><b>Gabriel Garc\u00eda M\u00e1rquez<\/b>.<\/span><\/li>\n<li>\u201cAntipoemas\u201d de <span style=\"color: #0000ff;\"><b>Nicanor Parra<\/b>.<\/span><\/li>\n<li>\u201cEl otro yo\u201d de <span style=\"color: #0000ff;\"><b>Mario Benedetti<\/b>.<\/span><\/li>\n<\/ul>\n<p style=\"text-align: center;\"><b>Lugar<\/b>: Biblioteca del Colegio.<\/p>\n<p style=\"text-align: center;\"><b>D\u00eda<\/b>: <span style=\"color: #ff00ff;\">Viernes, 27 de mayo.<\/span><\/p>\n<p style=\"text-align: center;\"><b>Hora<\/b>: 1<span style=\"color: #ff00ff;\">2:00.<\/span><\/p>\n<p style=\"text-align: center;\">Esta actividad es oferta de la Biblioteca Municipal, por un Proyecto financiado por el Fondo de Fomento del Libro y la Lectura, Convocatoria 2016. Agradecemos esta oportunidad que nos brinda la Biblioteca Municipal de Isla de Maipo, para el fomento de la <span style=\"text-decoration: underline;\">lectura por placer<\/span> de todos nuestros alumnos de 4\u00b0 Medio.<\/p>\n","protected":false},"excerpt":{"rendered":"<p>INFORMACI\u00d3N DEL CRA La Compa\u00f1\u00eda \u201cTel\u00f3n Negro\u201d (Cuentacuentos, T\u00edteres y Teatro de sombras\u201d) representar\u00e1, para nuestros alumnos de 4\u00b0 Medio, la Trilog\u00eda Latinoamericana: \u201cSolo vine a llamar por tel\u00e9fono\u201d de Gabriel Garc\u00eda M\u00e1rquez. \u201cAntipoemas\u201d de Nicanor Parra. \u201cEl otro yo\u201d de Mario Benedetti. Lugar: Biblioteca del Colegio. D\u00eda: Viernes, 27 de mayo. Hora: 12:00. Esta [&hellip;]<\/p>\n","protected":false},"author":1,"featured_media":5514,"comment_status":"open","ping_status":"open","sticky":false,"template":"","format":"standard","meta":{"_et_pb_use_builder":"","_et_pb_old_content":"","_et_gb_content_width":"","footnotes":""},"categories":[3],"tags":[],"class_list":["post-5513","post","type-post","status-publish","format-standard","has-post-thumbnail","hentry","category-noticias"],"_links":{"self":[{"href":"https:\/\/colegiomariareina.cl\/2025\/wp-json\/wp\/v2\/posts\/5513","targetHints":{"allow":["GET"]}}],"collection":[{"href":"https:\/\/colegiomariareina.cl\/2025\/wp-json\/wp\/v2\/posts"}],"about":[{"href":"https:\/\/colegiomariareina.cl\/2025\/wp-json\/wp\/v2\/types\/post"}],"author":[{"embeddable":true,"href":"https:\/\/colegiomariareina.cl\/2025\/wp-json\/wp\/v2\/users\/1"}],"replies":[{"embeddable":true,"href":"https:\/\/colegiomariareina.cl\/2025\/wp-json\/wp\/v2\/comments?post=5513"}],"version-history":[{"count":1,"href":"https:\/\/colegiomariareina.cl\/2025\/wp-json\/wp\/v2\/posts\/5513\/revisions"}],"predecessor-version":[{"id":10572,"href":"https:\/\/colegiomariareina.cl\/2025\/wp-json\/wp\/v2\/posts\/5513\/revisions\/10572"}],"wp:featuredmedia":[{"embeddable":true,"href":"https:\/\/colegiomariareina.cl\/2025\/wp-json\/"}],"wp:attachment":[{"href":"https:\/\/colegiomariareina.cl\/2025\/wp-json\/wp\/v2\/media?parent=5513"}],"wp:term":[{"taxonomy":"category","embeddable":true,"href":"https:\/\/colegiomariareina.cl\/2025\/wp-json\/wp\/v2\/categories?post=5513"},{"taxonomy":"post_tag","embeddable":true,"href":"https:\/\/colegiomariareina.cl\/2025\/wp-json\/wp\/v2\/tags?post=5513"}],"curies":[{"name":"wp","href":"https:\/\/api.w.org\/{rel}","templated":true}]}}