{"id":5649,"date":"2016-08-28T21:27:41","date_gmt":"2016-08-28T21:27:41","guid":{"rendered":"http:\/\/colegiomariareina.cl\/2013\/?p=5649"},"modified":"2016-08-28T21:27:41","modified_gmt":"2016-08-28T21:27:41","slug":"solo-quedan-7-dias-para-que-tu-hijo-disfrute-de-unas-vacaciones-dieciocheras-centro-de-padres-cmri","status":"publish","type":"post","link":"https:\/\/colegiomariareina.cl\/2025\/solo-quedan-7-dias-para-que-tu-hijo-disfrute-de-unas-vacaciones-dieciocheras-centro-de-padres-cmri\/","title":{"rendered":"SOLO QUEDAN 7 D\u00cdAS PARA QUE TU HIJO DISFRUTE DE UNAS VACACIONES DIECIOCHERAS .- Centro de Padres CMRI."},"content":{"rendered":"<p align=\"center\">SOLO QUEDAN 7 D\u00cdAS PARA QUE TU HIJO DISFRUTE DE UNAS VACACIONES DIECIOCHERAS EN ESTOS PARQUES.<\/p>\n<p align=\"center\">AC\u00c9RCATE A CENTRO DE PADRES A CANCELAR CUOTA 2016 Y REGALA ENTRETENCI\u00d3N A TU HIJO<\/p>\n<p><iframe loading=\"lazy\" src=\"https:\/\/www.youtube.com\/embed\/uOFKHGwWJCc\" height=\"315\" width=\"560\" allowfullscreen=\"\" frameborder=\"0\"><\/iframe><\/p>\n","protected":false},"excerpt":{"rendered":"<p>SOLO QUEDAN 7 D\u00cdAS PARA QUE TU HIJO DISFRUTE DE UNAS VACACIONES DIECIOCHERAS EN ESTOS PARQUES. AC\u00c9RCATE A CENTRO DE PADRES A CANCELAR CUOTA 2016 Y REGALA ENTRETENCI\u00d3N A TU HIJO<\/p>\n","protected":false},"author":1,"featured_media":5667,"comment_status":"open","ping_status":"open","sticky":false,"template":"","format":"standard","meta":{"_et_pb_use_builder":"","_et_pb_old_content":"","_et_gb_content_width":"","footnotes":""},"categories":[3],"tags":[],"class_list":["post-5649","post","type-post","status-publish","format-standard","has-post-thumbnail","hentry","category-noticias"],"_links":{"self":[{"href":"https:\/\/colegiomariareina.cl\/2025\/wp-json\/wp\/v2\/posts\/5649","targetHints":{"allow":["GET"]}}],"collection":[{"href":"https:\/\/colegiomariareina.cl\/2025\/wp-json\/wp\/v2\/posts"}],"about":[{"href":"https:\/\/colegiomariareina.cl\/2025\/wp-json\/wp\/v2\/types\/post"}],"author":[{"embeddable":true,"href":"https:\/\/colegiomariareina.cl\/2025\/wp-json\/wp\/v2\/users\/1"}],"replies":[{"embeddable":true,"href":"https:\/\/colegiomariareina.cl\/2025\/wp-json\/wp\/v2\/comments?post=5649"}],"version-history":[{"count":0,"href":"https:\/\/colegiomariareina.cl\/2025\/wp-json\/wp\/v2\/posts\/5649\/revisions"}],"wp:featuredmedia":[{"embeddable":true,"href":"https:\/\/colegiomariareina.cl\/2025\/wp-json\/"}],"wp:attachment":[{"href":"https:\/\/colegiomariareina.cl\/2025\/wp-json\/wp\/v2\/media?parent=5649"}],"wp:term":[{"taxonomy":"category","embeddable":true,"href":"https:\/\/colegiomariareina.cl\/2025\/wp-json\/wp\/v2\/categories?post=5649"},{"taxonomy":"post_tag","embeddable":true,"href":"https:\/\/colegiomariareina.cl\/2025\/wp-json\/wp\/v2\/tags?post=5649"}],"curies":[{"name":"wp","href":"https:\/\/api.w.org\/{rel}","templated":true}]}}