{"id":5723,"date":"2016-08-31T23:25:25","date_gmt":"2016-08-31T23:25:25","guid":{"rendered":"http:\/\/colegiomariareina.cl\/2013\/?p=5723"},"modified":"2016-08-31T23:25:25","modified_gmt":"2016-08-31T23:25:25","slug":"muestra-de-ciencias-e-historia-31-de-agosto","status":"publish","type":"post","link":"https:\/\/colegiomariareina.cl\/2025\/muestra-de-ciencias-e-historia-31-de-agosto\/","title":{"rendered":"MUESTRA DE CIENCIAS E HISTORIA.- 31 de Agosto"},"content":{"rendered":"<h2 style=\"text-align: center;\">Compartimos con Uds. algunas de las im\u00e1genes de lo que fue el evento Muestra de <span style=\"color: #0000ff;\">Ciencias e Historia<\/span> realizados, por los alumnos del Colegio el d\u00eda 31 de Agosto.<\/h2>\n<p><span style=\"text-decoration: underline; color: #0000ff;\"><strong>MUESTRA DE HISTORIA<\/strong><\/span><\/p>\n<p style=\"text-align: justify;\">La muestra de historia\u00a0 ha tenido\u00a0 como prop\u00f3sito el desarrollo del conocimiento, habilidades y disposiciones que les permitan a los estudiantes comprender el entorno social y su devenir, para as\u00ed poder actuar cr\u00edtica y responsablemente en sociedad.<\/p>\n<p style=\"text-align: justify;\">De esta forma el trabajo se articul\u00f3 en potenciar las habilidades de identificaci\u00f3n, investigaci\u00f3n y an\u00e1lisis de tem\u00e1ticas problem\u00e1ticas del pasado y presente. Sin olvidar los principios de solidaridad, pluralismo, valoraci\u00f3n de la democracia e identidad nacional.<\/p>\n<p style=\"text-align: justify;\"><span style=\"text-decoration: underline; color: #0000ff;\"><strong>MUESTRA DE CIENCIAS<\/strong><\/span><\/p>\n<p style=\"text-align: justify;\">La \u00a0muestra de Ciencias tuvo como objetivo mostrar a todos los estudiantes los diferentes mecanismos de aprender elementos tales como la formaci\u00f3n del ser humano, las c\u00e9lulas, el viaje del sonido y diferentes experimentos pr\u00e1cticos que acercan al joven al mundo de la investigaci\u00f3n personal y el compartir con otras diferentes experiencias cient\u00edficas.<\/p>\n<p><iframe loading=\"lazy\" src=\"https:\/\/www.youtube.com\/embed\/yO3t3FmZ3jI\" height=\"315\" width=\"560\" allowfullscreen=\"\" frameborder=\"0\"><\/iframe><\/p>\n<p><iframe loading=\"lazy\" src=\"https:\/\/www.youtube.com\/embed\/gDX-0cSIRwk\" height=\"315\" width=\"560\" allowfullscreen=\"\" frameborder=\"0\"><\/iframe><\/p>\n","protected":false},"excerpt":{"rendered":"<p>Compartimos con Uds. algunas de las im\u00e1genes de lo que fue el evento Muestra de Ciencias e Historia realizados, por los alumnos del Colegio el d\u00eda 31 de Agosto. MUESTRA DE HISTORIA La muestra de historia\u00a0 ha tenido\u00a0 como prop\u00f3sito el desarrollo del conocimiento, habilidades y disposiciones que les permitan a los estudiantes comprender el [&hellip;]<\/p>\n","protected":false},"author":1,"featured_media":0,"comment_status":"open","ping_status":"open","sticky":false,"template":"","format":"standard","meta":{"_et_pb_use_builder":"","_et_pb_old_content":"","_et_gb_content_width":"","footnotes":""},"categories":[3],"tags":[],"class_list":["post-5723","post","type-post","status-publish","format-standard","hentry","category-noticias"],"_links":{"self":[{"href":"https:\/\/colegiomariareina.cl\/2025\/wp-json\/wp\/v2\/posts\/5723","targetHints":{"allow":["GET"]}}],"collection":[{"href":"https:\/\/colegiomariareina.cl\/2025\/wp-json\/wp\/v2\/posts"}],"about":[{"href":"https:\/\/colegiomariareina.cl\/2025\/wp-json\/wp\/v2\/types\/post"}],"author":[{"embeddable":true,"href":"https:\/\/colegiomariareina.cl\/2025\/wp-json\/wp\/v2\/users\/1"}],"replies":[{"embeddable":true,"href":"https:\/\/colegiomariareina.cl\/2025\/wp-json\/wp\/v2\/comments?post=5723"}],"version-history":[{"count":0,"href":"https:\/\/colegiomariareina.cl\/2025\/wp-json\/wp\/v2\/posts\/5723\/revisions"}],"wp:attachment":[{"href":"https:\/\/colegiomariareina.cl\/2025\/wp-json\/wp\/v2\/media?parent=5723"}],"wp:term":[{"taxonomy":"category","embeddable":true,"href":"https:\/\/colegiomariareina.cl\/2025\/wp-json\/wp\/v2\/categories?post=5723"},{"taxonomy":"post_tag","embeddable":true,"href":"https:\/\/colegiomariareina.cl\/2025\/wp-json\/wp\/v2\/tags?post=5723"}],"curies":[{"name":"wp","href":"https:\/\/api.w.org\/{rel}","templated":true}]}}