{"id":5755,"date":"2016-09-07T22:34:06","date_gmt":"2016-09-07T22:34:06","guid":{"rendered":"http:\/\/colegiomariareina.cl\/2013\/?p=5755"},"modified":"2016-09-07T22:34:06","modified_gmt":"2016-09-07T22:34:06","slug":"viaje-de-estudio-iv-medio-generacion-2016-27-de-agosto-al-viernes-02-de-septiembre","status":"publish","type":"post","link":"https:\/\/colegiomariareina.cl\/2025\/viaje-de-estudio-iv-medio-generacion-2016-27-de-agosto-al-viernes-02-de-septiembre\/","title":{"rendered":"VIAJE DE ESTUDIO  IV MEDIO GENERACI\u00d3N 2016.- 27 de Agosto al Viernes 02 de Septiembre"},"content":{"rendered":"<h1 style=\"text-align: center;\"><b>VIAJE DE ESTUDIO\u00a0 IV MEDIO GENERACI\u00d3N 2016<\/b><\/h1>\n<p>&nbsp;<\/p>\n<p style=\"text-align: justify;\">Recorrido sur de Chile: Chilo\u00e9, Castro, Puerto Montt, Puerto Varas, Frutillar, Puc\u00f3n Villarrica, Co\u00f1aripe,\u00a0 Licanray.<\/p>\n<p style=\"text-align: justify;\">Salida desde nuestro colegio el s\u00e1bado 27 de agosto al viernes 02 de septiembre,\u00a0 llegando en la ma\u00f1ana a las puertas del establecimiento.<\/p>\n<p style=\"text-align: justify;\">40 estudiantes y dos profesores a cargo: Sra. Gislene Sieyes Tutora de IV Procesamiento de la Madera y el Sr.\u00a0 Miguel \u00c1ngel Cortez\u00a0 Tutor de IV Adulto Mayor.<\/p>\n<p style=\"text-align: justify;\">Fueron 6 intensos d\u00edas de convivencia, de conocimiento, de viajar y de empaparse de la belleza del sur de nuestro Chile querido.<\/p>\n<p style=\"text-align: justify;\">Ver como los j\u00f3venes disfrutaron cada lugar, cada actividad que se organiz\u00f3, v\u00e1lida cada a\u00f1o la realizaci\u00f3n de esta actividad.<\/p>\n<p style=\"text-align: justify;\">Se maravillaron con la majestuosidad de los volcanes, la inmensidad de los lagos y\u2026 la calidez de las personas que fueron conociendo.<\/p>\n<p style=\"text-align: justify;\">Muchos no conoc\u00edan los lugares visitados y otros reconoc\u00edan que no ser\u00e1 f\u00e1cil volver.\u00a0 Sab\u00edan que deb\u00edan aprovechar cada momento, espacio y paisaje para conocer, mediante visitas a museos, Canopy, Termas, recorridos guiados, en bus en botes, caminando como sea.<\/p>\n<p style=\"text-align: justify;\"><a href=\"http:\/\/colegiomariareina.cl\/2013\/wp-content\/uploads\/2016\/09\/DSC00002.jpg\"><img loading=\"lazy\" decoding=\"async\" class=\"alignleft size-thumbnail wp-image-5756\" alt=\"DSC00002\" src=\"http:\/\/colegiomariareina.cl\/2013\/wp-content\/uploads\/2016\/09\/DSC00002-100x100.jpg\" width=\"100\" height=\"100\" \/><\/a> <a href=\"http:\/\/colegiomariareina.cl\/2013\/wp-content\/uploads\/2016\/09\/DSC00003.jpg\"><img loading=\"lazy\" decoding=\"async\" class=\"alignleft size-thumbnail wp-image-5757\" alt=\"DSC00003\" src=\"http:\/\/colegiomariareina.cl\/2013\/wp-content\/uploads\/2016\/09\/DSC00003-100x100.jpg\" width=\"100\" height=\"100\" \/><\/a> <a href=\"http:\/\/colegiomariareina.cl\/2013\/wp-content\/uploads\/2016\/09\/DSC00023.jpg\"><img loading=\"lazy\" decoding=\"async\" class=\"alignleft size-thumbnail wp-image-5758\" alt=\"DSC00023\" src=\"http:\/\/colegiomariareina.cl\/2013\/wp-content\/uploads\/2016\/09\/DSC00023-100x100.jpg\" width=\"100\" height=\"100\" \/><\/a> <a href=\"http:\/\/colegiomariareina.cl\/2013\/wp-content\/uploads\/2016\/09\/DSC00028.jpg\"><img loading=\"lazy\" decoding=\"async\" class=\"alignleft size-thumbnail wp-image-5759\" alt=\"DSC00028\" src=\"http:\/\/colegiomariareina.cl\/2013\/wp-content\/uploads\/2016\/09\/DSC00028-100x100.jpg\" width=\"100\" height=\"100\" \/><\/a> <a href=\"http:\/\/colegiomariareina.cl\/2013\/wp-content\/uploads\/2016\/09\/DSC00035.jpg\"><img loading=\"lazy\" decoding=\"async\" class=\"alignleft size-thumbnail wp-image-5760\" alt=\"DSC00035\" src=\"http:\/\/colegiomariareina.cl\/2013\/wp-content\/uploads\/2016\/09\/DSC00035-100x100.jpg\" width=\"100\" height=\"100\" \/><\/a> <a href=\"http:\/\/colegiomariareina.cl\/2013\/wp-content\/uploads\/2016\/09\/DSC00042.jpg\"><img loading=\"lazy\" decoding=\"async\" class=\"alignleft size-thumbnail wp-image-5761\" alt=\"DSC00042\" src=\"http:\/\/colegiomariareina.cl\/2013\/wp-content\/uploads\/2016\/09\/DSC00042-100x100.jpg\" width=\"100\" height=\"100\" \/><\/a> <a href=\"http:\/\/colegiomariareina.cl\/2013\/wp-content\/uploads\/2016\/09\/DSC00047.jpg\"><img loading=\"lazy\" decoding=\"async\" class=\"alignleft size-thumbnail wp-image-5762\" alt=\"DSC00047\" src=\"http:\/\/colegiomariareina.cl\/2013\/wp-content\/uploads\/2016\/09\/DSC00047-100x100.jpg\" width=\"100\" height=\"100\" \/><\/a> <a href=\"http:\/\/colegiomariareina.cl\/2013\/wp-content\/uploads\/2016\/09\/DSC00067.jpg\"><img loading=\"lazy\" decoding=\"async\" class=\"alignleft size-thumbnail wp-image-5763\" alt=\"DSC00067\" src=\"http:\/\/colegiomariareina.cl\/2013\/wp-content\/uploads\/2016\/09\/DSC00067-100x100.jpg\" width=\"100\" height=\"100\" \/><\/a> <a href=\"http:\/\/colegiomariareina.cl\/2013\/wp-content\/uploads\/2016\/09\/DSC00071.jpg\"><img loading=\"lazy\" decoding=\"async\" class=\"alignleft size-thumbnail wp-image-5764\" alt=\"DSC00071\" src=\"http:\/\/colegiomariareina.cl\/2013\/wp-content\/uploads\/2016\/09\/DSC00071-100x100.jpg\" width=\"100\" height=\"100\" \/><\/a> <a href=\"http:\/\/colegiomariareina.cl\/2013\/wp-content\/uploads\/2016\/09\/DSC00072.jpg\"><img loading=\"lazy\" decoding=\"async\" class=\"alignleft size-thumbnail wp-image-5765\" alt=\"DSC00072\" src=\"http:\/\/colegiomariareina.cl\/2013\/wp-content\/uploads\/2016\/09\/DSC00072-100x100.jpg\" width=\"100\" height=\"100\" \/><\/a> <a href=\"http:\/\/colegiomariareina.cl\/2013\/wp-content\/uploads\/2016\/09\/DSC00077.jpg\"><img loading=\"lazy\" decoding=\"async\" class=\"alignleft size-thumbnail wp-image-5766\" alt=\"DSC00077\" src=\"http:\/\/colegiomariareina.cl\/2013\/wp-content\/uploads\/2016\/09\/DSC00077-100x100.jpg\" width=\"100\" height=\"100\" \/><\/a> <a href=\"http:\/\/colegiomariareina.cl\/2013\/wp-content\/uploads\/2016\/09\/DSC00079.jpg\"><img loading=\"lazy\" decoding=\"async\" class=\"alignleft size-thumbnail wp-image-5767\" alt=\"DSC00079\" src=\"http:\/\/colegiomariareina.cl\/2013\/wp-content\/uploads\/2016\/09\/DSC00079-100x100.jpg\" width=\"100\" height=\"100\" \/><\/a> <a href=\"http:\/\/colegiomariareina.cl\/2013\/wp-content\/uploads\/2016\/09\/DSC00101.jpg\"><img loading=\"lazy\" decoding=\"async\" class=\"alignleft size-thumbnail wp-image-5768\" alt=\"DSC00101\" src=\"http:\/\/colegiomariareina.cl\/2013\/wp-content\/uploads\/2016\/09\/DSC00101-100x100.jpg\" width=\"100\" height=\"100\" \/><\/a> <a href=\"http:\/\/colegiomariareina.cl\/2013\/wp-content\/uploads\/2016\/09\/DSC00119.jpg\"><img loading=\"lazy\" decoding=\"async\" class=\"alignleft size-thumbnail wp-image-5769\" alt=\"DSC00119\" src=\"http:\/\/colegiomariareina.cl\/2013\/wp-content\/uploads\/2016\/09\/DSC00119-100x100.jpg\" width=\"100\" height=\"100\" \/><\/a> <a href=\"http:\/\/colegiomariareina.cl\/2013\/wp-content\/uploads\/2016\/09\/DSC00120.jpg\"><img loading=\"lazy\" decoding=\"async\" class=\"alignleft size-thumbnail wp-image-5770\" alt=\"DSC00120\" src=\"http:\/\/colegiomariareina.cl\/2013\/wp-content\/uploads\/2016\/09\/DSC00120-100x100.jpg\" width=\"100\" height=\"100\" \/><\/a> <a href=\"http:\/\/colegiomariareina.cl\/2013\/wp-content\/uploads\/2016\/09\/DSC00121.jpg\"><img loading=\"lazy\" decoding=\"async\" class=\"alignleft size-thumbnail wp-image-5771\" alt=\"DSC00121\" src=\"http:\/\/colegiomariareina.cl\/2013\/wp-content\/uploads\/2016\/09\/DSC00121-100x100.jpg\" width=\"100\" height=\"100\" \/><\/a> <a href=\"http:\/\/colegiomariareina.cl\/2013\/wp-content\/uploads\/2016\/09\/DSC00124.jpg\"><img loading=\"lazy\" decoding=\"async\" class=\"alignleft size-thumbnail wp-image-5772\" alt=\"DSC00124\" src=\"http:\/\/colegiomariareina.cl\/2013\/wp-content\/uploads\/2016\/09\/DSC00124-100x100.jpg\" width=\"100\" height=\"100\" \/><\/a> <a href=\"http:\/\/colegiomariareina.cl\/2013\/wp-content\/uploads\/2016\/09\/DSC00137.jpg\"><img loading=\"lazy\" decoding=\"async\" class=\"alignleft size-thumbnail wp-image-5773\" alt=\"DSC00137\" src=\"http:\/\/colegiomariareina.cl\/2013\/wp-content\/uploads\/2016\/09\/DSC00137-100x100.jpg\" width=\"100\" height=\"100\" \/><\/a> <a href=\"http:\/\/colegiomariareina.cl\/2013\/wp-content\/uploads\/2016\/09\/DSC00147.jpg\"><img loading=\"lazy\" decoding=\"async\" class=\"alignleft size-thumbnail wp-image-5774\" alt=\"DSC00147\" src=\"http:\/\/colegiomariareina.cl\/2013\/wp-content\/uploads\/2016\/09\/DSC00147-100x100.jpg\" width=\"100\" height=\"100\" \/><\/a> <a href=\"http:\/\/colegiomariareina.cl\/2013\/wp-content\/uploads\/2016\/09\/DSC09934.jpg\"><img loading=\"lazy\" decoding=\"async\" class=\"alignleft size-thumbnail wp-image-5775\" alt=\"DSC09934\" src=\"http:\/\/colegiomariareina.cl\/2013\/wp-content\/uploads\/2016\/09\/DSC09934-100x100.jpg\" width=\"100\" height=\"100\" \/><\/a> <a href=\"http:\/\/colegiomariareina.cl\/2013\/wp-content\/uploads\/2016\/09\/DSC09935.jpg\"><img loading=\"lazy\" decoding=\"async\" class=\"alignleft size-thumbnail wp-image-5776\" alt=\"DSC09935\" src=\"http:\/\/colegiomariareina.cl\/2013\/wp-content\/uploads\/2016\/09\/DSC09935-100x100.jpg\" width=\"100\" height=\"100\" \/><\/a> <a href=\"http:\/\/colegiomariareina.cl\/2013\/wp-content\/uploads\/2016\/09\/DSC09945.jpg\"><img loading=\"lazy\" decoding=\"async\" class=\"alignleft size-thumbnail wp-image-5777\" alt=\"DSC09945\" src=\"http:\/\/colegiomariareina.cl\/2013\/wp-content\/uploads\/2016\/09\/DSC09945-100x100.jpg\" width=\"100\" height=\"100\" \/><\/a> <a href=\"http:\/\/colegiomariareina.cl\/2013\/wp-content\/uploads\/2016\/09\/DSC09946.jpg\"><img loading=\"lazy\" decoding=\"async\" class=\"alignleft size-thumbnail wp-image-5778\" alt=\"DSC09946\" src=\"http:\/\/colegiomariareina.cl\/2013\/wp-content\/uploads\/2016\/09\/DSC09946-100x100.jpg\" width=\"100\" height=\"100\" \/><\/a> <a href=\"http:\/\/colegiomariareina.cl\/2013\/wp-content\/uploads\/2016\/09\/DSC09958.jpg\"><img loading=\"lazy\" decoding=\"async\" class=\"alignleft size-thumbnail wp-image-5779\" alt=\"DSC09958\" src=\"http:\/\/colegiomariareina.cl\/2013\/wp-content\/uploads\/2016\/09\/DSC09958-100x100.jpg\" width=\"100\" height=\"100\" \/><\/a><\/p>\n","protected":false},"excerpt":{"rendered":"<p>VIAJE DE ESTUDIO\u00a0 IV MEDIO GENERACI\u00d3N 2016 &nbsp; Recorrido sur de Chile: Chilo\u00e9, Castro, Puerto Montt, Puerto Varas, Frutillar, Puc\u00f3n Villarrica, Co\u00f1aripe,\u00a0 Licanray. Salida desde nuestro colegio el s\u00e1bado 27 de agosto al viernes 02 de septiembre,\u00a0 llegando en la ma\u00f1ana a las puertas del establecimiento. 40 estudiantes y dos profesores a cargo: Sra. Gislene [&hellip;]<\/p>\n","protected":false},"author":1,"featured_media":5757,"comment_status":"open","ping_status":"open","sticky":false,"template":"","format":"standard","meta":{"_et_pb_use_builder":"","_et_pb_old_content":"","_et_gb_content_width":"","footnotes":""},"categories":[3],"tags":[],"class_list":["post-5755","post","type-post","status-publish","format-standard","has-post-thumbnail","hentry","category-noticias"],"_links":{"self":[{"href":"https:\/\/colegiomariareina.cl\/2025\/wp-json\/wp\/v2\/posts\/5755","targetHints":{"allow":["GET"]}}],"collection":[{"href":"https:\/\/colegiomariareina.cl\/2025\/wp-json\/wp\/v2\/posts"}],"about":[{"href":"https:\/\/colegiomariareina.cl\/2025\/wp-json\/wp\/v2\/types\/post"}],"author":[{"embeddable":true,"href":"https:\/\/colegiomariareina.cl\/2025\/wp-json\/wp\/v2\/users\/1"}],"replies":[{"embeddable":true,"href":"https:\/\/colegiomariareina.cl\/2025\/wp-json\/wp\/v2\/comments?post=5755"}],"version-history":[{"count":0,"href":"https:\/\/colegiomariareina.cl\/2025\/wp-json\/wp\/v2\/posts\/5755\/revisions"}],"wp:featuredmedia":[{"embeddable":true,"href":"https:\/\/colegiomariareina.cl\/2025\/wp-json\/"}],"wp:attachment":[{"href":"https:\/\/colegiomariareina.cl\/2025\/wp-json\/wp\/v2\/media?parent=5755"}],"wp:term":[{"taxonomy":"category","embeddable":true,"href":"https:\/\/colegiomariareina.cl\/2025\/wp-json\/wp\/v2\/categories?post=5755"},{"taxonomy":"post_tag","embeddable":true,"href":"https:\/\/colegiomariareina.cl\/2025\/wp-json\/wp\/v2\/tags?post=5755"}],"curies":[{"name":"wp","href":"https:\/\/api.w.org\/{rel}","templated":true}]}}