{"id":5957,"date":"2016-11-29T14:50:40","date_gmt":"2016-11-29T14:50:40","guid":{"rendered":"http:\/\/colegiomariareina.cl\/2013\/?p=5957"},"modified":"2016-11-29T14:50:40","modified_gmt":"2016-11-29T14:50:40","slug":"aviso-de-reunion-de-sub-centro-jueves-01-diciembre-a-las-1900-hrs","status":"publish","type":"post","link":"https:\/\/colegiomariareina.cl\/2025\/aviso-de-reunion-de-sub-centro-jueves-01-diciembre-a-las-1900-hrs\/","title":{"rendered":"AVISO DE REUNI\u00d3N DE SUB-CENTRO &#8211; JUEVES 01 DICIEMBRE A LAS 19:00 HRS"},"content":{"rendered":"<p><strong>AVISO DE REUNI\u00d3N DE SUB-CENTRO &#8211; JUEVES 01 DICIEMBRE A LAS 19:00 HRS<\/strong><\/p>\n<p>Centro de Padres, cita a las directivas de cada curso al \u00faltimo encuentro de sub-centro este <span style=\"color: #0000ff;\">jueves 01 dic. a las 19 hrs.<\/span><br \/>\n<span style=\"text-decoration: underline;\"><strong>Pauta Reuni\u00f3n\u00a0<\/strong><\/span><\/p>\n<p>&#8211; Informe de egresos e ingresos a\u00f1o 2016.<br \/>\n&#8211; Licitaci\u00f3n del Kiosco.<br \/>\n&#8211; Informaciones varias.<\/p>\n<p>Les esperamos.<br \/>\nLA DIRECTIVA CENTRO DE PADRES.<\/p>\n","protected":false},"excerpt":{"rendered":"<p>AVISO DE REUNI\u00d3N DE SUB-CENTRO &#8211; JUEVES 01 DICIEMBRE A LAS 19:00 HRS Centro de Padres, cita a las directivas de cada curso al \u00faltimo encuentro de sub-centro este jueves 01 dic. a las 19 hrs. Pauta Reuni\u00f3n\u00a0 &#8211; Informe de egresos e ingresos a\u00f1o 2016. &#8211; Licitaci\u00f3n del Kiosco. &#8211; Informaciones varias. Les esperamos. [&hellip;]<\/p>\n","protected":false},"author":1,"featured_media":5958,"comment_status":"open","ping_status":"open","sticky":false,"template":"","format":"standard","meta":{"_et_pb_use_builder":"","_et_pb_old_content":"","_et_gb_content_width":"","footnotes":""},"categories":[3],"tags":[],"class_list":["post-5957","post","type-post","status-publish","format-standard","has-post-thumbnail","hentry","category-noticias"],"_links":{"self":[{"href":"https:\/\/colegiomariareina.cl\/2025\/wp-json\/wp\/v2\/posts\/5957","targetHints":{"allow":["GET"]}}],"collection":[{"href":"https:\/\/colegiomariareina.cl\/2025\/wp-json\/wp\/v2\/posts"}],"about":[{"href":"https:\/\/colegiomariareina.cl\/2025\/wp-json\/wp\/v2\/types\/post"}],"author":[{"embeddable":true,"href":"https:\/\/colegiomariareina.cl\/2025\/wp-json\/wp\/v2\/users\/1"}],"replies":[{"embeddable":true,"href":"https:\/\/colegiomariareina.cl\/2025\/wp-json\/wp\/v2\/comments?post=5957"}],"version-history":[{"count":0,"href":"https:\/\/colegiomariareina.cl\/2025\/wp-json\/wp\/v2\/posts\/5957\/revisions"}],"wp:featuredmedia":[{"embeddable":true,"href":"https:\/\/colegiomariareina.cl\/2025\/wp-json\/"}],"wp:attachment":[{"href":"https:\/\/colegiomariareina.cl\/2025\/wp-json\/wp\/v2\/media?parent=5957"}],"wp:term":[{"taxonomy":"category","embeddable":true,"href":"https:\/\/colegiomariareina.cl\/2025\/wp-json\/wp\/v2\/categories?post=5957"},{"taxonomy":"post_tag","embeddable":true,"href":"https:\/\/colegiomariareina.cl\/2025\/wp-json\/wp\/v2\/tags?post=5957"}],"curies":[{"name":"wp","href":"https:\/\/api.w.org\/{rel}","templated":true}]}}