{"id":6017,"date":"2016-11-29T16:00:33","date_gmt":"2016-11-29T16:00:33","guid":{"rendered":"http:\/\/colegiomariareina.cl\/2013\/?p=6017"},"modified":"2016-11-29T16:00:33","modified_gmt":"2016-11-29T16:00:33","slug":"capeonato","status":"publish","type":"post","link":"https:\/\/colegiomariareina.cl\/2025\/capeonato\/","title":{"rendered":"CAMPEONATO F\u00daTBOL ESCOLAR A\u00d1O 2016.- Octubre y Noviembre"},"content":{"rendered":"<p style=\"text-align: justify;\">\u00a0 \u00a0 \u00a0 \u00a0 \u00a0 \u00a0 \u00a0 \u00a0 \u00a0Nuestro establecimiento durante el pasado mes de Octubre y Noviembre particip\u00f3 en el campeonato de f\u00fatbol escolar a\u00f1o 2016 en las categor\u00edas de ni\u00f1os y ni\u00f1as a\u00f1os 2004 \/ 2005 y 2006 \/ 2007. Obteniendo muy buenos resultados en la fase de grupos, y destac\u00e1ndose la categor\u00eda de ni\u00f1as a\u00f1o 2004 \/ 2005 que obtuvieron el segundo lugar de la competencia a nivel comunal. Felicitamos a todos quienes participaron en este campeonato.<\/p>\n<p><strong>DEPARTAMENTO EDUC.F\u00cdSICA.\u00a0 \u00a0<\/strong><\/p>\n<p>&nbsp;<\/p>\n<p><a href=\"http:\/\/colegiomariareina.cl\/2013\/wp-content\/uploads\/2016\/11\/camp1.jpg\"><img loading=\"lazy\" decoding=\"async\" class=\"alignleft size-thumbnail wp-image-6018\" alt=\"camp1\" src=\"http:\/\/colegiomariareina.cl\/2013\/wp-content\/uploads\/2016\/11\/camp1-100x100.jpg\" width=\"100\" height=\"100\" \/><\/a> <a href=\"http:\/\/colegiomariareina.cl\/2013\/wp-content\/uploads\/2016\/11\/campeo2.jpg\"><img loading=\"lazy\" decoding=\"async\" class=\"alignleft size-thumbnail wp-image-6019\" alt=\"campeo2\" src=\"http:\/\/colegiomariareina.cl\/2013\/wp-content\/uploads\/2016\/11\/campeo2-100x100.jpg\" width=\"100\" height=\"100\" \/><\/a> <a href=\"http:\/\/colegiomariareina.cl\/2013\/wp-content\/uploads\/2016\/11\/campeo3.jpg\"><img loading=\"lazy\" decoding=\"async\" class=\"alignleft size-thumbnail wp-image-6020\" alt=\"campeo3\" src=\"http:\/\/colegiomariareina.cl\/2013\/wp-content\/uploads\/2016\/11\/campeo3-100x100.jpg\" width=\"100\" height=\"100\" \/><\/a> <a href=\"http:\/\/colegiomariareina.cl\/2013\/wp-content\/uploads\/2016\/11\/campeo4.jpg\"><img loading=\"lazy\" decoding=\"async\" class=\"alignleft size-thumbnail wp-image-6021\" alt=\"campeo4\" src=\"http:\/\/colegiomariareina.cl\/2013\/wp-content\/uploads\/2016\/11\/campeo4-100x100.jpg\" width=\"100\" height=\"100\" \/><\/a><\/p>\n","protected":false},"excerpt":{"rendered":"<p>\u00a0 \u00a0 \u00a0 \u00a0 \u00a0 \u00a0 \u00a0 \u00a0 \u00a0Nuestro establecimiento durante el pasado mes de Octubre y Noviembre particip\u00f3 en el campeonato de f\u00fatbol escolar a\u00f1o 2016 en las categor\u00edas de ni\u00f1os y ni\u00f1as a\u00f1os 2004 \/ 2005 y 2006 \/ 2007. Obteniendo muy buenos resultados en la fase de grupos, y destac\u00e1ndose la categor\u00eda [&hellip;]<\/p>\n","protected":false},"author":1,"featured_media":6021,"comment_status":"open","ping_status":"open","sticky":false,"template":"","format":"standard","meta":{"_et_pb_use_builder":"","_et_pb_old_content":"","_et_gb_content_width":"","footnotes":""},"categories":[3],"tags":[],"class_list":["post-6017","post","type-post","status-publish","format-standard","has-post-thumbnail","hentry","category-noticias"],"_links":{"self":[{"href":"https:\/\/colegiomariareina.cl\/2025\/wp-json\/wp\/v2\/posts\/6017","targetHints":{"allow":["GET"]}}],"collection":[{"href":"https:\/\/colegiomariareina.cl\/2025\/wp-json\/wp\/v2\/posts"}],"about":[{"href":"https:\/\/colegiomariareina.cl\/2025\/wp-json\/wp\/v2\/types\/post"}],"author":[{"embeddable":true,"href":"https:\/\/colegiomariareina.cl\/2025\/wp-json\/wp\/v2\/users\/1"}],"replies":[{"embeddable":true,"href":"https:\/\/colegiomariareina.cl\/2025\/wp-json\/wp\/v2\/comments?post=6017"}],"version-history":[{"count":0,"href":"https:\/\/colegiomariareina.cl\/2025\/wp-json\/wp\/v2\/posts\/6017\/revisions"}],"wp:featuredmedia":[{"embeddable":true,"href":"https:\/\/colegiomariareina.cl\/2025\/wp-json\/"}],"wp:attachment":[{"href":"https:\/\/colegiomariareina.cl\/2025\/wp-json\/wp\/v2\/media?parent=6017"}],"wp:term":[{"taxonomy":"category","embeddable":true,"href":"https:\/\/colegiomariareina.cl\/2025\/wp-json\/wp\/v2\/categories?post=6017"},{"taxonomy":"post_tag","embeddable":true,"href":"https:\/\/colegiomariareina.cl\/2025\/wp-json\/wp\/v2\/tags?post=6017"}],"curies":[{"name":"wp","href":"https:\/\/api.w.org\/{rel}","templated":true}]}}