{"id":6151,"date":"2017-03-04T19:17:55","date_gmt":"2017-03-04T19:17:55","guid":{"rendered":"http:\/\/colegiomariareina.cl\/2013\/?p=6151"},"modified":"2017-03-04T19:17:55","modified_gmt":"2017-03-04T19:17:55","slug":"informativo-buses-de-acercamiento-cmri-a-partir-del-lunes-6-de-marzo","status":"publish","type":"post","link":"https:\/\/colegiomariareina.cl\/2025\/informativo-buses-de-acercamiento-cmri-a-partir-del-lunes-6-de-marzo\/","title":{"rendered":"[INFORMATIVO]. BUSES DE ACERCAMIENTO CMRI A PARTIR DEL LUNES 6 DE MARZO.-"},"content":{"rendered":"<h2 style=\"text-align: center;\">Se informa a la Comunidad Escolar para este a\u00f1o <strong>2017<\/strong>, solo estar\u00e1n disponibles los buses de acercamiento que inician su recorrido desde Lonqu\u00e9n y Talagante.<\/h2>\n<h2 style=\"text-align: center;\">El servicio comenzar\u00e1 a partir del <strong>Lunes 6 de Marzo<\/strong>, con el mismo horario de a\u00f1os anteriores.<\/h2>\n<h2 style=\"text-align: center;\"><\/h2>\n<h2 style=\"text-align: center;\">Agradeciendo vuestra atenci\u00f3n.<\/h2>\n<h2 style=\"text-align: center;\">Cordialmente<\/h2>\n<p>&nbsp;<\/p>\n<h1 style=\"text-align: center;\"><b>LA DIRECCI\u00d3N<\/b><\/h1>\n","protected":false},"excerpt":{"rendered":"<p>Se informa a la Comunidad Escolar para este a\u00f1o 2017, solo estar\u00e1n disponibles los buses de acercamiento que inician su recorrido desde Lonqu\u00e9n y Talagante. El servicio comenzar\u00e1 a partir del Lunes 6 de Marzo, con el mismo horario de a\u00f1os anteriores. Agradeciendo vuestra atenci\u00f3n. Cordialmente &nbsp; LA DIRECCI\u00d3N<\/p>\n","protected":false},"author":1,"featured_media":6152,"comment_status":"open","ping_status":"open","sticky":false,"template":"","format":"standard","meta":{"_et_pb_use_builder":"","_et_pb_old_content":"","_et_gb_content_width":"","footnotes":""},"categories":[3],"tags":[],"class_list":["post-6151","post","type-post","status-publish","format-standard","has-post-thumbnail","hentry","category-noticias"],"_links":{"self":[{"href":"https:\/\/colegiomariareina.cl\/2025\/wp-json\/wp\/v2\/posts\/6151","targetHints":{"allow":["GET"]}}],"collection":[{"href":"https:\/\/colegiomariareina.cl\/2025\/wp-json\/wp\/v2\/posts"}],"about":[{"href":"https:\/\/colegiomariareina.cl\/2025\/wp-json\/wp\/v2\/types\/post"}],"author":[{"embeddable":true,"href":"https:\/\/colegiomariareina.cl\/2025\/wp-json\/wp\/v2\/users\/1"}],"replies":[{"embeddable":true,"href":"https:\/\/colegiomariareina.cl\/2025\/wp-json\/wp\/v2\/comments?post=6151"}],"version-history":[{"count":0,"href":"https:\/\/colegiomariareina.cl\/2025\/wp-json\/wp\/v2\/posts\/6151\/revisions"}],"wp:featuredmedia":[{"embeddable":true,"href":"https:\/\/colegiomariareina.cl\/2025\/wp-json\/"}],"wp:attachment":[{"href":"https:\/\/colegiomariareina.cl\/2025\/wp-json\/wp\/v2\/media?parent=6151"}],"wp:term":[{"taxonomy":"category","embeddable":true,"href":"https:\/\/colegiomariareina.cl\/2025\/wp-json\/wp\/v2\/categories?post=6151"},{"taxonomy":"post_tag","embeddable":true,"href":"https:\/\/colegiomariareina.cl\/2025\/wp-json\/wp\/v2\/tags?post=6151"}],"curies":[{"name":"wp","href":"https:\/\/api.w.org\/{rel}","templated":true}]}}